{"id":12688,"date":"2009-07-31T21:03:12","date_gmt":"2009-07-31T18:03:12","guid":{"rendered":"http:\/\/www.korhanyilmaz.com\/?p=12688"},"modified":"2009-07-31T21:03:12","modified_gmt":"2009-07-31T18:03:12","slug":"turkun-3gsi","status":"publish","type":"post","link":"http:\/\/www.korhanyilmaz.com\/?p=12688","title":{"rendered":"T\u00fcrk&#039;\u00fcn 3G&#039;si&#8230;"},"content":{"rendered":"<div id=\"attachment_12689\" style=\"width: 433px\" class=\"wp-caption aligncenter\"><a href=\"http:\/\/www.korhanyilmaz.com\/wp-content\/uploads\/2009\/08\/090731-vedosmemo.hmedium.jpg\"  class=\"lightview\"><img loading=\"lazy\" decoding=\"async\" aria-describedby=\"caption-attachment-12689\" class=\"size-full wp-image-12689\" src=\"http:\/\/www.korhanyilmaz.com\/wp-content\/uploads\/2009\/08\/090731-vedosmemo.hmedium.jpg\" alt=\"Vedat \u00d6zdemiro\u011flu ve Mehmet \u00c7a\u011f\u00e7a\u011f'dan 3G yorumlar\u0131...\" width=\"423\" height=\"166\" \/><\/a><p id=\"caption-attachment-12689\" class=\"wp-caption-text\">Vedat \u00d6zdemiro\u011flu ve Mehmet \u00c7a\u011f\u00e7a\u011f&#39;dan 3G yorumlar\u0131...<\/p><\/div>\n<p style=\"text-align: justify;\">3G teknolojisi ile tan\u0131\u015fan T\u00fcrkiye&#8217;de art\u0131k cep telefonundan g\u00f6r\u00fcnt\u00fcl\u00fc haberle\u015fmek m\u00fcmk\u00fcn. Vedat \u00d6zdemiro\u011flu&#8217;na g\u00f6re T\u00fcrk\u2019\u00fcn 3G\u2019si &#8216;g\u00f6\u011f\u00fcs, g\u00f6bek ve di\u011fer g&#8230; Mehmet \u00c7a\u011f\u00e7a\u011f&#8217;a g\u00f6re de g\u00f6z, g\u00f6z ve \u00fc\u00e7\u00fcnc\u00fc g\u00f6z&#8230;<\/p>\n<p style=\"text-align: justify;\">\u0130STANBUL &#8211; &#8220;T\u00fcrk\u2019\u00fcn 3G\u2019si g\u00f6\u011f\u00fcs, g\u00f6bek ve di\u011fer g dir. 3G s\u00fcnnet d\u00fc\u011f\u00fcn\u00fcnde g\u00f6stereninden, be\u015f dakikada bir arayan\u0131na kadar \u00f6nce bir ya\u011fmalanacak ama her\u015fey \u00e7abuk eskiyor. Bir s\u00fcre sonra insanlarda s\u0131k\u0131l\u0131rlar.&#8221;<\/p>\n<p style=\"text-align: justify;\">Mizah yazar\u0131 Vedat \u00d6zdemiro\u011flu, T\u00fcrk insan\u0131n\u0131n 3G anlay\u0131\u015f\u0131n\u0131 bu s\u00f6zlerle anlat\u0131yor. \u00d6zdemiro\u011flu \u015f\u00f6yle devam ediyor:<\/p>\n<p style=\"text-align: justify;\">&#8220;\u015eimdiden 3. sayfada 3G ile ilgili haberleri g\u00f6r\u00fcr gibiyim. Yalanlar, aldatmalar, ihanetler ortaya \u00e7\u0131kacak, telefonunu a\u00e7\u0131k unutanlarla&#8230; Her \u015fey ortaya \u00e7\u0131kacak.<!--more--><\/p>\n<p style=\"text-align: justify;\">\u00c7ok da bilimin yarar\u0131na kullan\u0131laca\u011f\u0131n\u0131 sanm\u0131yorum. Zaten bilimle de al\u00e2kas\u0131 yok. T\u00fcrkler teknolojiyi bilim san\u0131yorlar ama al\u00e2kas\u0131 yok. Teknoloji hayat\u0131m\u0131z\u0131 h\u0131zland\u0131rmak, kolayla\u015ft\u0131rmak i\u00e7in var. Ama h\u0131zland\u0131rd\u0131\u011f\u0131n hayat\u0131n bir getirisi yok ki&#8230; Bu kadar maddi ko\u015fullar\u0131n a\u011f\u0131r oldu\u011fu, krizin, i\u015fsizli\u011fin oldu\u011fu yerde hayat\u0131 h\u0131zland\u0131rsan ne olur&#8230; 3G i\u015fadamlar\u0131, CEO\u2019lar i\u00e7in yararl\u0131 bir\u015fey olacak kim \u00e7al\u0131\u015f\u0131yor, kim kaytar\u0131yor g\u00f6recekler.<\/p>\n<p style=\"text-align: justify;\">Bir insan\u0131n sesini duymak yeter bir de g\u00f6rmeye gerek yok. B\u00fcy\u00fck de konu\u015fmamak laz\u0131m yar\u0131n bir g\u00fcn g\u00f6r\u00fcnt\u00fcl\u00fc konu\u015fursak o g\u00fcn \u00f6yle diyordunuz demeyin.&#8221;<\/p>\n<p style=\"text-align: justify;\"><strong><em>Karikat\u00fcrist Mehmet \u00c7a\u011f\u00e7a\u011f ise &#8220;3G \u00fc\u00e7\u00fcnc\u00fc g\u00f6z&#8221; diyor: <\/em><\/strong><\/p>\n<p style=\"text-align: justify;\">&#8220;3G ileti\u015fim konusunda T\u00fcrk toplumu \u00fczerinde televizyondan daha b\u00fcy\u00fck bir etki yaratacak. \u00c7ok b\u00fcy\u00fck art\u0131lar\u0131 da eksileri de olacak. Mesela; telefona bu kadar yak\u0131n olmak, elle temas halinde birebir mesafede olman\u0131n bizi biraz \u00e7evremizden koparaca\u011f\u0131n\u0131 d\u00fc\u015f\u00fcn\u00fcyorum. Bizi bizden alacak gibi olumsuz bir taraf\u0131n\u0131 g\u00f6r\u00fcyorum. Bizi bizden alacak demek cep telefonu o kadar \u0131\u015f\u0131lt\u0131l\u0131 o kadar \u00e7ok cazip hale gelecek ki \u00f6zellikle \u00e7ocuklar, gen\u00e7ler tamamen ellerinde telefonlarla yeni bir d\u00fcnya kuracaklar kendilerine ve bu d\u00fcnya internetle odalar\u0131na kapanan ve ailelerinden kopan \u00e7ocuklardan daha \u00e7ok olacak ve bunlar kalabal\u0131klar i\u00e7inde telefonlar\u0131na y\u00fcz\u00fc d\u00f6n\u00fck olacaklar. \u0130nsan\u0131n bo\u015f vakti kalmayacak.<\/p>\n<p style=\"text-align: justify;\">\u00a0<\/p>\n<div id=\"attachment_12690\" style=\"width: 280px\" class=\"wp-caption aligncenter\"><a href=\"http:\/\/www.korhanyilmaz.com\/wp-content\/uploads\/2009\/08\/090731-latifdemirci3g.jpg\"  class=\"lightview\"><img loading=\"lazy\" decoding=\"async\" aria-describedby=\"caption-attachment-12690\" class=\"size-full wp-image-12690\" src=\"http:\/\/www.korhanyilmaz.com\/wp-content\/uploads\/2009\/08\/090731-latifdemirci3g.jpg\" alt=\"Latif Demirci-H\u00fcrriyet\" width=\"270\" height=\"331\" \/><\/a><p id=\"caption-attachment-12690\" class=\"wp-caption-text\">Latif Demirci-H\u00fcrriyet<\/p><\/div>\n<p>3G ile yeni ku\u015faklar i\u00e7in \u00e7ok cazip olmayacak \u00e7\u00fcnk\u00fc insanlar yoksunken bir \u015fey verdi\u011fin zaman \u00e7ok ilgi g\u00f6sterir ama onunla beraber do\u011fduklar\u0131 zaman \u00e7ok ilgili de\u011filler. Mesela \u015fu anda televizyonla do\u011fan gen\u00e7 ku\u015fa\u011f\u0131n televizyonu sonradan g\u00f6ren aileleri kadar yak\u0131n de\u011filler.<\/p>\n<p style=\"text-align: justify;\">Bir taraftan 3G hayat\u0131m\u0131z\u0131da kolayla\u015ft\u0131racak, ileti\u015fim kolayla\u015facak. Bilgiye daha h\u0131zl\u0131 ula\u015faca\u011f\u0131z. Bu taraf\u0131yla g\u00fczel.<\/p>\n<p><em><span style=\"color: #888888;\">G\u00d6KSEL DURUTUNA &#8211; ntvmsnbc<\/span><\/em><\/p>\n","protected":false},"excerpt":{"rendered":"<p id=\"caption-attachment-12689\" class=\"wp-caption-text\">Vedat \u00d6zdemiro\u011flu ve Mehmet \u00c7a\u011f\u00e7a\u011f&#39;dan 3G yorumlar\u0131&#8230;<\/p>\n<p style=\"text-align: justify;\">3G teknolojisi ile tan\u0131\u015fan T\u00fcrkiye&#8217;de art\u0131k cep telefonundan g\u00f6r\u00fcnt\u00fcl\u00fc haberle\u015fmek m\u00fcmk\u00fcn. Vedat \u00d6zdemiro\u011flu&#8217;na g\u00f6re T\u00fcrk\u2019\u00fcn 3G\u2019si &#8216;g\u00f6\u011f\u00fcs, g\u00f6bek ve di\u011fer g&#8230; Mehmet \u00c7a\u011f\u00e7a\u011f&#8217;a g\u00f6re de g\u00f6z, g\u00f6z ve \u00fc\u00e7\u00fcnc\u00fc g\u00f6z&#8230;<\/p>\n<p style=\"text-align: justify;\">\u0130STANBUL &#8211; &#8220;T\u00fcrk\u2019\u00fcn 3G\u2019si g\u00f6\u011f\u00fcs, g\u00f6bek ve di\u011fer g dir. 3G s\u00fcnnet <\/p>\n","protected":false},"author":1,"featured_media":0,"comment_status":"open","ping_status":"closed","sticky":false,"template":"","format":"standard","meta":{"footnotes":""},"categories":[7],"tags":[],"class_list":["post-12688","post","type-post","status-publish","format-standard","hentry","category-ekonomi","odd"],"_links":{"self":[{"href":"http:\/\/www.korhanyilmaz.com\/index.php?rest_route=\/wp\/v2\/posts\/12688","targetHints":{"allow":["GET"]}}],"collection":[{"href":"http:\/\/www.korhanyilmaz.com\/index.php?rest_route=\/wp\/v2\/posts"}],"about":[{"href":"http:\/\/www.korhanyilmaz.com\/index.php?rest_route=\/wp\/v2\/types\/post"}],"author":[{"embeddable":true,"href":"http:\/\/www.korhanyilmaz.com\/index.php?rest_route=\/wp\/v2\/users\/1"}],"replies":[{"embeddable":true,"href":"http:\/\/www.korhanyilmaz.com\/index.php?rest_route=%2Fwp%2Fv2%2Fcomments&post=12688"}],"version-history":[{"count":0,"href":"http:\/\/www.korhanyilmaz.com\/index.php?rest_route=\/wp\/v2\/posts\/12688\/revisions"}],"wp:attachment":[{"href":"http:\/\/www.korhanyilmaz.com\/index.php?rest_route=%2Fwp%2Fv2%2Fmedia&parent=12688"}],"wp:term":[{"taxonomy":"category","embeddable":true,"href":"http:\/\/www.korhanyilmaz.com\/index.php?rest_route=%2Fwp%2Fv2%2Fcategories&post=12688"},{"taxonomy":"post_tag","embeddable":true,"href":"http:\/\/www.korhanyilmaz.com\/index.php?rest_route=%2Fwp%2Fv2%2Ftags&post=12688"}],"curies":[{"name":"wp","href":"https:\/\/api.w.org\/{rel}","templated":true}]}}