{"id":12679,"date":"2009-07-31T15:57:19","date_gmt":"2009-07-31T13:57:19","guid":{"rendered":"http:\/\/www.korhanyilmaz.com\/?p=12679"},"modified":"2011-11-16T17:50:08","modified_gmt":"2011-11-16T15:50:08","slug":"yargiyi-yargiya-birakamazsiniz","status":"publish","type":"post","link":"http:\/\/www.korhanyilmaz.com\/?p=12679","title":{"rendered":"&#8216;Yarg\u0131y\u0131 yarg\u0131ya b\u0131rakamazs\u0131n\u0131z&#8217;"},"content":{"rendered":"<p style=\"text-align: center;\"><a href=\"http:\/\/www.korhanyilmaz.com\/wp-content\/uploads\/2009\/08\/310720091602239019649.jpg\"  class=\"lightview\"><img loading=\"lazy\" decoding=\"async\" class=\"aligncenter size-full wp-image-12680\" src=\"http:\/\/www.korhanyilmaz.com\/wp-content\/uploads\/2009\/08\/310720091602239019649.jpg\" alt=\"\" width=\"320\" height=\"100\" \/><\/a><\/p>\n<p style=\"text-align: justify;\"><strong>Dengir Mir Mehmet F\u0131rat\u2019tan yarg\u0131 krizini alevlendirecek s\u00f6zler<\/strong><\/p>\n<p style=\"text-align: justify;\">AKP Milletvekili Dengir Mir Mehmet F\u0131rat CNN T\u00fcrk\u2019te yay\u0131nlanan yedi24 program\u0131n\u0131n konu\u011fu oldu. F\u0131rat g\u00fcndemin en s\u0131cak maddelerinden birisi olan yarg\u0131 kriziyle ilgili olarak \u201cyarg\u0131y\u0131 yarg\u0131ya b\u0131rakamazs\u0131n\u0131z\u201d dedi.<!--more--><\/p>\n<p style=\"text-align: justify;\">HSYK Ba\u015fkanvekili \u00f6nemli bir s\u00f6z s\u00f6yledi. Dedi ki: Yarg\u0131y\u0131 yarg\u0131ya b\u0131rak\u0131n.. Parlamenter h\u00fck\u00fcmet sistemlerinde b\u00f6yle bir \u015feyin olabilmesi m\u00fcmk\u00fcn de\u011fil. 3 temel erki kendi ba\u015f\u0131na b\u0131rakamazs\u0131n\u0131z.<\/p>\n<p style=\"text-align: justify;\">Yasamay\u0131 yasamaya b\u0131rakamazs\u0131n\u0131z. O zaman Anayasa yarg\u0131s\u0131n\u0131n ortadan kalkmas\u0131 laz\u0131m. Veya y\u00fcr\u00fctmeyi kendi ba\u015f\u0131na b\u0131rakamazs\u0131n\u0131z denetlenmesi laz\u0131m idari yarg\u0131yla. Yarg\u0131y\u0131 da kendi ba\u015f\u0131na yarg\u0131ya b\u0131rakamazs\u0131n\u0131z.<\/p>\n<p style=\"text-align: justify;\">Nas\u0131l ki di\u011fer iki erk yarg\u0131 taraf\u0131ndan denetleniyorsa yarg\u0131y\u0131 da yaln\u0131z kendi b\u0131rakabilme imkan\u0131na sahip de\u011filsiniz. D\u00fcnyan\u0131n hi\u00e7bir demokratik \u00fclkesinde de b\u00f6yle bir \u015fey yok. Dolay\u0131s\u0131yla o mant\u0131kla hareket ederseniz. O zaman yasama yarg\u0131s\u0131n\u0131 ortadan kald\u0131rmam\u0131z laz\u0131m. E\u011fer kabul ediyorlarsa. \u0130dari yarg\u0131y\u0131 da ortadan kald\u0131rmak laz\u0131m\u2026 O zaman do\u011frudur yarg\u0131y\u0131 yarg\u0131ya b\u0131rakal\u0131m. Modern demokratik anlay\u0131\u015fta b\u00f6yle bir \u015fey yok. Yarg\u0131 Meclis taraf\u0131ndan denetlenir.<\/p>\n<p style=\"text-align: justify;\">Hakim ve Savc\u0131lar Kurulu, 1961 Anayasas\u0131na bakt\u0131\u011f\u0131m\u0131z zaman nereden se\u00e7ildi\u011fini unutmu\u015f g\u00f6r\u00fcn\u00fcyorlar. B\u00fcy\u00fck bir kesimi B\u00fcy\u00fck Millet Meclisi\u2019nden se\u00e7iliyordu. Peki, 61\u2019le 82 aras\u0131nda T\u00fcrkiye\u2019de ba\u011f\u0131ms\u0131z bir yarg\u0131 yok muydu? Demek vard\u0131..<\/p>\n<p style=\"text-align: justify;\">Yarg\u0131n\u0131n d\u00f6n\u00fcp kendi kendini bir kez daha g\u00f6zden ge\u00e7irmesi laz\u0131m ama bunun \u00f6tesinde d\u00f6n\u00fcp Avrupa Birli\u011fi \u00fclkelerine de bak\u0131p orada yarg\u0131 ba\u011f\u0131ms\u0131zl\u0131\u011f\u0131 nas\u0131l sa\u011flan\u0131yor, hakim teminat\u0131 nas\u0131l sa\u011flan\u0131yor buna bakmak laz\u0131m.<\/p>\n<p style=\"text-align: justify;\"><strong><em>Soru: T\u00fcrkiye^de hakim teminat\u0131 var m\u0131? <\/em><\/strong><\/p>\n<p style=\"text-align: justify;\">Hay\u0131r. Lay\u00fcsellik var. Hasan Cemal\u2019in d\u00fcnk\u00fc Milliyet\u2019teki yaz\u0131s\u0131n\u0131n okunmas\u0131n\u0131 \u00f6zellikle tavsiye ediyorum. Yani \u015fu s\u00fcre\u00e7 i\u00e7erisinde 3-4 sene i\u00e7erisinde yarg\u0131n\u0131n hukuka ayk\u0131r\u0131 davran\u0131\u015flar\u0131n\u0131 ba\u015ftan sona bir k\u0131sm\u0131n\u0131 s\u0131ralam\u0131\u015ft\u0131, ama k\u00f6\u015fesi buna yetmemi\u015fti. Yarg\u0131, hukuka ayk\u0131r\u0131 davran\u0131\u015flar\u0131n i\u00e7erisine girmi\u015f ise bu Anadolu\u2019daki bir laf\u0131 akla getiriyor. Derler ki; bal\u0131k kokar ama tuz vard\u0131r. Ya tuz kokarsa ne vard\u0131r.<\/p>\n<p style=\"text-align: justify;\"><strong><em>Soru: Bekir Bozda\u011f b\u00f6yle bir benzetme yapt\u0131, HSYK \u00e7ok b\u00fcy\u00fck tepki g\u00f6sterdi, Kurulun g\u00fcndemine girdi. <\/em><\/strong><\/p>\n<p style=\"text-align: justify;\">Nerenin g\u00fcndemine girerse girsin. Ben de bir erkin mensubuyum. Onlar yarg\u0131 erkinin mensubu ben de yasama erkinin mensubuyum. \u0130kimiz de birer erk mensubuyuz. \u015eimdi birimiz, birimiz i\u00e7in bir \u015fey s\u00f6ylerken kabul edilebiliyorsa di\u011ferimizin de s\u00f6yledi\u011fini kabul etmemiz laz\u0131m. G\u00fcndemine girer girmez o onlar\u0131n bilece\u011fi bir \u015fey.. Beni ilgilendirmez.<\/p>\n<p style=\"text-align: justify;\"><strong><em>\u2018Tuz koktu\u2019ya kat\u0131l\u0131yor musunuz? <\/em><\/strong><\/p>\n<p style=\"text-align: justify;\">Benim s\u00f6ylememe l\u00fczum yok. Ben sadece burada Hasan Cemal\u2019in yaz\u0131s\u0131n\u0131n 4 sat\u0131r\u0131n\u0131 okusam yeter.<\/p>\n<p style=\"text-align: justify;\">[flv]http:\/\/video.gazetevatan.com\/video\/file\/310720091602415333937.flv[\/flv]<\/p>\n<p style=\"text-align: justify;\"><span style=\"color: #888888;\">Kaynak : Vatan<\/span><\/p>\n","protected":false},"excerpt":{"rendered":"<p style=\"text-align: center;\">\n<p style=\"text-align: justify;\">Dengir Mir Mehmet F\u0131rat\u2019tan yarg\u0131 krizini alevlendirecek s\u00f6zler<\/p>\n<p style=\"text-align: justify;\">AKP Milletvekili Dengir Mir Mehmet F\u0131rat CNN T\u00fcrk\u2019te yay\u0131nlanan yedi24 program\u0131n\u0131n konu\u011fu oldu. F\u0131rat g\u00fcndemin en s\u0131cak maddelerinden birisi olan yarg\u0131 kriziyle ilgili olarak \u201cyarg\u0131y\u0131 yarg\u0131ya b\u0131rakamazs\u0131n\u0131z\u201d dedi.<\/p>\n","protected":false},"author":1,"featured_media":0,"comment_status":"open","ping_status":"closed","sticky":false,"template":"","format":"standard","meta":{"footnotes":""},"categories":[105],"tags":[],"class_list":["post-12679","post","type-post","status-publish","format-standard","hentry","category-gundem","odd"],"_links":{"self":[{"href":"http:\/\/www.korhanyilmaz.com\/index.php?rest_route=\/wp\/v2\/posts\/12679","targetHints":{"allow":["GET"]}}],"collection":[{"href":"http:\/\/www.korhanyilmaz.com\/index.php?rest_route=\/wp\/v2\/posts"}],"about":[{"href":"http:\/\/www.korhanyilmaz.com\/index.php?rest_route=\/wp\/v2\/types\/post"}],"author":[{"embeddable":true,"href":"http:\/\/www.korhanyilmaz.com\/index.php?rest_route=\/wp\/v2\/users\/1"}],"replies":[{"embeddable":true,"href":"http:\/\/www.korhanyilmaz.com\/index.php?rest_route=%2Fwp%2Fv2%2Fcomments&post=12679"}],"version-history":[{"count":0,"href":"http:\/\/www.korhanyilmaz.com\/index.php?rest_route=\/wp\/v2\/posts\/12679\/revisions"}],"wp:attachment":[{"href":"http:\/\/www.korhanyilmaz.com\/index.php?rest_route=%2Fwp%2Fv2%2Fmedia&parent=12679"}],"wp:term":[{"taxonomy":"category","embeddable":true,"href":"http:\/\/www.korhanyilmaz.com\/index.php?rest_route=%2Fwp%2Fv2%2Fcategories&post=12679"},{"taxonomy":"post_tag","embeddable":true,"href":"http:\/\/www.korhanyilmaz.com\/index.php?rest_route=%2Fwp%2Fv2%2Ftags&post=12679"}],"curies":[{"name":"wp","href":"https:\/\/api.w.org\/{rel}","templated":true}]}}