{"id":12667,"date":"2009-07-31T15:34:04","date_gmt":"2009-07-31T12:34:04","guid":{"rendered":"http:\/\/www.korhanyilmaz.com\/?p=12667"},"modified":"2009-07-31T15:34:04","modified_gmt":"2009-07-31T12:34:04","slug":"adalet-bakanligina-agir-suclama","status":"publish","type":"post","link":"http:\/\/www.korhanyilmaz.com\/?p=12667","title":{"rendered":"Adalet Bakanl\u0131\u011f\u0131&#039;na a\u011f\u0131r su\u00e7lama"},"content":{"rendered":"<p style=\"text-align: center;\"><a href=\"http:\/\/www.korhanyilmaz.com\/wp-content\/uploads\/2009\/08\/310720091615084151598.jpg\"  class=\"lightview\"><img loading=\"lazy\" decoding=\"async\" class=\"size-full wp-image-12668 aligncenter\" src=\"http:\/\/www.korhanyilmaz.com\/wp-content\/uploads\/2009\/08\/310720091615084151598.jpg\" alt=\"\" width=\"329\" height=\"210\" \/><\/a><\/p>\n<p style=\"text-align: justify;\">\u2018Hizaya getirmek i\u00e7in \u00f6zel yay\u0131n yap\u0131l\u0131yor\u2019<\/p>\n<p style=\"text-align: justify;\">YARSAV Ba\u015fkan\u0131, hizaya getirilmek istenen yarg\u0131 mensuplar\u0131n\u0131n tek yanl\u0131 yay\u0131nlarla bask\u0131 alt\u0131na al\u0131nmak istendi\u011fini ileri s\u00fcrd\u00fc. Emina\u011fao\u011flu\u2019na g\u00f6re Ertosun\u2019un foto\u011fraf\u0131n\u0131 da bas\u0131n \u00e7ekmedi.<\/p>\n<p style=\"text-align: justify;\">ANKARA &#8211; Yarg\u0131\u00e7lar ve Savc\u0131lar Birli\u011fi Ba\u015fkan\u0131 \u00d6mer Faruk Emina\u011fao\u011flu, bug\u00fcn ba\u015flayan adli tatil nedeniyle bir bas\u0131n toplant\u0131s\u0131 d\u00fczenledi. YARSAV\u2019\u0131n D\u00fcnya Yarg\u0131\u00e7lar Birli\u011fi\u2019ne \u00fcye olma talebinin kabul edildi\u011fini bildiren Emina\u011fao\u011flu, YARSAV\u2019n\u0131n hukukun \u00fcst\u00fcnl\u00fc\u011f\u00fcnden ayr\u0131lmad\u0131\u011f\u0131n\u0131 ama hep etiketlenmeye \u00e7al\u0131\u015f\u0131ld\u0131\u011f\u0131n\u0131 s\u00f6yledi. Emina\u011fao\u011flu \u015f\u00f6yle konu\u015ftu:<\/p>\n<p style=\"text-align: justify;\"><strong>RUANDA MODEL\u0130:<\/strong> Yarg\u0131da reform yap\u0131lmas\u0131 gereksinimi vard\u0131r. Yarg\u0131 Reformu Yasas\u0131 \u00e7\u0131kar\u0131lmal\u0131 ve yasada \u00e7\u0131kart\u0131lmas\u0131 gereken yasalar g\u00f6sterilmelidir. Siyasi etkinin olmad\u0131\u011f\u0131 bir komisyonun haz\u0131rlayaca\u011f\u0131 taslaklar TBMM\u2019de tasar\u0131 olarak g\u00f6r\u00fc\u015f\u00fcl\u00fcp yasala\u015fmalad\u0131r. Ruanda\u2019da bile yarg\u0131 reformu bu y\u00f6ntemle yap\u0131lm\u0131\u015ft\u0131r. Ger\u00e7ek reforma gidilmesi i\u00e7in bu y\u00f6ntem kullan\u0131lmal\u0131d\u0131r. <!--more--><\/p>\n<p style=\"text-align: justify;\"><strong>H\u0130ZAYA GET\u0130R\u0130LMEK \u0130STENENLER:<\/strong> Yarg\u0131 \u00fczerindeki bask\u0131lar artarak devam etmektedir. \u00dclkemizdeki en g\u00fcvenceli Kurul HSYK\u2019ya yap\u0131lanlar g\u00f6zetildi\u011finde, yerel mahkemelerde \u00e7al\u0131\u015fan yarg\u0131\u00e7 ve savc\u0131lar\u0131n ne kadar g\u00fcvencede olabildiklerini ifade etmeye gerek yoktur. Hangi yarg\u0131\u00e7, savc\u0131, yarg\u0131 organ\u0131 ya da kurul hizaya getirilmek isteniliyorsa, tek yanl\u0131 yay\u0131nlarla, bask\u0131 alt\u0131na al\u0131nmaya \u00e7al\u0131\u015f\u0131lmaktad\u0131r. Yarg\u0131 yarg\u0131ya b\u0131rak\u0131lmal\u0131, yarg\u0131 da rahat b\u0131rak\u0131lmal\u0131d\u0131r. Yarg\u0131n\u0131n hukuk devletinin ya\u015famas\u0131 i\u00e7in gerekli oldu\u011funu hat\u0131rlatmaya gerek olmamal\u0131d\u0131r.<\/p>\n<p style=\"text-align: justify;\"><strong>FOTO\u011eRAFLARI BASIN \u00c7EKMED\u0130:<\/strong> Benim bir gazetede 9 Temmuz 2009 tarihinde Ankara\u2019n\u0131n ortas\u0131nda, halka a\u00e7\u0131k bir ortamda, geni\u015f kat\u0131l\u0131ml\u0131 ve tamamen hukuk\u00e7ular\u0131n yer ald\u0131\u011f\u0131 a\u00e7\u0131k bir yemekteki resmim, uygun bir zaman dilimi beklenilerek bas\u0131lm\u0131\u015f ve HSYK kararnamesi ile ili\u015fkilendirilmeye \u00e7al\u0131\u015f\u0131lm\u0131\u015ft\u0131r. Bu hi\u00e7bir hukuk ve ahlak kural\u0131 ile ba\u011fda\u015fmamaktad\u0131r. Bana i\u015fin ger\u00e7e\u011finin ne oldu\u011fu bile sorulmadan, vur ka\u00e7 niteli\u011findeki yay\u0131nlar, bas\u0131n i\u00e7in etki alt\u0131nda kalmadan yay\u0131n yapabilece\u011fi bir ortam\u0131n tart\u0131\u015f\u0131lmas\u0131n\u0131 ivedilikle gerekli k\u0131lmaktad\u0131r. Yap\u0131lan yay\u0131nlar, kronolojik ve i\u00e7erik y\u00f6n\u00fcnden \u00e7eli\u015fkili ve ger\u00e7ek d\u0131\u015f\u0131d\u0131r. Ayn\u0131 a\u00e7\u0131dan ve kar\u015f\u0131 binadan teleobjektifle \u00e7ekilen birden fazla resim, farkl\u0131 gazetelerde bas\u0131l\u0131yor ve bu haberler yap\u0131l\u0131yorsa, bas\u0131n \u00f6zg\u00fcrl\u00fc\u011f\u00fcn\u00fcn gere\u011fi olarak haber kayna\u011f\u0131n\u0131n a\u00e7\u0131klanmama hakk\u0131 var ise de, burada haberin kayna\u011f\u0131n\u0131n bas\u0131n olmad\u0131\u011f\u0131 a\u00e7\u0131k se\u00e7ik ortadad\u0131r.<\/p>\n<p style=\"text-align: justify;\"><strong>YARSAV \u00dcYEL\u0130\u011e\u0130 G\u0130ZL\u0130 FAAL\u0130YET M\u0130:<\/strong> HSYK taraf\u0131ndan \u00e7\u0131kart\u0131lan kararnameye y\u00f6nelik olarak bir \u00e7ok isim bas\u0131nda ortaya at\u0131larak, YARSAV \u00fcyesi olduklar\u0131 vurgulanm\u0131\u015ft\u0131r. Kararname kapsam\u0131na YARSAV \u00fcyeleri girebilir. YARSAV \u00fcyesi olmak ne bir ayr\u0131cal\u0131k ne de bir ayr\u0131mc\u0131l\u0131k konusu olarak g\u00f6r\u00fclmemelidir. YARSAV \u00fcyeli\u011finin adeta gizli bir faaliyet gibi sunulmas\u0131, hukuk devleti y\u00f6n\u00fcnden manidard\u0131r.<\/p>\n<p style=\"text-align: justify;\"><strong>BA\u011eIMSIZ YARGININ G\u00dcVENCES\u0130: <\/strong>HSYK kararnamesi ile ortaya \u00e7\u0131kan tablo ve al\u0131nan kararlar, objektif ve hukuksal y\u00f6nden yorumlanmal\u0131d\u0131r. HSYK toplumda yarat\u0131lmak istenen ayr\u0131\u015fmaya ra\u011fmen, hukukun ve ba\u011f\u0131ms\u0131z yarg\u0131n\u0131n g\u00fcvencesi oldu\u011funu g\u00f6stermi\u015ftir. HSYK, yarg\u0131 ve hukuk devleti i\u00e7in vazge\u00e7ilmez bir kurumdur.<\/p>\n<p style=\"text-align: justify;\"><strong>TELEKULAK BAKANLI\u011eI: <\/strong>\u00dclkemizde disiplin incelemesi ve soru\u015fturmas\u0131nda telefonlar\u0131 dinlenen tek meslek grubu yarg\u0131\u00e7 ve savc\u0131lard\u0131r. 2007\u2019de \u00e7\u0131kart\u0131lan Tefti\u015f Kurulu Y\u00f6netmeli\u011fi bu konuda Tefti\u015f Kurulu Ba\u015fkanl\u0131\u011f\u0131n\u0131 yetkilendirmi\u015ftir. Bu yola s\u0131kl\u0131kla ba\u015fvurulmaktad\u0131r. Buna ivedilikle son verilmelidir. Adalet Bakanl\u0131\u011f\u0131 adeta Telekulak Bakanl\u0131\u011f\u0131 durumuna sokulmamal\u0131d\u0131r.<\/p>\n<p style=\"text-align: justify;\"><strong>Dosyalar\u0131 inceliyorlar <\/strong><\/p>\n<p style=\"text-align: justify;\">Y\u00fcksek Mahkeme\u2019de halen 23 raport\u00f6r g\u00f6rev yap\u0131yor. Raport\u00f6rler, Anayasa Mahkemesi\u2019nin \u00f6n\u00fcndeki dosyalar\u0131 inceleyerek kapsaml\u0131 raporlar haz\u0131rl\u0131yorlar. Raporlarda konu her y\u00f6n\u00fcyle ele al\u0131n\u0131rken raport\u00f6rlerin ki\u015fisel g\u00f6r\u00fc\u015fleri de ler alabiliyor. Raporlar\u0131n Anayasa Mahkemesi kararlar\u0131nda ba\u011flay\u0131c\u0131l\u0131\u011f\u0131 bulunmuyor, ancak \u00f6zellikle uzmanl\u0131k gerektiren konularda yaz\u0131lan raporlar\u0131n kararlarda b\u00fcy\u00fck etkisi oldu\u011fu biliniyor.<\/p>\n<p style=\"text-align: justify;\"><span style=\"color: #888888;\">Kaynak : Vatan<\/span><\/p>\n","protected":false},"excerpt":{"rendered":"<p style=\"text-align: center;\">\n<p style=\"text-align: justify;\">\u2018Hizaya getirmek i\u00e7in \u00f6zel yay\u0131n yap\u0131l\u0131yor\u2019<\/p>\n<p style=\"text-align: justify;\">YARSAV Ba\u015fkan\u0131, hizaya getirilmek istenen yarg\u0131 mensuplar\u0131n\u0131n tek yanl\u0131 yay\u0131nlarla bask\u0131 alt\u0131na al\u0131nmak istendi\u011fini ileri s\u00fcrd\u00fc. Emina\u011fao\u011flu\u2019na g\u00f6re Ertosun\u2019un foto\u011fraf\u0131n\u0131 da bas\u0131n \u00e7ekmedi.<\/p>\n<p style=\"text-align: justify;\">ANKARA &#8211; Yarg\u0131\u00e7lar ve Savc\u0131lar Birli\u011fi Ba\u015fkan\u0131 \u00d6mer Faruk Emina\u011fao\u011flu, bug\u00fcn ba\u015flayan adli tatil nedeniyle bir bas\u0131n <\/p>\n","protected":false},"author":1,"featured_media":0,"comment_status":"open","ping_status":"closed","sticky":false,"template":"","format":"standard","meta":{"footnotes":""},"categories":[105],"tags":[],"class_list":["post-12667","post","type-post","status-publish","format-standard","hentry","category-gundem","odd"],"_links":{"self":[{"href":"http:\/\/www.korhanyilmaz.com\/index.php?rest_route=\/wp\/v2\/posts\/12667","targetHints":{"allow":["GET"]}}],"collection":[{"href":"http:\/\/www.korhanyilmaz.com\/index.php?rest_route=\/wp\/v2\/posts"}],"about":[{"href":"http:\/\/www.korhanyilmaz.com\/index.php?rest_route=\/wp\/v2\/types\/post"}],"author":[{"embeddable":true,"href":"http:\/\/www.korhanyilmaz.com\/index.php?rest_route=\/wp\/v2\/users\/1"}],"replies":[{"embeddable":true,"href":"http:\/\/www.korhanyilmaz.com\/index.php?rest_route=%2Fwp%2Fv2%2Fcomments&post=12667"}],"version-history":[{"count":0,"href":"http:\/\/www.korhanyilmaz.com\/index.php?rest_route=\/wp\/v2\/posts\/12667\/revisions"}],"wp:attachment":[{"href":"http:\/\/www.korhanyilmaz.com\/index.php?rest_route=%2Fwp%2Fv2%2Fmedia&parent=12667"}],"wp:term":[{"taxonomy":"category","embeddable":true,"href":"http:\/\/www.korhanyilmaz.com\/index.php?rest_route=%2Fwp%2Fv2%2Fcategories&post=12667"},{"taxonomy":"post_tag","embeddable":true,"href":"http:\/\/www.korhanyilmaz.com\/index.php?rest_route=%2Fwp%2Fv2%2Ftags&post=12667"}],"curies":[{"name":"wp","href":"https:\/\/api.w.org\/{rel}","templated":true}]}}