{"id":12654,"date":"2009-07-31T08:55:54","date_gmt":"2009-07-31T05:55:54","guid":{"rendered":"http:\/\/www.korhanyilmaz.com\/?p=12654"},"modified":"2009-07-31T08:55:54","modified_gmt":"2009-07-31T05:55:54","slug":"%e2%80%98cubbeli%e2%80%99nin-de-ev-aldigi-sitede-havuz-davasi","status":"publish","type":"post","link":"http:\/\/www.korhanyilmaz.com\/?p=12654","title":{"rendered":"\u2018C\u00fcbbeli\u2019nin de ev ald\u0131\u011f\u0131 sitede havuz davas\u0131"},"content":{"rendered":"<p style=\"text-align: center;\"><a href=\"http:\/\/www.korhanyilmaz.com\/wp-content\/uploads\/2009\/07\/310720090858298238879.jpg\"  class=\"lightview\"><img loading=\"lazy\" decoding=\"async\" class=\"size-full wp-image-12655 aligncenter\" src=\"http:\/\/www.korhanyilmaz.com\/wp-content\/uploads\/2009\/07\/310720090858298238879.jpg\" alt=\"\" width=\"329\" height=\"210\" \/><\/a><\/p>\n<p style=\"text-align: justify;\">Y\u00fczme havuzlar\u0131 s\u00fcs havuzu oldu, site sakinleri mahkemeye gidiyor.<\/p>\n<p style=\"text-align: justify;\">G\u00fczel\u015fehir villalar\u0131 sat\u0131l\u0131rken yandaki havuzvard\u0131. Ama \u015fimdi yerinde a\u015fa\u011f\u0131daki y\u00fczmeye kapal\u0131 s\u00fcshavuzu bulunuyor. Baz\u0131 site sakinleri \u015firketi mahkemeye verdi.<\/p>\n<p style=\"text-align: justify;\">\u0130hlas Holding\u2019in Kumburgaz\u2019da yapt\u0131\u011f\u0131 l\u00fcks villa sitesi G\u00fczel\u015fehir\u2019de mahkemelere ta\u015f\u0131nan bir havuz davas\u0131 ya\u015fan\u0131yor. M\u00fc\u015fterilerine \u2018havuzlu\u2019 diye sat\u0131lan, tan\u0131t\u0131m bro\u015f\u00fcrlerinde de \u2018yar\u0131 olimpik havuzlu\u2019 diye g\u00f6r\u00fcnen sitenin havuzu kapat\u0131l\u0131nca baz\u0131 konut sahipleri y\u00f6netimin kap\u0131s\u0131na dayand\u0131. \u201cBiz buray\u0131 havuzlu diye ald\u0131k, neden kapatt\u0131n\u0131z?\u201d dediler. Y\u00f6netimden \u00e7\u00f6z\u00fcm bulamay\u0131nca da avukat tutarak konuyu mahkemeye ta\u015f\u0131d\u0131lar. \u00d6n\u00fcm\u00fczdeki g\u00fcnlerde sitede ke\u015fif yap\u0131lacak.<!--more--><\/p>\n<p style=\"text-align: justify;\">C\u00fcbbeli Ahmet Hoca\u2019n\u0131n da e\u015fi Mine \u00dcnl\u00fc \u00fczerine kay\u0131tl\u0131 bir villas\u0131 bulunan G\u00fczel\u015fehir sitesinde, oturuma a\u00e7\u0131ld\u0131\u011f\u0131nda faaliyette olan havuz, muhafazak\u00e2r sakinleri artt\u0131k\u00e7a tart\u0131\u015fma konusuna d\u00f6n\u00fc\u015ft\u00fc. Y\u00f6netim y\u00fczme havuzunu kapatarak, \u2018s\u00fcs havuzuna\u2019 d\u00f6n\u00fc\u015ft\u00fcrd\u00fc. Duruma itiraz eden baz\u0131 site sakinleri avukat tutarak dava a\u00e7t\u0131lar.<\/p>\n<p style=\"text-align: justify;\">G\u00fczel\u015fehir\u2019de sat\u0131\u015flar 2000 y\u0131l\u0131nda in\u015faatla birlikte ba\u015flad\u0131. Ancak 2001 krizinde projenin sahibi \u0130hlas Holding s\u0131k\u0131nt\u0131ya d\u00fc\u015f\u00fcnce 2004\u2019e kadar ciddi bir ilerleme olmad\u0131. \u0130n\u015faat da sat\u0131\u015flar da 2004 y\u0131l\u0131ndan sonra h\u0131zland\u0131. Sitenin pazarlamas\u0131 maket ve tan\u0131t\u0131m bro\u015f\u00fcrleri \u00fczerinden yap\u0131ld\u0131. Hem al\u0131c\u0131lara g\u00f6sterilen maketlerde hem de bas\u0131l\u0131 b\u00fct\u00fcn tan\u0131t\u0131m bro\u015f\u00fcrlerinde \u2018yar\u0131 olimpik havuz\u2019 vard\u0131.<\/p>\n<p style=\"text-align: justify;\"><em><strong>Y\u00f6netim Konak\u2019a ge\u00e7ti<\/strong><\/em><\/p>\n<p style=\"text-align: justify;\">G\u00fczel\u015fehir\u2019in yap\u0131m\u0131 s\u00fcrerken \u0130hlas Holding, projeyi Sunny Elektronik\u2019in sahibi Hayrettin Atmaca ile daha \u00f6nce \u0130hlas grubunda \u00e7al\u0131\u015fan Halil \u015eeker\u2019in ortakl\u0131\u011f\u0131 olan Konak \u0130n\u015faat\u2019a devretti. G\u00fczel\u015fehir\u2019de ilk villalar 2005 y\u0131l\u0131nda yeni sahipleri d\u00f6neminde teslim edilmeye ba\u015fland\u0131.<\/p>\n<p style=\"text-align: justify;\">Bu tarihte sitenin merkezinde bulunan yar\u0131 olimpik havuz da faaliyete a\u00e7\u0131ld\u0131 ve yakla\u015f\u0131k bir y\u0131l boyunca site sakinleri bu havuzdan yararland\u0131. Ancak y\u00f6netim daha sonra havuzu y\u00fczmeye kapatarak s\u00fcs havuzuna \u00e7evirdi. \u015ea\u015fk\u0131na d\u00f6nen site sakinleri havuzun yeniden a\u00e7\u0131lmas\u0131 i\u00e7in y\u00f6netime ba\u015fvurdu.<\/p>\n<p style=\"text-align: justify;\">Y\u00f6netim, \u2018Buras\u0131 y\u00fczmeye m\u00fcsait de\u011fil\u2019 yan\u0131t\u0131n\u0131 verince, konuyu sitenin genel kurulunda \u00e7\u00f6zmek istediler. Ancak gerginlik dolay\u0131s\u0131yla jandarma \u00e7a\u011fr\u0131larak yap\u0131lan genel kuruldan y\u00f6netimin karar\u0131 do\u011frultusunda sonu\u00e7 \u00e7\u0131kt\u0131. Dava a\u00e7an sakinler, \u201c\u0130hlas Holding \u00e7al\u0131\u015fanlar\u0131 vek\u00e2let alarak genel kurula girdi ve bask\u0131 olu\u015fturdular\u201d iddias\u0131nda.<\/p>\n<p style=\"text-align: justify;\"><em><strong>Sitenin d\u0131\u015f\u0131n\u0131 g\u00f6sterdiler: \u2018Al\u0131n size havuz\u2019 dediler<\/strong><\/em><\/p>\n<p style=\"text-align: justify;\">\u2018Havuzumuzu isteriz\u2019 diyen site sakinlerini ikna edemeyen \u015firket y\u00f6netimi, belediye ile anla\u015farak sitenin d\u0131\u015f\u0131nda havuz yapt\u0131. Ancak sitenin d\u0131\u015f\u0131nda oldu\u011fu ve belediyeye ait alan \u00fczerinde yap\u0131ld\u0131\u011f\u0131 i\u00e7in bu havuz herkese a\u00e7\u0131k durumda.<\/p>\n<p style=\"text-align: justify;\">Davac\u0131lar\u0131n avukat\u0131 Nimet \u00d6zkan, bu konuda \u015funlar\u0131 s\u00f6yledi: \u201c\u015eimdi, \u2018Size havuz yapt\u0131k daha ne istiyorsunuz\u2019 diye soruyorlar. Havuz sitenin d\u0131\u015f\u0131nda. 70 milyona a\u00e7\u0131k. Belediye Ba\u015fkan\u0131 H\u00fcseyin \u00c7orbac\u0131o\u011flu\u2019nun giderayak yapt\u0131\u011f\u0131 bir uygulama. \u0130nsanlar kand\u0131r\u0131ld\u0131. Yeni havuzu yapm\u0131\u015f olmas\u0131 i\u00e7erdekini kapatma hakk\u0131n\u0131 vermiyor. Sitenin kapal\u0131 b\u00f6l\u00fcm\u00fcndeki havuzlarda harem-selaml\u0131k uygulamas\u0131 var. \u2018Sa\u011fl\u0131k-s\u0131hhat a\u00e7\u0131s\u0131ndan\u2019 gerekli diyorlar. Buras\u0131 \u015fehirden uzak. \u0130nsanlar aileleriyle birlikte vakit ge\u00e7irmek istiyorlar. Onlar izole bir ya\u015fam alan\u0131 yaratmaya \u00e7al\u0131\u015f\u0131yor.\u201d<\/p>\n<p style=\"text-align: justify;\">\u0130hlas Holding\u2019in sahibi Enver \u00d6ren\u2019in de evi oldu\u011fu belirtilen sitede villa fiyatlar\u0131 400 bin liradan ba\u015fl\u0131yor, 1.3 milyona kadar \u00e7\u0131k\u0131yor. Sitede 721 villa var. 600\u2019\u00fc oturuma haz\u0131r. 400\u2019\u00fcnde oturuluyor.<\/p>\n<p style=\"text-align: justify;\"><strong><em>Villas\u0131 e\u015finin \u00fczerine<\/em><\/strong><\/p>\n<p style=\"text-align: justify;\">\u0130stanbul Acarkent\u2019te y\u00fczme havuzlu l\u00fcks villada oturdu\u011fu bilinen ve \u201cY\u00fczme, ok\u00e7uluk ve ata binmek s\u00fcnnettir. \u00d6zellikle peygamber efendimiz, Hz. Ebubekir ile havuzda y\u00fczm\u00fc\u015flerdir. Dolay\u0131s\u0131yla hem havuz hem y\u00fczmek b\u00fcy\u00fck s\u00fcnnettir\u201d diyen C\u00fcbbeli Ahmet Hoca da sitede s\u0131k s\u0131k g\u00f6r\u00fcl\u00fcyor. \u00c7\u00fcnk\u00fc burda ilk e\u015fi Mine \u00dcnl\u00fc\u2019n\u00fcn \u00fczerine kay\u0131tl\u0131 bir villas\u0131 bulunuyor.<\/p>\n<p style=\"text-align: justify;\"><strong><em>\u015eirket iddialar\u0131 reddediyor <\/em><\/strong><\/p>\n<p style=\"text-align: justify;\">\u0130ddialar\u0131 reddeden \u015firket yetkilileri, \u201cSitenin tam g\u00f6be\u011finde olan bu yer, \u00e7evresinde her \u00e7e\u015fit insan konu\u015fland\u0131\u011f\u0131 i\u00e7in y\u00fczmeye \u00e7ok da m\u00fcsait de\u011fil. Buras\u0131 zaten s\u00fcs havuzu olarak belirlenmi\u015fti, \u0131srarlar oldu diye a\u00e7m\u0131\u015ft\u0131k. Belediyeden ge\u00e7irdi\u011fimiz s\u00fcrece her yere havuz yapar\u0131z\u201d dedi.<\/p>\n<p style=\"text-align: justify;\">Bro\u015f\u00fcrdeki resimlerde sitenin merkezinde yar\u0131 olimpik y\u00fczme havuzunun oldu\u011funu do\u011frulayan G\u00fczel\u015fehir Y\u00f6netim Kurulu Ba\u015fkan\u0131 Sava\u015f Aytek, ancak bu foto\u011fraflarda y\u00fczen insan bulunmad\u0131\u011f\u0131 i\u00e7in bir kand\u0131rmacan\u0131n s\u00f6z konusu olamayaca\u011f\u0131n\u0131 s\u00f6yledi.<\/p>\n<p style=\"text-align: justify;\">Sosyal alanlar\u0131n \u0130hlas Holding\u2019in mal\u0131 oldu\u011funu belirten Aytek, \u201cNeden mahkeme konusu oldu\u011funu bilmiyorum. Sitenin d\u0131\u015f\u0131ndaki havuz \u015fu anda faal. Bir vatanda\u015f olarak arzu ederseniz siz de girebilirsiniz\u201d dedi.<\/p>\n<p style=\"text-align: justify;\"><strong><em>Konu art\u0131k yarg\u0131da<\/em><\/strong><\/p>\n<p style=\"text-align: justify;\">Havuzun a\u00e7\u0131lmas\u0131 i\u00e7in y\u00f6netimden talepte bulunan 50 kadar site sakininin i\u00e7inden bir k\u0131sm\u0131 avukat tutarak konuyu yarg\u0131ya ta\u015f\u0131d\u0131. Dava, B\u00fcy\u00fck\u00e7ekmece Sulh Hukuk Mahkemesi\u2019nde g\u00f6r\u00fcl\u00fcyor. \u00d6n\u00fcm\u00fczdeki 4 Eyl\u00fcl\u2019de ke\u015fif, 20 Kas\u0131m\u2019da ise davan\u0131n duru\u015fmas\u0131 yap\u0131lacak.<\/p>\n<p style=\"text-align: justify;\">Dava dilek\u00e7esinde \u015f\u00f6yle deniliyor:<\/p>\n<p style=\"text-align: justify;\">\u201cVilla sat\u0131\u015f\u0131 yap\u0131l\u0131rken sosyal tesisler \u00fc\u00e7 boyutlu proje ve tan\u0131t\u0131m bro\u015f\u00fcrlerinde g\u00f6sterilmi\u015ftir. Site sakinleri 2006 ve 2007 yaz sezonunda bu sosyal tesislerden yararlanm\u0131\u015ft\u0131r. Ancak anla\u015f\u0131lmayan bir sebeple tasdikli plan ve projelerinde \u2018yar\u0131 olimpik a\u00e7\u0131k y\u00fczme havuzu\u2019 olarak belirtilmi\u015f 450 no\u2019lu ba\u011f\u0131ms\u0131z b\u00f6l\u00fcmdeki a\u00e7\u0131k havuzun m\u0131c\u0131rla dolduruldu\u011fu ve s\u00fcs havuzuna d\u00f6n\u00fc\u015ft\u00fcr\u00fcld\u00fc\u011f\u00fc g\u00f6r\u00fclm\u00fc\u015ft\u00fcr.\u201d<\/p>\n<p style=\"text-align: justify;\"><span style=\"color: #888888;\">Milliyet<\/span><\/p>\n","protected":false},"excerpt":{"rendered":"<p style=\"text-align: center;\">\n<p style=\"text-align: justify;\">Y\u00fczme havuzlar\u0131 s\u00fcs havuzu oldu, site sakinleri mahkemeye gidiyor.<\/p>\n<p style=\"text-align: justify;\">G\u00fczel\u015fehir villalar\u0131 sat\u0131l\u0131rken yandaki havuzvard\u0131. Ama \u015fimdi yerinde a\u015fa\u011f\u0131daki y\u00fczmeye kapal\u0131 s\u00fcshavuzu bulunuyor. Baz\u0131 site sakinleri \u015firketi mahkemeye verdi.<\/p>\n<p style=\"text-align: justify;\">\u0130hlas Holding\u2019in Kumburgaz\u2019da yapt\u0131\u011f\u0131 l\u00fcks villa sitesi G\u00fczel\u015fehir\u2019de mahkemelere ta\u015f\u0131nan bir havuz davas\u0131 ya\u015fan\u0131yor. M\u00fc\u015fterilerine \u2018havuzlu\u2019 diye sat\u0131lan, <\/p>\n","protected":false},"author":1,"featured_media":0,"comment_status":"open","ping_status":"closed","sticky":false,"template":"","format":"standard","meta":{"footnotes":""},"categories":[105],"tags":[],"class_list":["post-12654","post","type-post","status-publish","format-standard","hentry","category-gundem","odd"],"_links":{"self":[{"href":"http:\/\/www.korhanyilmaz.com\/index.php?rest_route=\/wp\/v2\/posts\/12654","targetHints":{"allow":["GET"]}}],"collection":[{"href":"http:\/\/www.korhanyilmaz.com\/index.php?rest_route=\/wp\/v2\/posts"}],"about":[{"href":"http:\/\/www.korhanyilmaz.com\/index.php?rest_route=\/wp\/v2\/types\/post"}],"author":[{"embeddable":true,"href":"http:\/\/www.korhanyilmaz.com\/index.php?rest_route=\/wp\/v2\/users\/1"}],"replies":[{"embeddable":true,"href":"http:\/\/www.korhanyilmaz.com\/index.php?rest_route=%2Fwp%2Fv2%2Fcomments&post=12654"}],"version-history":[{"count":0,"href":"http:\/\/www.korhanyilmaz.com\/index.php?rest_route=\/wp\/v2\/posts\/12654\/revisions"}],"wp:attachment":[{"href":"http:\/\/www.korhanyilmaz.com\/index.php?rest_route=%2Fwp%2Fv2%2Fmedia&parent=12654"}],"wp:term":[{"taxonomy":"category","embeddable":true,"href":"http:\/\/www.korhanyilmaz.com\/index.php?rest_route=%2Fwp%2Fv2%2Fcategories&post=12654"},{"taxonomy":"post_tag","embeddable":true,"href":"http:\/\/www.korhanyilmaz.com\/index.php?rest_route=%2Fwp%2Fv2%2Ftags&post=12654"}],"curies":[{"name":"wp","href":"https:\/\/api.w.org\/{rel}","templated":true}]}}