{"id":12631,"date":"2009-07-30T14:21:49","date_gmt":"2009-07-30T11:21:49","guid":{"rendered":"http:\/\/www.korhanyilmaz.com\/?p=12631"},"modified":"2009-07-30T14:21:49","modified_gmt":"2009-07-30T11:21:49","slug":"ertosun-iddialari-tek-tek-yanitladi","status":"publish","type":"post","link":"http:\/\/www.korhanyilmaz.com\/?p=12631","title":{"rendered":"Ertosun iddialar\u0131 tek tek yan\u0131tlad\u0131"},"content":{"rendered":"<p style=\"text-align: center;\"><a href=\"http:\/\/www.korhanyilmaz.com\/wp-content\/uploads\/2009\/07\/ertosun.jpg\"  class=\"lightview\"><img loading=\"lazy\" decoding=\"async\" class=\"aligncenter size-full wp-image-12632\" src=\"http:\/\/www.korhanyilmaz.com\/wp-content\/uploads\/2009\/07\/ertosun.jpg\" alt=\"\" width=\"346\" height=\"195\" \/><\/a><\/p>\n<p style=\"text-align: justify;\">Yarg\u0131da g\u00fcnlerce s\u00fcren atama kriziyle ismi g\u00fcndeme gelen Hakimler ve Savc\u0131lar Y\u00fcksek Kurulu \u00fcyesi Ali Suat Ertosun, bug\u00fcn kameralar\u0131n kar\u015f\u0131s\u0131na ge\u00e7ti ve uzun bir bas\u0131n toplant\u0131s\u0131yla, g\u00fcnlerdir baz\u0131 gazetelerde hakk\u0131nda \u00e7\u0131kan iddialar\u0131 tek tek yan\u0131tlad\u0131. HSYK&#8217;n\u0131n yarg\u0131n\u0131n d\u0131\u015f\u0131na itilmek istendi\u011fini s\u00f6yleyen Ertosun, &#8220;Yarg\u0131 y\u00f6netiminin i\u00e7inde yokuz&#8221; s\u00f6zleriyle mevcut sisteme de a\u011f\u0131r bir ele\u015ftiride bulundu.<\/p>\n<p style=\"text-align: justify;\">Adalet Bakanl\u0131\u011f\u0131 Ek Binas\u0131 Konferans Salonu&#8217;ndaki bas\u0131n toplant\u0131s\u0131 s\u0131ras\u0131nda Vakit gazetesi muhabirinin de dahil oldu\u011fu bir gerilim ya\u015fand\u0131.<\/p>\n<p style=\"text-align: justify;\">Toplant\u0131 s\u0131ras\u0131nda Vakit gazetesi muhabiri, Ertosun&#8217;a bir soru y\u00f6neltti. Ertosun, &#8220;maksatl\u0131&#8221; buldu\u011funu belirtti\u011fi soruyu sakince cevaplamaya ba\u015flad\u0131, ancak bir anda ortal\u0131k kar\u0131\u015ft\u0131 ve Vakit muhabiri d\u0131\u015far\u0131 \u00e7\u0131kar\u0131lmak istendi. Ancak Ertosun&#8217;un da bu uygulamaya tepki g\u00f6stermesiyle muhabir salona tekrar geri al\u0131nd\u0131 ve bas\u0131n toplant\u0131s\u0131 devam etti.<!--more--><\/p>\n<p style=\"text-align: justify;\">Toplant\u0131y\u0131, HSYK&#8217;n\u0131n se\u00e7ilmi\u015f \u00fcyeleri de izledi.<\/p>\n<p style=\"text-align: justify;\"><strong><em>&#8220;\u0130stifama gerek yok&#8221;<\/em><\/strong><\/p>\n<p style=\"text-align: justify;\">Bas\u0131n toplant\u0131s\u0131nda hakk\u0131ndaki su\u00e7lamalar\u0131 reddeden Ertosun, &#8220;Hukuk hepimiz i\u00e7in gerekli. Hakk\u0131mda yap\u0131lacak her t\u00fcrl\u00fc inceleme ve soru\u015fturmaya haz\u0131r\u0131m. Ge\u00e7mi\u015fte kendim de talepte bulundum. Kendi kendimi ihbar ettim. Ama bas\u0131n gerekli duyurular\u0131 yapt\u0131, zannediyorum ilgili merciler de bu konularda gerekli i\u015flemlere ge\u00e7ecektir. Bu konularda gelen dilek\u00e7eler oldu\u011funu da tahmin ediyorum. Bunlar incelenecektir. \u0130stifa etmem isteniyor. Ortada istifa etmemi gerektiren bir neden bulunmamaktad\u0131r&#8221; dedi.<\/p>\n<p style=\"text-align: justify;\"><em><strong>Ertosun hakk\u0131nda son d\u00f6nemde ortaya at\u0131lan iddialar ve verdi\u011fi cevaplar \u015f\u00f6yle:<\/strong><\/em><\/p>\n<p style=\"text-align: justify;\"><strong><span style=\"color: #800000;\">\u0130DD\u0130A 1<\/span>: BAKAN&#8217;IN DA KATILDI\u011eI VE G\u00dcNLER S\u00dcREN HSYK&#8217;DA BAZI ERGENEKON SAVCI VE HAK\u0130MLER\u0130N\u0130N YER\u0130N\u0130N DE\u011e\u0130\u015eT\u0130R\u0130LMES\u0130N\u0130 \u0130STED\u0130.<\/strong><\/p>\n<p style=\"text-align: justify;\">&#8211; Hi\u00e7bir soru\u015fturmay\u0131 engelleme niyetim olmad\u0131<\/p>\n<p style=\"text-align: justify;\">&#8211; Bizim bakanl\u0131ktan \u00e7e\u015fitli taleplerimiz oldu. Orada yap\u0131lan, insan haklar\u0131n\u0131 ihlal eden baz\u0131 davran\u0131\u015flar nedeniyle yarg\u0131 yoluna ba\u015fvurulmas\u0131n\u0131 istedik.<\/p>\n<p style=\"text-align: justify;\">&#8211; \u015e\u00fcphelilerin ve san\u0131klar\u0131n\u0131 zab\u0131ta ve cumhuriyet savc\u0131l\u0131\u011f\u0131ndaki ifadelerine ili\u015fkin tutanaklar\u0131n\u0131n kendilerine ve m\u00fcdafilerine verilmesini tart\u0131\u015ft\u0131k. Farkl\u0131 g\u00f6r\u00fc\u015fler oldu. Biz dedik ki, bu konulara kim karar verecek? T\u00fcrkiye&#8217;deki yarg\u0131 birli\u011fini kim sa\u011flayacak? Y\u00fcksek Yarg\u0131tay. Y\u00fcksek Yarg\u0131tay&#8217;a konuyu g\u00f6t\u00fcr\u00fcn dedik. Bunda ne var?<\/p>\n<p style=\"text-align: justify;\">&#8211; Biz moda tabiriyle a\u00e7\u0131l\u0131m yap\u0131yoruz. Hukuku a\u00e7maya \u00e7al\u0131\u015f\u0131yoruz. \u0130nsan haklar\u0131n\u0131n \u00fcst noktaya \u00e7\u0131kar\u0131lmas\u0131n\u0131 istiyoruz.<\/p>\n<p style=\"text-align: justify;\">&#8211; Arama ve yakalama karar\u0131 isteniyor. Sadece arama karar\u0131 veriliyor, insanlar yakalan\u0131p g\u00f6t\u00fcr\u00fcl\u00fcyor. &#8216;Bunlar yasal m\u0131 de\u011fil mi?&#8217;, &#8216;Cumhuriyet savc\u0131lar\u0131 kendi alanlar\u0131 d\u0131\u015f\u0131na gidip ifade alabilir mi?&#8217; dedik. Bunlar birer a\u00e7\u0131l\u0131m de\u011fil mi, bak\u0131n bizim a\u00e7\u0131l\u0131mlar\u0131m\u0131z\u0131n i\u00e7i dolu. Bo\u015f de\u011fil.<\/p>\n<p style=\"text-align: justify;\">&#8211; &#8216;Yap\u0131lan soru\u015fturmayla ilgili hukuki ve fiili ba\u011flant\u0131s\u0131 olmayan ki\u015fi ve olaylarla ilgili su\u00e7lamalar\u0131n ayn\u0131 kapsamda de\u011ferlendirilmesi yasal m\u0131 de\u011fil mi?&#8217; dedik. Bu \u00fclkede y\u0131llarca PKK ile ilgili, DHKP-C ile ilgili soru\u015fturmalar yap\u0131ld\u0131. Hepsi bir dosyada m\u0131 birle\u015ftirildi? \u0130stanbul, \u0130stanbuldakileri, Ankara, Ankaradakileri g\u00f6rd\u00fc. Bunlar\u0131n irdelenmesini istiyorsak, kurul olarak bunlarla biz ilgilenmeyece\u011fiz de kim ilgilenecek?<\/p>\n<p style=\"text-align: justify;\">&#8211;  Bunlar\u0131n d\u0131\u015f\u0131nda bir tak\u0131m bilgilerin yay\u0131n organlar\u0131na verilmemesini, insanlar\u0131n pe\u015finen su\u00e7lu ilan edilmemelerini, \u015f\u00fcphelilere haklar\u0131ndaki su\u00e7lamalar\u0131n somut olarak bildirilmesini, \u015f\u00fcphelilerin savunma hakk\u0131n\u0131n k\u0131s\u0131tlanmamas\u0131n\u0131 istedik. Bunlar\u0131 istemi\u015fsek, bunlar\u0131n ard\u0131nda ne aranabilir? L\u00fctfen s\u00f6yleyin. Bunlar a\u00e7\u0131l\u0131md\u0131r. Avrupa Birli\u011fi m\u00fcktesebat\u0131nda bizden istenen a\u00e7\u0131l\u0131mlard\u0131r.<\/p>\n<p style=\"text-align: justify;\">&#8211; T\u00fcrkiye&#8217;de yarg\u0131 birli\u011fini Yarg\u0131tay ve Dan\u0131\u015ftay sa\u011flayacak.<\/p>\n<p style=\"text-align: justify;\">&#8211; Bizim san\u0131klarla, olaylarla, davalarla, su\u00e7larla ilgimiz yoktur. Biz T\u00fcrkiye&#8217;deki yarg\u0131n\u0131n y\u00f6netiminden sorumlu idari bir mekanizmay\u0131z. Bir yerde hata g\u00f6rm\u00fc\u015fsek bu hataya de\u011finmek, bu hatay\u0131 gidermek bizim g\u00f6revimizdir. Ama, T\u00fcrkiye&#8217;de maalesef yarg\u0131 y\u00f6netiminin i\u00e7inde biz yokuz veya d\u0131\u015far\u0131 itilmeye \u00e7al\u0131\u015f\u0131l\u0131yoruz. Biz bunun m\u00fccadelesini, kurul i\u00e7erisinde t\u00fcm hassasiyetimizle veriyoruz. Gelin bu konular\u0131 birlikte tart\u0131\u015fal\u0131m.<\/p>\n<p style=\"text-align: justify;\">&#8211; Ortada ter\u00f6r \u00f6rg\u00fct\u00fc olarak adland\u0131r\u0131lan var, ter\u00f6r \u00f6rg\u00fct\u00fc diye bir \u015fey yok. Bu mahkeme karar\u0131yla ortaya \u00e7\u0131kacakt\u0131r. Bug\u00fcnden l\u00fctfen insanlar\u0131 mahkum etmeyelim. Yarg\u0131 hepimize laz\u0131m, hukuk hepimize laz\u0131m. \u00d6nfikirli olmayal\u0131m. Bunlar mahkeme karar\u0131yla sabit olur ondan sonra konu\u015furuz.<\/p>\n<p style=\"text-align: justify;\">&#8211; Adalet m\u00fcfetti\u015flerinin talepleri \u00fczerine dinleme kararlar\u0131 verildi\u011fi. Bunun yasal olup olmad\u0131\u011f\u0131n\u0131n irdelenmesini istiyoruz.<\/p>\n<p style=\"text-align: justify;\">&#8211; Bu konudaki g\u00f6r\u00fc\u015fmeler kurulda kalm\u0131\u015ft\u0131r. Adalet Bakanl\u0131\u011f\u0131 a\u00e7\u0131klamas\u0131 bence do\u011fru de\u011fildir. Biz a\u00e7\u0131klamad\u0131k. Bizim a\u00e7\u0131klamam\u0131z sadece orada g\u00f6rev yapan hakimlere y\u00f6neliktir. Hakimlerle ilgili herhangi bir tasarruf olmad\u0131\u011f\u0131n\u0131 vurgulamakt\u0131r. B\u00f6yle bir niyet ve istek olmad\u0131\u011f\u0131n\u0131 vurgulamakt\u0131r. Onlara g\u00fcvence vermek i\u00e7in yap\u0131lm\u0131\u015ft\u0131r. Ayn\u0131 kefeye koymayal\u0131m l\u00fctfen. Yarg\u0131lama makamlar\u0131n\u0131 etkilemek kimsenin haddine d\u00fc\u015fen bir olay de\u011fildir. Buna biz de dahiliz.<\/p>\n<p style=\"text-align: justify;\"><strong><span style=\"color: #800000;\">\u0130DD\u0130A 2<\/span>: KENT OTEL \u00d6N\u00dcNDE TUTUKSUZ ERGENEKON SANI\u011eI ENG\u0130N AYDIN \u0130LE G\u0130ZL\u0130CE \u00c7EK\u0130LEN FOTO\u011eRAF<\/strong><\/p>\n<p style=\"text-align: justify;\">&#8211; Adalet Bakanl\u0131\u011f\u0131&#8217;nda Ceza ve Tevkif Evleri Genel M\u00fcd\u00fcr\u00fc oldu\u011fum d\u00f6nemde tan\u0131\u015ft\u0131\u011f\u0131m bakan m\u00fc\u015faviri Engin Ayd\u0131n ile gizlice \u00e7ekilmi\u015f bir foto\u011fraf\u0131n, bir k\u0131s\u0131m bas\u0131n organlar\u0131na servis edilerek yay\u0131nlanmas\u0131 ahlaki e\u011fildir. Cezai sorumluluk gerektirir.<\/p>\n<p style=\"text-align: justify;\">&#8211; Engin Ayd\u0131n ile bakanl\u0131kta 2.5 y\u0131l birlikte \u00e7al\u0131\u015ft\u0131k. Ailevi ili\u015fkilerimiz vard\u0131r. Bulu\u015ftu\u011fumuz yer gizli bir mekan de\u011fil, K\u0131z\u0131lay&#8217;\u0131n tam ortas\u0131. Yan\u0131m\u0131zdaki ki\u015filer herkesin tan\u0131d\u0131\u011f\u0131 insanlar, biri eski hakim, \u015fu an avukat. 10 y\u0131ld\u0131r tan\u0131r\u0131m. Di\u011feri, Dan\u0131\u015ftay&#8217;da daire ba\u015fkan\u0131. 4 arkada\u015f bir araya gelmi\u015fsek ve orada davalarla ilgili bir\u015fey konu\u015fulmam\u0131\u015fsa&#8230; \u00dczerinde durulmas\u0131 gereken bu foto\u011fraf\u0131n neden ve kim taraf\u0131ndan \u00e7ekildi\u011fi, \u00e7ektirildi\u011fi. Devlet taraf\u0131ndan \u00e7ekilmi\u015fse daha vahim bir durum. Ankara Cumhuriyet Savc\u0131l\u0131\u011f\u0131&#8217;na \u015fikayetc\u00e7i olaca\u011f\u0131m.<\/p>\n<p style=\"text-align: justify;\">&#8211; Bu arkada\u015f\u0131mla g\u00f6r\u00fc\u015fmemde tarafs\u0131zl\u0131\u011f\u0131m\u0131 bozan bir\u015fey yok. Onun yarg\u0131land\u0131g\u011f\u0131 dava ile ilgili g\u00f6r\u00fc\u015fmedik. Ben Kent Otel&#8217;de baz\u0131 toplant\u0131lara kat\u0131ld\u0131m ama bunlar \u00f6rg\u00fct toplant\u0131s\u0131 de\u011fildir. A\u00e7\u0131kt\u0131r. Polisle beraber gitti\u011fimiz, Ankara&#8217;n\u0131n ortas\u0131nda bir yer. Nas\u0131l bir niyet, gayretle \u00f6rg\u00fct toplant\u0131s\u0131 deniliyor anlam\u0131yorum.<\/p>\n<p style=\"text-align: justify;\">&#8211; Engin Ayd\u0131n ile ilgili bir dava gelirse bakmam. \u00c7\u00fcnk\u00fc mutahap olduk. Yarg\u0131n\u0131n her\u015feyden azade olmas\u0131 gerekir.<\/p>\n<p style=\"text-align: justify;\"><strong><span style=\"color: #800000;\">\u0130DD\u0130A 3<\/span>: CAN D\u00dcNDAR&#8217;IN SABANCI SU\u0130KASTI TET\u0130K\u00c7\u0130S\u0130 MUSTAFA DUYAR \u0130LE G\u00d6R\u00dc\u015eMES\u0130NE ENGEL OLDU\u011eU<\/strong><\/p>\n<p style=\"text-align: justify;\">Gazeteci Can D\u00fcndar 6 Ocak 1999&#8217;da d\u00f6nemin Adalet Bakan\u0131 Hasan Denizkurdu&#8217;na dilek\u00e7e vererek, Afyon Cezaevinde tutuklu bulunan Duyar ile Sabanc\u0131 suikast\u0131n\u0131n y\u0131l d\u00f6n\u00fcm\u00fc dolay\u0131s\u0131yla s\u00f6yle\u015fi yapmak i\u00e7in izin istedi\u011fini s\u00f6yleyen Ertosun, Duyar&#8217;\u0131n tutuklu olmas\u0131 ve yarg\u0131lamay\u0131 etkileyebilece\u011fi d\u00fc\u015f\u00fcncesiyle bu talebi uygun bulmad\u0131\u011f\u0131n\u0131 belirtti.<\/p>\n<p style=\"text-align: justify;\">Ertosun, buna ra\u011fmen, Duyar&#8217;\u0131n r\u0131zas\u0131n\u0131n al\u0131nmas\u0131 ko\u015fuluyla g\u00f6r\u00fc\u015fmeye Bakan Denizkurdu taraf\u0131ndan izin verildi\u011fini, durumun Duyar&#8217;a iletildi\u011fini, ancak Duyar&#8217;\u0131n Genel M\u00fcd\u00fcrl\u00fc\u011fe g\u00f6nderdi\u011fi 8 Ocak 1999 tarihli dilek\u00e7esinde g\u00f6r\u00fc\u015fmeyi para kar\u015f\u0131l\u0131\u011f\u0131nda kabul etmesi nedeniyle g\u00f6r\u00fc\u015fme talebinin reddedildi\u011fini, konunun ayn\u0131 g\u00fcn Can D\u00fcndar&#8217;a bildirildi\u011fini anlatt\u0131.<\/p>\n<p style=\"text-align: justify;\">Ertosun, &#8220;Mustafa Duyar ile g\u00f6r\u00fc\u015fme isteminde bulunan Can D\u00fcndar&#8217;a izin verilmemesinin nedeni Duyar&#8217;\u0131n para talep etmesidir. Kald\u0131 ki bu hususu da hakk\u0131mda yap\u0131lan soru\u015fturma s\u0131ras\u0131nda D\u00fcndar bizzat belirtmi\u015ftir. \u0130lgili belgeler burada, isteyenlere ba\u015fvurduklar\u0131 takdirde verebilirim. D\u00fcndar&#8217;\u0131n ifadesi al\u0131nm\u0131\u015ft\u0131r, ifadesinde de \u015fahs\u0131ma herhangi bir su\u00e7lay\u0131c\u0131 beyan\u0131 olmam\u0131\u015ft\u0131r. Ancak nedense aradan 10 y\u0131l ge\u00e7tikten sonra bu konular tekrar g\u00fcndeme getirilmi\u015ftir. Ger\u00e7ek durumun bu \u015fekilde cereyan etmesine kar\u015f\u0131n Can D\u00fcndar&#8217;\u0131n, Sabah gazetesinde &#8216;Duyar konu\u015facakt\u0131&#8217; ba\u015fl\u0131kl\u0131 bir yaz\u0131 kaleme almas\u0131 ve olayda Susurluk boyutu oldu\u011funu da vurgulamas\u0131 \u00fczerine ad\u0131 ge\u00e7ene kar\u015f\u0131 a\u00e7t\u0131\u011f\u0131m manevi tazminat davas\u0131n\u0131 kazand\u0131m. Olay, davan\u0131n seyri s\u0131ras\u0131nda t\u00fcm boyutlar\u0131yla incelenmi\u015f ve irdelenmi\u015ftir. Davay\u0131 kazand\u0131m. Bunu Can D\u00fcndar da bilmektedir. Kendisine y\u00f6neltilen bir tak\u0131m sorulara yaz\u0131yla cevap vermi\u015f ama maalesef bu s\u00f6ylediklerimi tam olarak sizlere aktarmam\u0131\u015ft\u0131r&#8221; dedi.<\/p>\n<p style=\"text-align: justify;\">Ertosun, &#8220;Say\u0131n bas\u0131n mensuplar\u0131 kendilerini bu ki\u015filerin yerine koyup a\u00e7\u0131klama alamazlar, ifade al\u0131r gibi bir tak\u0131m tutumlara giri\u015femezler. Bunun ge\u00e7mi\u015fte \u00e7ok b\u00fcy\u00fck mahzurlar\u0131n\u0131 g\u00f6rmedik mi? Bas\u0131na konu\u015ftuktan sonra Savc\u0131 ifadeye \u00e7a\u011f\u0131rd\u0131\u011f\u0131nda, ayn\u0131 beyanlar\u0131n ge\u00e7medi\u011fini g\u00f6rmedik mi? Yarg\u0131lama makamlar\u0131 dururken bas\u0131n organlar\u0131na, \u00f6zellikle san\u0131klar\u0131n ve \u015f\u00fcphelilerin ifade vermeleri katiyen do\u011fru de\u011fildir. Bu bana g\u00f6re mevzuat\u0131m\u0131za ayk\u0131r\u0131d\u0131r&#8221; diye konu\u015ftu.<\/p>\n<p style=\"text-align: center;\"><a href=\"http:\/\/www.korhanyilmaz.com\/wp-content\/uploads\/2009\/07\/\u0130ZLEY\u0130C\u0130LER.jpg\"  class=\"lightview\"><img loading=\"lazy\" decoding=\"async\" class=\"aligncenter size-full wp-image-12635\" src=\"http:\/\/www.korhanyilmaz.com\/wp-content\/uploads\/2009\/07\/\u0130ZLEY\u0130C\u0130LER.jpg\" alt=\"\" width=\"348\" height=\"180\" \/><\/a><\/p>\n<p style=\"text-align: justify;\">Ertosun, &#8220;Bu olaylarla, Sabanc\u0131&#8217;n\u0131n \u00f6ld\u00fcr\u00fclmesiyle, Mustafa Duyar&#8217;\u0131n \u00f6ld\u00fcr\u00fclmesiyle, benim aramda ba\u011flant\u0131 kurulmas\u0131n\u0131 ben \u015fahsen anlayam\u0131yorum. &#8216;Bu konu ara\u015ft\u0131r\u0131ld\u0131&#8217; diyorum. Tekrar ihbarda bulunun, tekrar ara\u015ft\u0131r\u0131ls\u0131n. &#8216;Bu konu yarg\u0131 karar\u0131na ba\u011fland\u0131&#8217; diyorum, daha fazla ne s\u00f6yleyebilirim. Faturay\u0131 bana \u00e7\u0131kart\u0131yorsunuz ama alt\u0131ndaki ama\u00e7 ne? Alt\u0131ndaki ama\u00e7 HSYK&#8217;y\u0131 y\u0131pratmak. Ben bunu da s\u00f6yl\u00fcyorum. Acaba bug\u00fcn o F tipi cezaevleri olmasayd\u0131 T\u00fcrkiye&#8217;nin hali nice olurdu? Niye bunun \u00fczerinde durmuyorsunuz?&#8221; diye konu\u015ftu.<\/p>\n<p style=\"text-align: justify;\"><strong><span style=\"color: #800000;\">\u0130DD\u0130A 4<\/span>: MUSTAFA DUYAR&#8217;IN \u00d6LD\u00dcR\u00dcLMES\u0130<\/strong><\/p>\n<p style=\"text-align: justify;\">Ertosun, Mustafa Duyar&#8217;\u0131n \u00f6ld\u00fcr\u00fclmesine ili\u015fkin olarak da kendisine y\u00f6nelik iddialar oldu\u011funu ifade ederek, Duyar&#8217;\u0131n cezaevinde \u00f6ld\u00fcr\u00fclmesinden sonra \u015fahs\u0131na y\u00f6nelik yap\u0131lan yay\u0131nlar \u00fczerine bizzat dilek\u00e7e vererek, kendisi hakk\u0131nda inceleme ve gerekirse soru\u015fturma yap\u0131lmas\u0131n\u0131 istedi\u011fini hat\u0131rlatt\u0131.<\/p>\n<p style=\"text-align: justify;\">Ertosun, Adalet Bakanl\u0131\u011f\u0131 Tefti\u015f Kurulu m\u00fcfetti\u015flerinin yapt\u0131\u011f\u0131 incelemede, &#8220;soru\u015fturmaya ge\u00e7ilmesine gerek olmad\u0131\u011f\u0131na&#8221; karar verildi\u011fini anlatt\u0131.<\/p>\n<p style=\"text-align: justify;\">Ayn\u0131 incelemenin Afyon Cezaevi&#8217;ndeki g\u00f6revliler hakk\u0131nda da yap\u0131ld\u0131\u011f\u0131n\u0131 belirten Ertosun, &#8220;Oraya giren tabancan\u0131n ikinci m\u00fcd\u00fcr taraf\u0131ndan sokuldu\u011fu belirlenmi\u015ftir. Bu ki\u015fi ve birinci m\u00fcd\u00fcr hakk\u0131nda gereken tedbirler uygulanm\u0131\u015f, gereken davalar a\u00e7\u0131lm\u0131\u015ft\u0131r. Bir di\u011fer iddia da Mustafa Duyar&#8217;\u0131 \u00f6ld\u00fcrenlerin benim taraf\u0131mdan nakillerinin Afyon Cezaevi&#8217;ne yap\u0131ld\u0131\u011f\u0131d\u0131r. Duyar, kendi iste\u011fiyle ad\u0131 ge\u00e7enin \u00f6ld\u00fcr\u00fclmesine kar\u0131\u015fan as\u0131l failler ise K\u0131rklareli Cumhuriyet Ba\u015fsavc\u0131l\u0131\u011f\u0131&#8217;n\u0131n istemi \u00fczerine Afyon E Tipi Kapal\u0131 Cezaevi&#8217;ne 1997 y\u0131l\u0131nda, yani benim Genel M\u00fcd\u00fcr olmamdan \u00f6nce nakledilmi\u015flerdir. Ben, 16 Kas\u0131m 1998 tarihinde Genel M\u00fcd\u00fcrl\u00fck g\u00f6revine ba\u015flad\u0131m. Bu nakiller benden \u00f6nce ger\u00e7ekle\u015ftirilmi\u015ftir&#8221; dedi.<\/p>\n<p style=\"text-align: justify;\"><strong><span style=\"color: #800000;\">\u0130DD\u0130A 5<\/span>: HAYATA D\u00d6N\u00dc\u015e OPERASYONU VE \u00d6L\u00dcMLER<\/strong><\/p>\n<p style=\"text-align: justify;\">Ertosun, 16 Kas\u0131m 1998 tarihinde Ceza ve Tevkifevleri Genel M\u00fcd\u00fcrl\u00fc\u011f\u00fc&#8217;ne atand\u0131\u011f\u0131n\u0131, o d\u00f6nemde cezaevlerinin \u00fclkenin en \u00f6nemli sorunlar\u0131ndan birini olu\u015fturdu\u011funu s\u00f6yledi.<\/p>\n<p style=\"text-align: justify;\">Devletin uzun y\u0131llar baz\u0131 cezaevlerin hakim olamad\u0131\u011f\u0131n\u0131, buralar\u0131n ter\u00f6r ve \u00e7\u0131kar ama\u00e7l\u0131 su\u00e7 \u00f6rg\u00fctleri i\u00e7in okul vazifesi g\u00f6rd\u00fc\u011f\u00fcn\u00fc s\u00f6yleyen Ertosun, cezaevlerinin adeta devlete meydan okunun yerler haline gelmesinin temel nedeninin ko\u011fu\u015f sistemi oldu\u011funu savundu.<\/p>\n<p style=\"text-align: justify;\">F tipi cezaevlerine ge\u00e7i\u015f s\u00fcrecini anlatan Ertosun, bu sistemin \u00e7ok ucuz bir maliyetle ger\u00e7ekle\u015ftirildi\u011fini, 11 F tipi cezaevinin yakla\u015f\u0131k 40 trilyon liraya mal edildi\u011fini s\u00f6yledi.<\/p>\n<p style=\"text-align: justify;\">Ertosun, cezaevlerinde reforma kar\u015f\u0131 \u00e7\u0131kan ve ko\u011fu\u015f sistemini kendi ama\u00e7lar\u0131 i\u00e7in uygun bulan ter\u00f6r \u00f6rg\u00fctlerinin F tipi cezaevleri a\u00e7\u0131lmadan aleyhte propaganda, eylemler, a\u00e7l\u0131k grevleri ve \u00f6l\u00fcm oru\u00e7lar\u0131na ba\u015flad\u0131klar\u0131n\u0131 belirterek, ancak bunlar\u0131n marjinal \u00e7evreler d\u0131\u015f\u0131nda kamuoyunda destek bulamad\u0131\u011f\u0131n\u0131 bildirdi.<\/p>\n<p style=\"text-align: justify;\">F tipi cezaevlerinin fiziki yap\u0131, g\u00fcvenlik, personel ve hizmet servisleri bak\u0131m\u0131ndan uluslararas\u0131 standartlara ve insan haklar\u0131 standartlar\u0131na uygun oldu\u011funu kaydeden Ertosun, \u00e7a\u011fda\u015f ve modern yerler oldu\u011funu hizmete girmeleri ile cezaevlerine ili\u015fkin bir \u00e7ok sorunun ortadan kalkt\u0131\u011f\u0131n\u0131 anlatt\u0131. Ertosun, F tipi cezaevleriyle getirilen yenilikler ve bunlar\u0131n sonu\u00e7lar\u0131n\u0131 anlatt\u0131.<\/p>\n<p style=\"text-align: justify;\">&#8220;Hayata D\u00f6n\u00fc\u015f Operasyonu&#8221; hakk\u0131nda da bilgi veren Ertosun, &#8220;\u00d6zellikle ve \u00f6nemle belirtmek gerekir ki Hayata D\u00f6n\u00fc\u015f Operasyonu cezaevleri sorunu had safhaya ula\u015ft\u0131\u011f\u0131 d\u00f6nemde Bakanlar Kurulu ve Milli G\u00fcvenlik Kurulu taraf\u0131ndan da de\u011ferlendirilerek al\u0131nan kararlar do\u011frultusunda uygulamaya konulmu\u015ftur. Bu karar salt benim karar\u0131m de\u011fildir. H\u00fck\u00fcmetin karar\u0131d\u0131r, Milli G\u00fcvenlik Kurulu&#8217;nun karar\u0131d\u0131r, \u00f6z olarak devletin karar\u0131d\u0131r&#8221; dedi.<\/p>\n<p style=\"text-align: justify;\">Ertosun, &#8220;Hayata D\u00f6n\u00fc\u015f Operasyonu sonras\u0131nda, cezaevlerinde Ceza Muhakemeleri Usul\u00fc Kanunu&#8217;nun 399. maddesi uyar\u0131nca infaza ara verme ve Anayasam\u0131z\u0131n 104\/2. maddesi gere\u011fince Cumhurba\u015fkan\u0131m\u0131z taraf\u0131ndan affedilenlerle ilgili olarak, Adli T\u0131p Kurumu&#8217;ndan al\u0131nan raporlarla aramda ba\u011flant\u0131 kurulmas\u0131, hi\u00e7bir insaf \u00f6l\u00e7\u00fcs\u00fcyle ba\u011fda\u015fmamaktad\u0131r. \u0130nfaza ara verme yetkisi, ilgili Cumhuriyet Ba\u015fsavc\u0131l\u0131klar\u0131na, af yetkisiyle do\u011frudan Cumhurba\u015fkan\u0131m\u0131za ait olup, Ceza ve Tevkifevleri Genel M\u00fcd\u00fcrl\u00fc\u011f\u00fc&#8217;n\u00fcn bu s\u00fcre\u00e7te rol\u00fc bulunmamaktad\u0131r. Adalet Bakanl\u0131\u011f\u0131&#8217;na ba\u011fl\u0131 olan Adli T\u0131p Kurumu&#8217;nu da benim Genel M\u00fcd\u00fcr olarak etkilemem, y\u00f6nlendirmem m\u00fcmk\u00fcn de\u011fildir&#8221; dedi.<\/p>\n<p style=\"text-align: justify;\">Operasyonun \u00f6l\u00fcms\u00fcz olmas\u0131 i\u00e7in gerekli her t\u00fcrl\u00fc \u00e7aban\u0131n g\u00f6sterildi\u011fini s\u00f6yleyen Ertosun, &#8220;Ke\u015fke \u00f6l\u00fcms\u00fcz olsayd\u0131. Gerekli her t\u00fcrl\u00fc \u00e7aba g\u00f6sterildi. D\u00f6nemin bakan\u0131 Hikmet Sami T\u00fcrk bunu \u00e7ok a\u00e7\u0131k olarak anlatt\u0131. 60. g\u00fcn operasyona karar verildi. \u00d6l\u00fcmlerin ba\u015fad\u0131\u011f\u0131 g\u00fcn. \u015eiddetle direnildi. Ba\u015fka \u00e7are kalmad\u0131\u011f\u0131 i\u00e7in&#8230; E\u011fer bu olmasayd\u0131, d\u0131\u015far\u0131da \u00e7ok daha fazla say\u0131da insan \u00f6l\u00fcrd\u00fc&#8221; dedi.<\/p>\n<p style=\"text-align: justify;\">&#8220;Baz\u0131 insanlar tanr\u0131y\u0131 yanlar\u0131nda zannediyor ve herkese tepeden bak\u0131yor&#8221; diyen Ertosun, &#8220;Allah herkesin Allah\u0131. Bunu bir romandan ald\u0131m. Sadece kendi d\u00fc\u015f\u00fcnd\u00fc\u011f\u00fcn\u00fcz\u00fcn do\u011fru oldu\u011funu sanmay\u0131n, kar\u015f\u0131 fikre de de\u011fer verin. Bug\u00fcn bu sorun \u00e7\u00f6z\u00fcld\u00fcyse, ge\u00e7mi\u015fteki icraatlar\u0131n etkisi olmu\u015ftur. O zaman b\u00f6yle devlet mi olur diyordunuz, \u015fimdi devlet hakim oldu, niye b\u00f6yle diyorsunuz?&#8221; dedi.<\/p>\n<p style=\"text-align: justify;\"><strong><span style=\"color: #800000;\">\u0130DD\u0130A 6<\/span>: FA\u0130L\u0130 ME\u00c7HUL C\u0130NAYET SU\u00c7LAMASIYLA TUTUKLANAN ALBAY TEM\u0130Z\u00d6Z&#8217;\u00dc KURTARMAK \u0130STED\u0130\u011e\u0130<\/strong><\/p>\n<p style=\"text-align: justify;\">Ertosun&#8217;un, faili me\u00e7hul cinayetlerden tutuklu Albay Temiz\u00f6z&#8217;\u00fcn komutan\u0131 Tu\u011fgeneral Ali Ayd\u0131n ile Kayseri Tavas&#8217;taki bir ba\u011f evinde bulu\u015ftu\u011fu da \u00f6ne s\u00fcr\u00fclm\u00fc\u015ft\u00fc. Ba\u011f evinde iki g\u00fcn s\u00fcren toplant\u0131lar\u0131n Temiz\u00f6z&#8217;\u00fcn tutuklanmas\u0131ndan iki hafta \u00f6nce ger\u00e7ekle\u015fti\u011fi iddia edildi. Ertosun&#8217;un haz\u0131rlad\u0131\u011f\u0131 kararnamede, g\u00f6revden al\u0131nmas\u0131 istenenler aras\u0131nda faili me\u00e7hul soru\u015fturmalar\u0131na bakan savc\u0131lar da oldu\u011fu iddia edilmi\u015fti.<\/p>\n<p style=\"text-align: justify;\">Ertosun bu iddialar i\u00e7in de, &#8220;Kayseri&#8217;de adliyeleri ziyaret ettikten sonra 6-7 Mart&#8217;ta Jandarma B\u00f6lge Komutan\u0131 Ali Ayd\u0131n&#8217;\u0131n misafiri olarak kald\u0131m. Ali Ayd\u0131n&#8217;\u0131, ben Tevkifevleri Genel M\u00fcd\u00fcrl\u00fc\u011f\u00fc yaparken, Jandarma Genel Komutanl\u0131\u011f\u0131 Asayi\u015f Dairesi Ba\u015fkan\u0131 iken tan\u0131d\u0131m. Hayata D\u00f6n\u00fc\u015f&#8217;te g\u00f6revliydik. Kayseri&#8217;de bulundu\u011fu s\u0131rada Cemal Temiz\u00f6z ile tan\u0131\u015fmad\u0131m, kendisiyle hi\u00e7 kar\u015f\u0131la\u015fmad\u0131m. Zaten tutuklanm\u0131\u015ft\u0131. Benim soru\u015fturma hakk\u0131nda bilgim yoktu. Bir k\u0131s\u0131m bas\u0131n organlar\u0131nda yay\u0131nlan\u0131nca, Temiz\u00f6z&#8217;\u00fcn o d\u00f6nem izin kulland\u0131\u011f\u0131n\u0131 \u00f6\u011frendim. Can g\u00fcvenli\u011fi nedeniyle jandarma tesislerinde kald\u0131m&#8221; dedi.<\/p>\n<p style=\"text-align: justify;\"><strong><span style=\"color: #800000;\">\u0130DD\u0130A 7<\/span>: HSYK&#8217;YA Y\u00d6NEL\u0130K SU\u00c7LAMALAR<\/strong><\/p>\n<p style=\"text-align: justify;\">Ali Suat Ertosun, HSYK&#8217;n\u0131n yarg\u0131 reformuna kar\u015f\u0131 oldu\u011fu y\u00f6n\u00fcnde izlenim verilmek istendi\u011fini vurgulayarak, hi\u00e7bir zaman yarg\u0131 reformuna ve HSYK&#8217;n\u0131n yeniden yap\u0131land\u0131r\u0131lmas\u0131na kar\u015f\u0131 olmad\u0131\u011f\u0131n\u0131, baz\u0131 Kurul \u00fcyelerinin de d\u00fc\u015f\u00fcncelerine kat\u0131ld\u0131\u011f\u0131n\u0131, ancak bunlar\u0131n HSYK&#8217;n\u0131n resmi g\u00f6r\u00fc\u015f\u00fc olmad\u0131\u011f\u0131n\u0131 anlatt\u0131.<\/p>\n<p style=\"text-align: justify;\">&#8220;HSYK ile ilgili Anayasa&#8217;daki maddelerin de\u011fi\u015ftirilmesi gerekti\u011fine, HSYK&#8217;n\u0131n ayr\u0131 b\u00fct\u00e7e, sekretarya ve binaya sahip olmas\u0131 gerekti\u011fine&#8221; i\u015faret eden Ertosun, HSYK&#8217;n\u0131n yap\u0131s\u0131n\u0131n de\u011fi\u015ftirilmesine y\u00f6nelik g\u00f6r\u00fc\u015flerini dile getirdi.<\/p>\n<p style=\"text-align: justify;\">Ertosun, &#8220;Yapt\u0131\u011f\u0131m hizmetler ve icraatlarla ter\u00f6r ve \u00e7\u0131kar ama\u00e7l\u0131 su\u00e7 \u00f6rg\u00fctlerinin hedefi olmu\u015f bir ki\u015fi olarak, \u015fahs\u0131ma y\u00f6neltilen su\u00e7lamalar\u0131 hak etmedi\u011fini d\u00fc\u015f\u00fcn\u00fcyorum. Gerek benim, gerekse HSYK&#8217;n\u0131n hi\u00e7bir soru\u015fturmay\u0131 \u00f6nleme niyeti ve gayreti olmam\u0131\u015ft\u0131r ve olmayacakt\u0131r. Baz\u0131 soru\u015fturmalar\u0131 \u00f6nlemek istedi\u011finizi, baz\u0131 soru\u015fturmalar\u0131 kapatmak istedi\u011fimiz \u00f6ne s\u00fcr\u00fclmektedir. Bunlar hangi delillere dayan\u0131larak ileri s\u00fcr\u00fclmektedir. Komplo teorileriyle u\u011fra\u015fmayal\u0131m. Yarg\u0131 \u00e7ok b\u00fcy\u00fck yaralar al\u0131yor, bu yaralar\u0131 onarmak, tamir etmek laz\u0131m&#8221; dedi.<\/p>\n<p style=\"text-align: justify;\">&#8220;Y\u00fcksek Kurul, Adalet Bakanl\u0131\u011f\u0131ndan gelen atama kararlar\u0131n\u0131 oldu\u011fu gibi onaylayan noterlik makam\u0131 de\u011fildir&#8221; diyen Ertosun, &#8220;Kurul \u00fcyelerinin de\u011fi\u015fiklik \u00f6nerileri ve yeni teklifler getirerek, ekleme ve \u00e7\u0131karma yapabileceklerini, bunu yaparken de belli verilere, inand\u0131r\u0131c\u0131 gerek\u00e7elere ve nesnel \u00f6l\u00e7\u00fctlere dayanarak, mahkemelerin ba\u011f\u0131ms\u0131zl\u0131\u011f\u0131, hakim teminat\u0131 ve yarg\u0131n\u0131n kurumsal kimli\u011fini esas ald\u0131klar\u0131n\u0131&#8221; s\u00f6yledi.<\/p>\n<p style=\"text-align: justify;\"><span style=\"color: #666699;\">CNN T\u00dcRK<\/span><\/p>\n","protected":false},"excerpt":{"rendered":"<p style=\"text-align: center;\">\n<p style=\"text-align: justify;\">Yarg\u0131da g\u00fcnlerce s\u00fcren atama kriziyle ismi g\u00fcndeme gelen Hakimler ve Savc\u0131lar Y\u00fcksek Kurulu \u00fcyesi Ali Suat Ertosun, bug\u00fcn kameralar\u0131n kar\u015f\u0131s\u0131na ge\u00e7ti ve uzun bir bas\u0131n toplant\u0131s\u0131yla, g\u00fcnlerdir baz\u0131 gazetelerde hakk\u0131nda \u00e7\u0131kan iddialar\u0131 tek tek yan\u0131tlad\u0131. HSYK&#8217;n\u0131n yarg\u0131n\u0131n d\u0131\u015f\u0131na itilmek istendi\u011fini s\u00f6yleyen Ertosun, &#8220;Yarg\u0131 y\u00f6netiminin i\u00e7inde yokuz&#8221; s\u00f6zleriyle mevcut sisteme de <\/p>\n","protected":false},"author":1,"featured_media":0,"comment_status":"open","ping_status":"closed","sticky":false,"template":"","format":"standard","meta":{"footnotes":""},"categories":[105],"tags":[],"class_list":["post-12631","post","type-post","status-publish","format-standard","hentry","category-gundem","odd"],"_links":{"self":[{"href":"http:\/\/www.korhanyilmaz.com\/index.php?rest_route=\/wp\/v2\/posts\/12631","targetHints":{"allow":["GET"]}}],"collection":[{"href":"http:\/\/www.korhanyilmaz.com\/index.php?rest_route=\/wp\/v2\/posts"}],"about":[{"href":"http:\/\/www.korhanyilmaz.com\/index.php?rest_route=\/wp\/v2\/types\/post"}],"author":[{"embeddable":true,"href":"http:\/\/www.korhanyilmaz.com\/index.php?rest_route=\/wp\/v2\/users\/1"}],"replies":[{"embeddable":true,"href":"http:\/\/www.korhanyilmaz.com\/index.php?rest_route=%2Fwp%2Fv2%2Fcomments&post=12631"}],"version-history":[{"count":0,"href":"http:\/\/www.korhanyilmaz.com\/index.php?rest_route=\/wp\/v2\/posts\/12631\/revisions"}],"wp:attachment":[{"href":"http:\/\/www.korhanyilmaz.com\/index.php?rest_route=%2Fwp%2Fv2%2Fmedia&parent=12631"}],"wp:term":[{"taxonomy":"category","embeddable":true,"href":"http:\/\/www.korhanyilmaz.com\/index.php?rest_route=%2Fwp%2Fv2%2Fcategories&post=12631"},{"taxonomy":"post_tag","embeddable":true,"href":"http:\/\/www.korhanyilmaz.com\/index.php?rest_route=%2Fwp%2Fv2%2Ftags&post=12631"}],"curies":[{"name":"wp","href":"https:\/\/api.w.org\/{rel}","templated":true}]}}