{"id":12588,"date":"2009-07-25T00:00:56","date_gmt":"2009-07-24T21:00:56","guid":{"rendered":"http:\/\/www.korhanyilmaz.com\/?p=12588"},"modified":"2011-08-27T16:48:11","modified_gmt":"2011-08-27T13:48:11","slug":"devlet-memurunun-eline-teleobjektifi-kim-veriyor","status":"publish","type":"post","link":"http:\/\/www.korhanyilmaz.com\/?p=12588","title":{"rendered":"Devlet Memurunun Eline Teleobjektifi Kim Veriyor ?"},"content":{"rendered":"<div id=\"attachment_39089\" style=\"width: 115px\" class=\"wp-caption alignright\"><img loading=\"lazy\" decoding=\"async\" aria-describedby=\"caption-attachment-39089\" class=\"size-full wp-image-39089\" title=\"Do\u011fan Yurdakul\" src=\"http:\/\/www.korhanyilmaz.com\/wp-content\/uploads\/2009\/07\/7056.jpg\" alt=\"\" width=\"105\" height=\"114\" \/><p id=\"caption-attachment-39089\" class=\"wp-caption-text\">Do\u011fan Yurdakul<\/p><\/div>\n<p style=\"text-align: justify;\">Bir an i\u00e7in HSYK krizini, yaz kararnamesinin kilitlenmesine neyin neden oldu\u011funu falan bir yana b\u0131rakal\u0131m. Ve kurulun se\u00e7ilmi\u015f \u00fcyelerinden birinin iddias\u0131na kulak verelim. Sayg\u0131 \u00d6zt\u00fcrk\u2019\u00fcn H\u00fcrriyet internet sitesinde d\u00fcn \u00e7\u0131kan haberine g\u00f6re HSYK \u00fcyesi Ali Suat Ertosun \u015f\u00f6yle diyor: \u201cBu \u00fclkede vergi \u00f6deyen insanlar\u0131n paras\u0131yla devlette g\u00f6rev alan baz\u0131 ki\u015filer ne yaz\u0131k ki y\u00fcksek hakimleri izleyip gizlice foto\u011fraflar\u0131n\u0131 \u00e7ekiyor ve bunlar\u0131 da servis ediyor\u2026\u201d<\/p>\n<p style=\"text-align: justify;\">Vahametini anlamayanlar i\u00e7in iddiay\u0131 tekrarl\u0131yorum: Baz\u0131 devlet g\u00f6revlileri y\u00fcksek hakimleri izleyip gizlice foto\u011fraflar\u0131n\u0131 \u00e7ekiyorlar!<\/p>\n<p style=\"text-align: justify;\">Bu iddian\u0131n sahibi bir y\u00fcksek yarg\u0131\u00e7. Ciddiye almamak m\u00fcmk\u00fcn de\u011fil. \u0130ddia ise korkun\u00e7. Tam bir \u201cderin devlet\u201d \u00e7a\u011fr\u0131\u015f\u0131m\u0131 yap\u0131yor. <!--more--><\/p>\n<p style=\"text-align: justify;\">\u00c7\u00fcnk\u00fc s\u0131radan bir devlet memurunun s\u0131rf can s\u0131k\u0131nt\u0131s\u0131ndan d\u00fcnya kadar para verip teleobjektifli bir foto\u011fraf makinesi alaca\u011f\u0131na, bir \u00e7at\u0131n\u0131n veya in\u015faat\u0131n tepesine \u00e7\u0131k\u0131p \u201cileride kullan\u0131lmak \u00fczere\u201d baz\u0131 y\u00fcksek hakimlerin foto\u011fraflar\u0131n\u0131 \u00e7ekece\u011fine, zaman\u0131 gelince de bunlar\u0131 yanda\u015f medyaya servis edece\u011fine kimseyi inand\u0131ramazs\u0131n\u0131z.<\/p>\n<p style=\"text-align: justify;\">Belli ki ortada tamamen organize bir i\u015f vard\u0131r. Yani bu i\u015f devlet i\u00e7indeki bir \u00e7etenin i\u015fidir. Hakimlerin telefonlar\u0131n\u0131n dinlendi\u011fini, odalar\u0131na b\u00f6cek yerle\u015ftirildi\u011fini, ortam dinlemeye maruz b\u0131rak\u0131ld\u0131klar\u0131, elde edilen bu bilgilerle istifa ettirildiklerini biliyorduk. \u015eimdi de uzaktan foto\u011fraflar\u0131n\u0131n \u00e7ekildi\u011fini \u00f6\u011frenmi\u015f buluyoruz. Susurluk \u00e7etesi bile bu kadar\u0131na cesaret edememi\u015fti! Zaten bug\u00fcn ya\u015fad\u0131\u011f\u0131m\u0131z olaylar o \u00e7eteden hesap sorulmam\u0131\u015f olmas\u0131n\u0131n bir sonucudur.<\/p>\n<p style=\"text-align: justify;\">D\u00fcn bu haber yay\u0131nland\u0131\u011f\u0131ndan beri medyay\u0131 tar\u0131yorum, bu korkun\u00e7 iddian\u0131n \u00fczerinde kimsenin durdu\u011fu yok. E\u011fer bu iddian\u0131n haber de\u011feri yoksa neyin haber de\u011feri vard\u0131r? Yoksa medyam\u0131z o devlet memurunun eline teleobjektifi devlet i\u00e7indeki hangi g\u00fc\u00e7lerin verdi\u011fini \u00e7ok iyi bildi\u011fi i\u00e7in mi bu olaya tepki g\u00f6sterememektedir? (Bu konuyla ilgili olarak Odatv\u2019nin \u201cAKP derin devleti foto\u011fraf servis etti\u201d ve \u201cKim bu fetorazziler\u201d ba\u015fl\u0131kl\u0131 haberlerine bakabilirsiniz)<\/p>\n<p style=\"text-align: justify;\">* * *<\/p>\n<p style=\"text-align: justify;\">H\u00fcrriyet Gazetesi Genel Yay\u0131n Y\u00f6netmeni Ertu\u011frul \u00d6zk\u00f6k bug\u00fcnk\u00fc k\u00f6\u015fe yaz\u0131s\u0131nda HSYK krizini ele al\u0131yor. Bu olay\u0131 sanki \u201ckendini Ergenekon savc\u0131s\u0131 sananlarla avukat\u0131 sananlar aras\u0131nda cereyan eden\u201d bir olaym\u0131\u015f gibi de\u011ferlendiriyor ve iki tarafa da \u015fu tavsiyede bulunuyor: \u201cH\u00e2kim ve Savc\u0131lar Y\u00fcksek Kurulu \u00fczerinden elinizi \u00e7ekin.\u201d<\/p>\n<p style=\"text-align: justify;\">H\u00fcrriyet y\u00f6netimi, aynen Albay Dursun \u00c7i\u00e7ek olay\u0131na oldu\u011fu gibi bu olaya da yanl\u0131\u015f yakla\u015f\u0131yor. \u015e\u00f6yle ki;<\/p>\n<p style=\"text-align: justify;\">HSYK\u2019n\u0131n yedi \u00fcyesi var. Bunlardan be\u015fi Yarg\u0131tay ve Dan\u0131\u015ftay\u2019\u0131n g\u00f6sterdi\u011fi adaylar aras\u0131ndan Cumhurba\u015fkan\u0131 taraf\u0131ndan se\u00e7iliyor. Di\u011fer ikisi ise Adalet Bakan\u0131 ile M\u00fcste\u015far\u0131. Olay\u0131m\u0131zda se\u00e7ilmi\u015f be\u015f \u00fcyenin oybirli\u011fiyle yapt\u0131\u011f\u0131 \u00f6neriler atanm\u0131\u015f iki \u00fcye taraf\u0131ndan kabul edilmiyor. Ama kararlar bu iki atanm\u0131\u015f \u00fcyenin (Adalet Bakan\u0131 ile M\u00fcste\u015far\u0131) imzas\u0131 olmadan al\u0131nam\u0131yor, kriz de i\u015fte buradan \u00e7\u0131k\u0131yor.<\/p>\n<p style=\"text-align: justify;\">Yani, HSYK\u2019y\u0131 kilitleyen kriz kurulun se\u00e7ilmi\u015f be\u015f \u00fcyesiyle AKP iktidar\u0131 aras\u0131ndad\u0131r. Bu durumda kurul \u00fcyesi be\u015f y\u00fcksek yarg\u0131ca \u201celinizi HSYK\u2019dan \u00e7ekin\u201d demekten daha gayr\u0131 ciddi bir tav\u0131r olamaz.<\/p>\n<p style=\"text-align: justify;\">Kurul \u00fcyesi be\u015f y\u00fcksek yarg\u0131\u00e7 g\u00fcnlerdir cansiperane bir \u015fekilde yarg\u0131 ba\u011f\u0131ms\u0131zl\u0131\u011f\u0131n\u0131 savunuyorlar.<\/p>\n<p style=\"text-align: justify;\">Buna kar\u015f\u0131l\u0131k h\u00fck\u00fcmet, yarg\u0131y\u0131 kendine ba\u011flama projesi dahilinde, emri alt\u0131ndaki medyaya kurulun yarg\u0131\u00e7lar\u0131n\u0131 lin\u00e7 ettiriyor. \u201cH\u00fck\u00fcmet yanl\u0131s\u0131 olmayan\u201d medya ise olay\u0131 \u201ctarafs\u0131z g\u00f6zlemci\u201d s\u0131fat\u0131yla seyrediyor. HSYK Ba\u015fkanvekili Kadir \u00d6zbek, \u201c\u00e7ok \u00fczg\u00fcn\u00fcz, \u00fcz\u00fcnt\u00fcm\u00fcz b\u00fcy\u00fck, yarg\u0131y\u0131 yarg\u0131ya b\u0131rak\u0131n\u201d diye feryat ediyor. Ne duyan var, ne destekleyen.<\/p>\n<p style=\"text-align: justify;\">E\u011fer \u015fu krizde birine \u201cyarg\u0131dan elini \u00e7ekmesi\u201d \u00f6nerilecekse, bu talebin muhatab\u0131 y\u00fcr\u00fctmenin ba\u015f\u0131, yani AKP h\u00fck\u00fcmeti olmal\u0131d\u0131r.<\/p>\n<p style=\"text-align: justify;\"><span style=\"color: #000000;\"><a href=\"http:\/\/www.odatv.com\/n.php?n=devlet-memurunun-eline-teleobjektifi-kim-veriyor-2507091200\" target=\"_blank\">Kaynak : Do\u011fan Yurdakul &#8211; Odatv.com\u00a0<\/a><\/span><\/p>\n","protected":false},"excerpt":{"rendered":"<p id=\"caption-attachment-39089\" class=\"wp-caption-text\">Do\u011fan Yurdakul<\/p>\n<p style=\"text-align: justify;\">Bir an i\u00e7in HSYK krizini, yaz kararnamesinin kilitlenmesine neyin neden oldu\u011funu falan bir yana b\u0131rakal\u0131m. Ve kurulun se\u00e7ilmi\u015f \u00fcyelerinden birinin iddias\u0131na kulak verelim. Sayg\u0131 \u00d6zt\u00fcrk\u2019\u00fcn H\u00fcrriyet internet sitesinde d\u00fcn \u00e7\u0131kan haberine g\u00f6re HSYK \u00fcyesi Ali Suat Ertosun \u015f\u00f6yle diyor: \u201cBu \u00fclkede vergi \u00f6deyen insanlar\u0131n paras\u0131yla devlette g\u00f6rev alan baz\u0131 <\/p>\n","protected":false},"author":1,"featured_media":0,"comment_status":"open","ping_status":"closed","sticky":false,"template":"","format":"standard","meta":{"footnotes":""},"categories":[16],"tags":[344],"class_list":["post-12588","post","type-post","status-publish","format-standard","hentry","category-kose-yazilari","tag-dogan-yurdakul","odd"],"_links":{"self":[{"href":"http:\/\/www.korhanyilmaz.com\/index.php?rest_route=\/wp\/v2\/posts\/12588","targetHints":{"allow":["GET"]}}],"collection":[{"href":"http:\/\/www.korhanyilmaz.com\/index.php?rest_route=\/wp\/v2\/posts"}],"about":[{"href":"http:\/\/www.korhanyilmaz.com\/index.php?rest_route=\/wp\/v2\/types\/post"}],"author":[{"embeddable":true,"href":"http:\/\/www.korhanyilmaz.com\/index.php?rest_route=\/wp\/v2\/users\/1"}],"replies":[{"embeddable":true,"href":"http:\/\/www.korhanyilmaz.com\/index.php?rest_route=%2Fwp%2Fv2%2Fcomments&post=12588"}],"version-history":[{"count":0,"href":"http:\/\/www.korhanyilmaz.com\/index.php?rest_route=\/wp\/v2\/posts\/12588\/revisions"}],"wp:attachment":[{"href":"http:\/\/www.korhanyilmaz.com\/index.php?rest_route=%2Fwp%2Fv2%2Fmedia&parent=12588"}],"wp:term":[{"taxonomy":"category","embeddable":true,"href":"http:\/\/www.korhanyilmaz.com\/index.php?rest_route=%2Fwp%2Fv2%2Fcategories&post=12588"},{"taxonomy":"post_tag","embeddable":true,"href":"http:\/\/www.korhanyilmaz.com\/index.php?rest_route=%2Fwp%2Fv2%2Ftags&post=12588"}],"curies":[{"name":"wp","href":"https:\/\/api.w.org\/{rel}","templated":true}]}}