{"id":12562,"date":"2009-07-29T17:32:44","date_gmt":"2009-07-29T14:32:44","guid":{"rendered":"http:\/\/www.korhanyilmaz.com\/?p=12562"},"modified":"2009-07-29T17:32:44","modified_gmt":"2009-07-29T14:32:44","slug":"gule-yargilama-isteyen-mahkemeye-inceleme","status":"publish","type":"post","link":"http:\/\/www.korhanyilmaz.com\/?p=12562","title":{"rendered":"G\u00fcl&#039;e yarg\u0131lama isteyen mahkemeye inceleme"},"content":{"rendered":"<p style=\"text-align: center;\"><a href=\"http:\/\/www.korhanyilmaz.com\/wp-content\/uploads\/2009\/07\/gul.jpg\"  class=\"lightview\"><img loading=\"lazy\" decoding=\"async\" class=\"aligncenter size-full wp-image-12563\" src=\"http:\/\/www.korhanyilmaz.com\/wp-content\/uploads\/2009\/07\/gul.jpg\" alt=\"\" width=\"307\" height=\"236\" \/><\/a><\/p>\n<p style=\"text-align: justify;\">Adalet Bakanl\u0131\u011f\u0131 m\u00fcfetti\u015fleri, Kay\u0131p Trilyon davas\u0131nda Cumhurba\u015fkan\u0131 Abdullah G\u00fcl i\u00e7in yarg\u0131lama isteyen Sincan 1. A\u011f\u0131r Ceza Mahkemesi&#8217;nde tefti\u015f yap\u0131yor.<\/p>\n<p style=\"text-align: justify;\">Sincan 1. A\u011f\u0131r Ceza Mahkemesi Ba\u015fkan\u0131 Osman Ka\u00e7maz, 3 Adalet Bakanl\u0131\u011f\u0131 m\u00fcfetti\u015finin Sincan Adliyesi&#8217;nde tefti\u015fte bulundu\u011funu belirterek, &#8220;Tefti\u015f bizimle mi ilgili bilmiyorum, \u015fu anda inceleme devam ediyor&#8221; dedi.<\/p>\n<p style=\"text-align: justify;\">Ka\u00e7maz, rutin tefti\u015flerini ge\u00e7en y\u0131l ge\u00e7irdiklerini kaydederek, &#8220;Yap\u0131lan tefti\u015fin normal olmad\u0131\u011f\u0131n\u0131&#8221; s\u00f6yledi.<\/p>\n<p style=\"text-align: justify;\">\u0130zinde oldu\u011fu i\u00e7in Sincan Adliyesi&#8217;ndeki tefti\u015fin tam olarak kapsam\u0131n\u0131 bilmedi\u011fini ifade eden Ka\u00e7maz, &#8220;3 m\u00fcfetti\u015f inceleme yap\u0131yor. \u0130zinde oldu\u011fum i\u00e7in sebebini bilmiyorum. Ola\u011fan tefti\u015f olup olmad\u0131\u011f\u0131n\u0131 bilmiyorum. Bizimle ilgili mi, de\u011fil mi onu da bilmiyorum&#8221; diye konu\u015ftu. <!--more--><\/p>\n<p style=\"text-align: justify;\">Sincan 1. A\u011f\u0131r Ceza Mahkemesi, ge\u00e7ti\u011fimiz may\u0131s ay\u0131nda, Ankara Cumhuriyet Ba\u015fsavc\u0131l\u0131\u011f\u0131&#8217;n\u0131n &#8220;Kay\u0131p Trilyon&#8221; davas\u0131yla ilgili Cumhurba\u015fkan\u0131 Abdullah G\u00fcl hakk\u0131nda verdi\u011fi &#8220;kovu\u015fturma yap\u0131lmas\u0131na yer olmad\u0131\u011f\u0131&#8221; karar\u0131n\u0131 kald\u0131rm\u0131\u015ft\u0131.<\/p>\n<p style=\"text-align: justify;\">Bunun \u00fczerine, Ankara Cumhuriyet Ba\u015fsavc\u0131l\u0131\u011f\u0131, Sincan 1. A\u011f\u0131r Ceza Mahkemesi&#8217;nin karar\u0131n\u0131n &#8220;kanun yarar\u0131na bozulmas\u0131&#8221; istemiyle Adalet Bakanl\u0131\u011f&#8217;\u0131na ba\u015fvurmu\u015ftu.<\/p>\n<p style=\"text-align: justify;\">Sincan 1. A\u011f\u0131r Ceza Mahkemesi&#8217;nin karar\u0131nda, G\u00fcl hakk\u0131nda &#8220;\u00f6zel evrakta sahtecilik&#8221; ve &#8220;2820 say\u0131l\u0131 Siyasi Partiler Kanunu&#8217;na&#8221; ayk\u0131r\u0131l\u0131k su\u00e7lar\u0131ndan dolay\u0131 soru\u015fturma a\u00e7\u0131ld\u0131\u011f\u0131, soru\u015fturma sonunda Ankara Cumhuriyet Ba\u015fsavc\u0131l\u0131\u011f\u0131&#8217;nca &#8220;kovu\u015fturma yap\u0131lmas\u0131na yer olmad\u0131\u011f\u0131na&#8221; karar verildi\u011fi an\u0131msat\u0131lm\u0131\u015ft\u0131. Sincan 1. A\u011f\u0131r Ceza Mahkemesi&#8217;nin karar\u0131nda, \u015funlar kaydedilmi\u015fti:<\/p>\n<p style=\"text-align: justify;\">&#8220;Ancak; bu kovu\u015fturmaya yer olmad\u0131\u011f\u0131na karar verilirken Ankara Cumhuriyet Ba\u015fsavc\u0131l\u0131\u011f\u0131, yasalar y\u00f6n\u00fcnden dokunulmazl\u0131\u011f\u0131 bulunan ve yasalarda yarg\u0131lanmalar\u0131 istisna kabul edilen ki\u015filer ile k\u0131yas yap\u0131larak, \u015f\u00fcphelinin Cumhurba\u015fkan\u0131 olmas\u0131 nedeniyle milletvekili ve bakanlara tan\u0131nan dokunulmazl\u0131\u011f\u0131n\u0131n yasa koyucunun Cumhurba\u015fkan\u0131n\u0131 da kapsad\u0131\u011f\u0131 y\u00f6n\u00fcnde g\u00f6r\u00fc\u015fleri hukuktan yoksun, kanunlara ayk\u0131r\u0131 oldu\u011fu a\u00e7\u0131kt\u0131r.<\/p>\n<p style=\"text-align: justify;\">K\u0131yas\u0131n; kamu hukuku alan\u0131nda yap\u0131lamayaca\u011f\u0131, kald\u0131 ki daha \u00f6nce Cumhurba\u015fkanl\u0131\u011f\u0131 makam\u0131nda bulunan ki\u015filerin \u00f6nceden su\u00e7 i\u015flemi\u015f bulunmalar\u0131n\u0131n do\u011fal olarak yasa koyucular taraf\u0131ndan d\u00fc\u015f\u00fcn\u00fclemedi\u011finden Anayasa&#8217;da bu konuda bo\u015flu\u011fun bulundu\u011fu, bunun yerine Anayasa&#8217;n\u0131n ilgili h\u00fck\u00fcmlerinde de\u011fi\u015fiklik yap\u0131larak Cumhurba\u015fkanl\u0131\u011f\u0131 makam\u0131nda bulunan ki\u015filerin Cumhurba\u015fkanl\u0131\u011f\u0131 d\u00f6neminden \u00f6nceki su\u00e7lar\u0131na y\u00f6nelik d\u00fczenlemelerin yap\u0131lmas\u0131 gerekti\u011fi ve Anayasa&#8217;daki bu bo\u015flu\u011fun k\u0131yas yolu ile de\u011fil, hukuki d\u00fczenleme ile ortadan kald\u0131r\u0131lmas\u0131 hukuki a\u00e7\u0131dan \u00e7ok daha uygun olaca\u011f\u0131ndan; \u015f\u00fcpheli Abdullah G\u00fcl hakk\u0131nda iddia olunan eylemlerin kan\u0131t ve unsurlar\u0131n\u0131n mahkemesince tart\u0131\u015f\u0131lmas\u0131 i\u00e7in Ankara Cumhuriyet Ba\u015fsavc\u0131l\u0131\u011f\u0131n\u0131n hukuka uygun olmayan takipsizlik karar\u0131n\u0131n kald\u0131r\u0131lmas\u0131na karar vermek gerekmi\u015ftir.&#8221;<\/p>\n<p style=\"text-align: justify;\">G\u00fcl, &#8220;Kay\u0131p Trilyon&#8221; davas\u0131nda \u00f6zel belgede sahtecilik su\u00e7lamas\u0131ndan 11 ay ev hapsi cezas\u0131na \u00e7arpt\u0131r\u0131lan eski Ba\u015fbakan Necmettin Erbakan&#8217;\u0131n cezas\u0131n\u0131 &#8220;s\u00fcrekli hastal\u0131k&#8221; gerek\u00e7esiyle affetmi\u015fti.<\/p>\n<p style=\"text-align: justify;\"><span style=\"color: #888888;\">CNN T\u00dcRK<\/span><\/p>\n","protected":false},"excerpt":{"rendered":"<p style=\"text-align: center;\">\n<p style=\"text-align: justify;\">Adalet Bakanl\u0131\u011f\u0131 m\u00fcfetti\u015fleri, Kay\u0131p Trilyon davas\u0131nda Cumhurba\u015fkan\u0131 Abdullah G\u00fcl i\u00e7in yarg\u0131lama isteyen Sincan 1. A\u011f\u0131r Ceza Mahkemesi&#8217;nde tefti\u015f yap\u0131yor.<\/p>\n<p style=\"text-align: justify;\">Sincan 1. A\u011f\u0131r Ceza Mahkemesi Ba\u015fkan\u0131 Osman Ka\u00e7maz, 3 Adalet Bakanl\u0131\u011f\u0131 m\u00fcfetti\u015finin Sincan Adliyesi&#8217;nde tefti\u015fte bulundu\u011funu belirterek, &#8220;Tefti\u015f bizimle mi ilgili bilmiyorum, \u015fu anda inceleme devam ediyor&#8221; dedi.<\/p>\n<p  \n\n","protected":false},"author":1,"featured_media":0,"comment_status":"open","ping_status":"closed","sticky":false,"template":"","format":"standard","meta":{"footnotes":""},"categories":[105],"tags":[],"class_list":["post-12562","post","type-post","status-publish","format-standard","hentry","category-gundem","odd"],"_links":{"self":[{"href":"http:\/\/www.korhanyilmaz.com\/index.php?rest_route=\/wp\/v2\/posts\/12562","targetHints":{"allow":["GET"]}}],"collection":[{"href":"http:\/\/www.korhanyilmaz.com\/index.php?rest_route=\/wp\/v2\/posts"}],"about":[{"href":"http:\/\/www.korhanyilmaz.com\/index.php?rest_route=\/wp\/v2\/types\/post"}],"author":[{"embeddable":true,"href":"http:\/\/www.korhanyilmaz.com\/index.php?rest_route=\/wp\/v2\/users\/1"}],"replies":[{"embeddable":true,"href":"http:\/\/www.korhanyilmaz.com\/index.php?rest_route=%2Fwp%2Fv2%2Fcomments&post=12562"}],"version-history":[{"count":0,"href":"http:\/\/www.korhanyilmaz.com\/index.php?rest_route=\/wp\/v2\/posts\/12562\/revisions"}],"wp:attachment":[{"href":"http:\/\/www.korhanyilmaz.com\/index.php?rest_route=%2Fwp%2Fv2%2Fmedia&parent=12562"}],"wp:term":[{"taxonomy":"category","embeddable":true,"href":"http:\/\/www.korhanyilmaz.com\/index.php?rest_route=%2Fwp%2Fv2%2Fcategories&post=12562"},{"taxonomy":"post_tag","embeddable":true,"href":"http:\/\/www.korhanyilmaz.com\/index.php?rest_route=%2Fwp%2Fv2%2Ftags&post=12562"}],"curies":[{"name":"wp","href":"https:\/\/api.w.org\/{rel}","templated":true}]}}