{"id":12553,"date":"2009-07-29T10:59:28","date_gmt":"2009-07-29T07:59:28","guid":{"rendered":"http:\/\/www.korhanyilmaz.com\/?p=12553"},"modified":"2009-07-29T10:59:28","modified_gmt":"2009-07-29T07:59:28","slug":"guardiandan-ilginc-yorum","status":"publish","type":"post","link":"http:\/\/www.korhanyilmaz.com\/?p=12553","title":{"rendered":"&#8216; Erdo\u011fan Atat\u00fcrk&#8217;\u00fcn miras\u0131na darbe vuracak &#8216;"},"content":{"rendered":"<p style=\"text-align: center;\"><a href=\"http:\/\/www.korhanyilmaz.com\/wp-content\/uploads\/2009\/07\/290720091102313565876.jpg\"  class=\"lightview\"><img loading=\"lazy\" decoding=\"async\" class=\"aligncenter size-full wp-image-12554\" src=\"http:\/\/www.korhanyilmaz.com\/wp-content\/uploads\/2009\/07\/290720091102313565876.jpg\" alt=\"\" width=\"329\" height=\"210\" \/><\/a><a href=\"http:\/\/www.korhanyilmaz.com\/swf\/flvplayer.swf?file=http:\/\/www.tarim59.com\/video_haber\/kurtacilimi.flv\" class=\"lightview\" title=\"Erdo\u011fan Atat\u00fcrk'\u00fcn miras\u0131na darbe vuracak ::  :: width: 500, height: 395\" rel=\"iframe\" ><img loading=\"lazy\" decoding=\"async\" class=\"aligncenter\" title=\"Habere \u0130li\u015fkin Videoyu \u0130zlemek \u0130\u00e7in T\u0131klay\u0131n..\" src=\"wp-data\/images\/video_izle_tikla.png\" alt=\"\" width=\"30\" height=\"30\" \/ class=\"lightview\"><\/a><\/p>\n<p style=\"text-align: justify;\">\u0130ngiliz The Guardian gazetesi, Ba\u015fbakan Recep Tayyip Erdo\u011fan&#8217;\u0131n \u201cAtat\u00fcrk&#8217;\u00fcn a\u015f\u0131nmakta olan ultramilliyet\u00e7i miras\u0131na en b\u00fcy\u00fck darbeyi vurmak \u00fczere olabilece\u011fi&#8221;ni yazd\u0131.<\/p>\n<p style=\"text-align: justify;\">Guardian yazar\u0131 Simon Tisdall&#8217;\u0131n kaleme ald\u0131\u011f\u0131 ve T\u00fcrkiye&#8217;deki K\u00fcrt a\u00e7\u0131l\u0131m\u0131 tart\u0131\u015fmalar\u0131n\u0131n ele al\u0131nd\u0131\u011f\u0131 \u201cT\u00fcrkiye Bar\u0131\u015fa m\u0131 Haz\u0131rlan\u0131yor?&#8221; ba\u015fl\u0131kl\u0131 yaz\u0131da, \u201cOlay\u0131n tezat olu\u015fturan yan\u0131 \u015fu ki, bu ad\u0131mlar h\u00fck\u00fcmetin s\u00f6zde \u0130slamc\u0131 g\u00fcndemini hayata ge\u00e7irmesiyle de\u011fil, T\u00fcrkiye&#8217;nin 12 milyonu bulan ve Atat\u00fcrk d\u00f6neminde bask\u0131 alt\u0131nda tutulan g\u00fc\u00e7l\u00fc etnik K\u00fcrt az\u0131nl\u0131\u011f\u0131n haklar\u0131yla ilgili&#8221; denildi.<\/p>\n<p style=\"text-align: justify;\">The Guardian, Erdo\u011fan&#8217;\u0131n yeni giri\u015fiminin, hem kendisini hem de lideri oldu\u011fu partiyi gizli dinci g\u00fcndem izlemekle su\u00e7layan asker ve sivil laik muhafazakar \u00e7evreler taraf\u0131ndan durdurulabilece\u011fini \u00f6ne s\u00fcrd\u00fc.<!--more--><\/p>\n<p style=\"text-align: justify;\">Gazete bu \u00e7er\u00e7evede, MHP Genel Ba\u015fkan\u0131 Devlet Bah\u00e7eli&#8217;nin Ba\u015fbakan Erdo\u011fan&#8217;\u0131 \u201c\u0130mral\u0131 kasab\u0131n\u0131n rehberli\u011finde T\u00fcrkiye&#8217;yi b\u00f6lmeye haz\u0131rlanmakla&#8221; su\u00e7lad\u0131\u011f\u0131n\u0131 belirterek, Bah\u00e7eli&#8217;nin \u201cErdo\u011fan, T\u00fcrkiye i\u00e7in ciddi bir risk haline geldi&#8221; \u015feklindeki s\u00f6zlerine de yer verdi.<\/p>\n<p style=\"text-align: justify;\">Erdo\u011fan&#8217;\u0131n plan\u0131n\u0131n ayr\u0131nt\u0131lar\u0131n\u0131n hen\u00fcz bilinmedi\u011fini vurgulayan \u0130ngiliz gazetesi, T\u00fcrk bas\u0131n\u0131nda, &#8220;PKK&#8217;l\u0131lar i\u00e7in genel af, siyasi, ekonomik, dil ve e\u011fitim haklar\u0131, G\u00fcneydo\u011fu&#8217;da K\u00fcrt\u00e7e isim yasa\u011f\u0131n\u0131n kald\u0131r\u0131lmas\u0131&#8221; gibi ad\u0131mlardan s\u00f6z edildi\u011fini kaydetti.<\/p>\n<p style=\"text-align: justify;\">Gazete, PKK&#8217;n\u0131n cezaevinde bulunan eleba\u015f\u0131s\u0131n\u0131n da bir &#8220;yol haritas\u0131&#8221; haz\u0131rl\u0131\u011f\u0131nda oldu\u011fu y\u00f6n\u00fcnde haberler bulundu\u011funu hat\u0131rlatarak \u015fu s\u00f6zlere yer verdi:<\/p>\n<p style=\"text-align: justify;\">\u201cBuna kar\u015f\u0131l\u0131k, iki emekli orgeneralin de san\u0131klar\u0131 aras\u0131nda oldu\u011fu Ergenekon davas\u0131 ve ge\u00e7en y\u0131l t\u00fcrban\u0131n \u00fcniversitelerde serbest b\u0131rak\u0131lmas\u0131 gibi \u00f6rneklerde ortaya \u00e7\u0131kan ve bir s\u00fcredir ya\u015fanan i\u00e7 gerilimler, Erdo\u011fan&#8217;\u0131n K\u00fcrt a\u00e7\u0131l\u0131m\u0131n\u0131 ray\u0131ndan \u00e7\u0131karma tehdidi ta\u015f\u0131yor. S\u00f6z konusu bar\u0131\u015f s\u00fcreci de baz\u0131 \u00e7evrelerde, Atat\u00fcrk&#8217;\u00fcn milliyet\u00e7i ideallerinin baltalanmas\u0131 olarak g\u00f6r\u00fclebilir. Ancak zaman de\u011fi\u015fiyor, T\u00fcrkiye&#8217;nin muhafazakarl\u0131kta \u0131srar eden devlet\u00e7ileri de de\u011fi\u015fmek zorunda kalabilirler&#8221;<\/p>\n<p style=\"text-align: justify;\"><strong><em>&#8220;Sultan&#8217;dan Atat\u00fcrk&#8217;e&#8230;&#8221;<\/em><\/strong><\/p>\n<p style=\"text-align: justify;\">Yaz\u0131da, tarih\u00e7i Andrew Mango&#8217;nun kaleme ald\u0131\u011f\u0131 \u201cSultan&#8217;dan Atat\u00fcrk&#8217;e&#8221; isimli yeni kitaba da yer veriliyor. Kitaba g\u00f6re Atat\u00fcrk o d\u00f6nemde kendini \u201culus devlet&#8221; kavram\u0131na adad\u0131\u011f\u0131 i\u00e7in ne dine, ne ayr\u0131l\u0131k\u00e7\u0131lara ve ne de az\u0131nl\u0131klara ay\u0131racak zaman\u0131 olmad\u0131\u011f\u0131n\u0131 belirten The Guardian, T\u00fcrkiye&#8217;yi kuran Lozan Anla\u015fmas\u0131&#8217;n\u0131n \u00fczerinden 86 y\u0131l ge\u00e7tikten sonra Atat\u00fcrk&#8217;\u00fcn bi\u00e7ti\u011fi dar g\u00f6mle\u011fin gev\u015fetilmesi y\u00f6n\u00fcnde b\u00fcy\u00fck bask\u0131lar bulundu\u011funu ileri s\u00fcrd\u00fc.<\/p>\n<p style=\"text-align: justify;\"><span style=\"color: #888888;\">CNN T\u00dcRK<\/span><\/p>\n","protected":false},"excerpt":{"rendered":"<p style=\"text-align: center;\">\n<p style=\"text-align: justify;\">\u0130ngiliz The Guardian gazetesi, Ba\u015fbakan Recep Tayyip Erdo\u011fan&#8217;\u0131n \u201cAtat\u00fcrk&#8217;\u00fcn a\u015f\u0131nmakta olan ultramilliyet\u00e7i miras\u0131na en b\u00fcy\u00fck darbeyi vurmak \u00fczere olabilece\u011fi&#8221;ni yazd\u0131.<\/p>\n<p style=\"text-align: justify;\">Guardian yazar\u0131 Simon Tisdall&#8217;\u0131n kaleme ald\u0131\u011f\u0131 ve T\u00fcrkiye&#8217;deki K\u00fcrt a\u00e7\u0131l\u0131m\u0131 tart\u0131\u015fmalar\u0131n\u0131n ele al\u0131nd\u0131\u011f\u0131 \u201cT\u00fcrkiye Bar\u0131\u015fa m\u0131 Haz\u0131rlan\u0131yor?&#8221; ba\u015fl\u0131kl\u0131 yaz\u0131da, \u201cOlay\u0131n tezat olu\u015fturan yan\u0131 \u015fu ki, bu ad\u0131mlar h\u00fck\u00fcmetin <\/p>\n","protected":false},"author":1,"featured_media":0,"comment_status":"open","ping_status":"closed","sticky":false,"template":"","format":"standard","meta":{"footnotes":""},"categories":[3],"tags":[],"class_list":["post-12553","post","type-post","status-publish","format-standard","hentry","category-dunya","odd"],"_links":{"self":[{"href":"http:\/\/www.korhanyilmaz.com\/index.php?rest_route=\/wp\/v2\/posts\/12553","targetHints":{"allow":["GET"]}}],"collection":[{"href":"http:\/\/www.korhanyilmaz.com\/index.php?rest_route=\/wp\/v2\/posts"}],"about":[{"href":"http:\/\/www.korhanyilmaz.com\/index.php?rest_route=\/wp\/v2\/types\/post"}],"author":[{"embeddable":true,"href":"http:\/\/www.korhanyilmaz.com\/index.php?rest_route=\/wp\/v2\/users\/1"}],"replies":[{"embeddable":true,"href":"http:\/\/www.korhanyilmaz.com\/index.php?rest_route=%2Fwp%2Fv2%2Fcomments&post=12553"}],"version-history":[{"count":0,"href":"http:\/\/www.korhanyilmaz.com\/index.php?rest_route=\/wp\/v2\/posts\/12553\/revisions"}],"wp:attachment":[{"href":"http:\/\/www.korhanyilmaz.com\/index.php?rest_route=%2Fwp%2Fv2%2Fmedia&parent=12553"}],"wp:term":[{"taxonomy":"category","embeddable":true,"href":"http:\/\/www.korhanyilmaz.com\/index.php?rest_route=%2Fwp%2Fv2%2Fcategories&post=12553"},{"taxonomy":"post_tag","embeddable":true,"href":"http:\/\/www.korhanyilmaz.com\/index.php?rest_route=%2Fwp%2Fv2%2Ftags&post=12553"}],"curies":[{"name":"wp","href":"https:\/\/api.w.org\/{rel}","templated":true}]}}