{"id":12532,"date":"2009-07-28T13:14:02","date_gmt":"2009-07-28T10:14:02","guid":{"rendered":"http:\/\/www.korhanyilmaz.com\/?p=12532"},"modified":"2009-07-28T13:14:02","modified_gmt":"2009-07-28T10:14:02","slug":"guneydoguda-herkesin-bildigi-sirlar","status":"publish","type":"post","link":"http:\/\/www.korhanyilmaz.com\/?p=12532","title":{"rendered":"G\u00fcneydo\u011fu&#039;da herkesin bildi\u011fi s\u0131rlar&#8230;"},"content":{"rendered":"<p style=\"text-align: center;\"><a href=\"http:\/\/www.korhanyilmaz.com\/wp-content\/uploads\/2009\/07\/DOGU2.jpg\"  class=\"lightview\"><img loading=\"lazy\" decoding=\"async\" class=\"aligncenter size-full wp-image-12533\" src=\"http:\/\/www.korhanyilmaz.com\/wp-content\/uploads\/2009\/07\/DOGU2.jpg\" alt=\"\" width=\"269\" height=\"207\" \/><\/a><\/p>\n<p style=\"text-align: center;\"><span style=\"color: #888888;\"><em>Tan\u0131klar \u00d6l\u00fcm Kuyular\u0131n\u0131 Anlat\u0131yor<\/em><\/span><\/p>\n<p style=\"text-align: center;\"><a class=\"lightview\" title=\"Tan\u0131klar \u00d6l\u00fcm Kuyular\u0131n\u0131 Anlat\u0131yor ::  :: width: 500, height: 395\" rel=\"iframe\" href=\"http:\/\/www.korhanyilmaz.com\/swf\/flvplayer.swf?file=http:\/\/www.tarim59.com\/video_haber\/olumkuyulari.flv\"><img loading=\"lazy\" decoding=\"async\" class=\"aligncenter\" title=\"Habere \u0130li\u015fkin Videoyu \u0130zlemek \u0130\u00e7in T\u0131klay\u0131n..\" src=\"wp-data\/images\/video_izle_tikla.png\" alt=\"\" width=\"30\" height=\"30\" \/ class=\"lightview\"><\/a><\/p>\n<p style=\"text-align: justify;\">K\u00fcrt a\u00e7\u0131l\u0131m\u0131n\u0131n konu\u015fuldu\u011fu \u015fu g\u00fcnlerde, g\u00f6zler G\u00fcneydo\u011fu&#8217;da i\u015flenen faili me\u00e7hul cinayetlere \u00e7evrildi. Diyarbak\u0131r Cumhuriyet Ba\u015fsavc\u0131l\u0131\u011f\u0131&#8217;n\u0131n haz\u0131rlad\u0131\u011f\u0131 iddianame ve itiraf\u00e7\u0131lar\u0131n bu iddianamede yer alan ifadeleri cinayetlere \u0131\u015f\u0131k tutuyor. \u0130fadelerin baz\u0131lar\u0131 geri al\u0131nsa da anlat\u0131lanlarla ya\u015fananlar \u00e7ok farkl\u0131 de\u011fil.<\/p>\n<p style=\"text-align: justify;\">T\u0131pk\u0131 1994 y\u0131l\u0131nda Cizre-Silopi hatt\u0131nda g\u00f6zalt\u0131na al\u0131nan 4 ki\u015finin \u00f6yk\u00fcs\u00fcnde oldu\u011fu gibi&#8230;<\/p>\n<p style=\"text-align: justify;\">\u00d6len S\u00fcleyman Gasnak&#8217;\u0131n e\u015fi Leyla Gasyak anlat\u0131yor: &#8220;E\u015fim, S\u00fcleyman amcam ve \u00d6mer ile beraber koyun al\u0131m sat\u0131m\u0131 yap\u0131yordu. Saat 8-9 gibi evden \u00e7\u0131kt\u0131lar. Yar\u0131m saat, bir saat ge\u00e7mi\u015fti ki, evimizin telefonu \u00e7ald\u0131. Tan\u0131mad\u0131\u011f\u0131m\u0131z ki\u015filer bana, &#8216;Sizin taksiyi BOTA\u015e&#8217;ta durdurdular ve i\u00e7indekilerin ellerini ba\u011flayarak a\u015fa\u011f\u0131ya, Holan&#8217;a do\u011fru g\u00f6t\u00fcrd\u00fcler&#8217; dedi.&#8221; <!--more--><\/p>\n<p style=\"text-align: justify;\">Leyla Gasyak&#8217;\u0131n anlatt\u0131klar\u0131 Diyarbak\u0131r Cumhuriyet Savc\u0131l\u0131\u011f\u0131&#8217;n\u0131n haz\u0131rlad\u0131\u011f\u0131 iddianamede de var. Gizli tan\u0131k &#8220;T\u00fckenmez Kalem&#8221;, daha sonra geri ald\u0131\u011f\u0131 ifadesinde anlat\u0131yor:<\/p>\n<p style=\"text-align: justify;\">&#8220;Sivil beyaz renkli Toros marka iki araca; Tuna&#8217;n\u0131n kulland\u0131\u011f\u0131nda ben ve Tayfun kod adl\u0131 H\u0131d\u0131r bulunuyorduk, Adem&#8217;in kulland\u0131\u011f\u0131 di\u011fer araca Yavuz ve Cabbar uzman \u00e7avu\u015f bindiler. Silopi yoluna hareket ettik. Yolun yakla\u015f\u0131k 10-15. kilometresinde beyaz bir Toros ara\u00e7 durduruldu, i\u00e7inde yanl\u0131\u015f hat\u0131rlam\u0131yorsam s\u00fcr\u00fcc\u00fcs\u00fc ile birlikte 4-5 ki\u015fi vard\u0131. Bu \u015fah\u0131slar\u0131 ara\u00e7lar\u0131ndan indirip kendi ara\u00e7lar\u0131m\u0131za bindirerek Cizre y\u00f6n\u00fcne d\u00f6nd\u00fck.&#8221;<\/p>\n<p style=\"text-align: justify;\"><em><strong>\u00d6len 4 ki\u015fi&#8230;<\/strong><\/em><\/p>\n<p style=\"text-align: justify;\">Cizre y\u00f6n\u00fcne d\u00f6nen G\u00fcneydo\u011fu&#8217;nun korkulu r\u00fcyas\u0131 beyaz Toroslarda, Ke\u00e7\u00e7an Hesinan A\u015fireti&#8217;ne mensup 4 ki\u015fi vard\u0131: S\u00fcleyman Gasnak, Abdulaziz Gasnak, Yahya Akman ve \u00d6mer Cindoruk.<\/p>\n<p style=\"text-align: justify;\">\u00d6mer Cindoruk&#8217;un e\u015fi Han\u0131m Cindoruk&#8217;un o g\u00fcn duyduklar\u0131n\u0131, y\u0131llar sonra gizli tan\u0131k &#8220;T\u00fckenmez Kalem&#8221; do\u011frulad\u0131. Ancak, T\u00fckenmez Kalem ifadesini sonradan geri ald\u0131.<\/p>\n<p style=\"text-align: justify;\">Han\u0131m Cindoruk anlat\u0131yor: &#8220;Ramazan&#8217;a 7 g\u00fcn vard\u0131. Sabah evden \u00e7\u0131km\u0131\u015ft\u0131. \u00d6\u011flene do\u011fru duyduk ki, BOTA\u015e&#8217;ta g\u00f6zalt\u0131na al\u0131nm\u0131\u015f. Bize, \u00d6mer&#8217;in ka\u00e7arken vuruldu\u011funu, \u00f6ld\u00fcr\u00fcld\u00fc\u011f\u00fcn\u00fc s\u00f6ylediler.&#8221;<\/p>\n<p style=\"text-align: justify;\"><em><strong>&#8220;Tarayarak \u00f6ld\u00fcrd\u00fcler&#8230;&#8221; <\/strong><\/em><\/p>\n<p style=\"text-align: justify;\">Ve iddianame: &#8220;Ald\u0131\u011f\u0131m\u0131z \u015fah\u0131slardan birisi ara\u00e7tan kendisini att\u0131. Adem ka\u00e7mas\u0131n diye ate\u015f etti ve bu \u015fahs\u0131 yaralad\u0131. Daha sonra arac\u0131n bagaj\u0131na at\u0131p yolumuza devam ettik. Bozalan k\u00f6y\u00fcne yak\u0131n bir yerde bulunan k\u00fc\u00e7\u00fck bir mezray\u0131 ge\u00e7tikten sonra, bir dere yata\u011f\u0131nda ara\u00e7lar\u0131 durdurup yan\u0131m\u0131za ald\u0131\u011f\u0131m\u0131z \u015fah\u0131slarla birlikte a\u015fa\u011f\u0131ya indik. Yavuz ile Adem bu 4-5 ki\u015fiyi bizden yakla\u015f\u0131k 50 metre kadar uzakla\u015ft\u0131ktan sonra kele\u015flerle tarayarak \u00f6ld\u00fcrd\u00fcler.&#8221;<\/p>\n<p style=\"text-align: justify;\"><em><strong>Koruculuk dayatmas\u0131 m\u0131? <\/strong><\/em><\/p>\n<p style=\"text-align: justify;\">Peki neden? Neden \u00f6ld\u00fcr\u00fcld\u00fcler? T\u00fckenmez Kalem&#8217;in ifadesine g\u00f6re \u00f6ld\u00fcr\u00fclen ki\u015filer PKK&#8217;l\u0131yd\u0131. Ailelere g\u00f6re ise \u00f6l\u00fcmlerin ard\u0131nda &#8220;koruculuk&#8221; dayatmas\u0131 var.<\/p>\n<p style=\"text-align: justify;\">Yahya Akman&#8217;\u0131n annesi Bedriye Akman, &#8220;Bize koruculu\u011fu dayatt\u0131lar. \u0130stihbarat ve askeriye illa korucu olacaks\u0131n\u0131z, al\u0131n size silahlar, al\u0131n size para diyorlard\u0131. Biz kabul etmedik, olamayaca\u011f\u0131m\u0131z\u0131 s\u00f6yledik&#8221; diye anlat\u0131yor.<\/p>\n<p style=\"text-align: justify;\">Sebep ne olursa olsun 2&#8217;si \u00e7ocuk 4 ki\u015fi, ayn\u0131 g\u00fcn, ayn\u0131 arabadayd\u0131 ve herkesin g\u00f6z\u00fc \u00f6n\u00fcnde al\u0131n\u0131p g\u00f6t\u00fcr\u00fcld\u00fcler. Cesetleri birka\u00e7 g\u00fcn sonra dere yata\u011f\u0131nda bulundu.<\/p>\n<p style=\"text-align: justify;\"><em><strong>Herkes\u00e7e bilinen s\u0131r<\/strong><\/em><\/p>\n<p style=\"text-align: justify;\">Diyarbak\u0131r DGM&#8217;nin tozlu raflar\u0131nda 10 y\u0131l bekleyen dosya da cinayetin failleri de y\u0131llar boyu herkes\u00e7e bilinen bir s\u0131r olarak kald\u0131.<\/p>\n<p style=\"text-align: justify;\">Avukat Tahir El\u00e7i, &#8220;Failleri asl\u0131nda herkes biliyor. \u00d6lenlerin yak\u0131nlar\u0131 biliyor, Cizre&#8217;de herkes konu\u015fuyor. Bu olay o kadar ilgin\u00e7 ki, asl\u0131nda o d\u00f6nemde \u015e\u0131rnak b\u00f6lgesinde G\u00fcneydo\u011fu&#8217;daki halim \u015fiddet iklimini \u00e7ok \u00e7arp\u0131c\u0131 bir \u015fekilde g\u00f6zler \u00f6n\u00fcne seriyor. \u00d6lenlerin ara\u00e7lar\u0131na da jandarma istihbarat timi ve itiraf\u00e7\u0131 san\u0131klar el koyuyorlar sahte plaka ile. Ama herkes bu arac\u0131n \u00f6len ki\u015filere ait oldu\u011funu ve \u00f6ld\u00fcr\u00fclen ki\u015filer taraf\u0131ndan kullan\u0131ld\u0131\u011f\u0131n\u0131 biliyordu&#8221; diyor.<\/p>\n<p><span style=\"color: #888888;\">G\u00f6ksel G\u00f6ksu &#8211; CNN T\u00dcRK<\/span><\/p>\n","protected":false},"excerpt":{"rendered":"<p style=\"text-align: center;\">\n<p style=\"text-align: center;\">Tan\u0131klar \u00d6l\u00fcm Kuyular\u0131n\u0131 Anlat\u0131yor<\/p>\n<p style=\"text-align: center;\">\n<p style=\"text-align: justify;\">K\u00fcrt a\u00e7\u0131l\u0131m\u0131n\u0131n konu\u015fuldu\u011fu \u015fu g\u00fcnlerde, g\u00f6zler G\u00fcneydo\u011fu&#8217;da i\u015flenen faili me\u00e7hul cinayetlere \u00e7evrildi. Diyarbak\u0131r Cumhuriyet Ba\u015fsavc\u0131l\u0131\u011f\u0131&#8217;n\u0131n haz\u0131rlad\u0131\u011f\u0131 iddianame ve itiraf\u00e7\u0131lar\u0131n bu iddianamede yer alan ifadeleri cinayetlere \u0131\u015f\u0131k tutuyor. \u0130fadelerin baz\u0131lar\u0131 geri al\u0131nsa da anlat\u0131lanlarla ya\u015fananlar \u00e7ok farkl\u0131 de\u011fil.<\/p>\n<p style=\"text-align: justify;\">T\u0131pk\u0131 1994 <\/p>\n","protected":false},"author":1,"featured_media":0,"comment_status":"open","ping_status":"closed","sticky":false,"template":"","format":"standard","meta":{"footnotes":""},"categories":[105],"tags":[],"class_list":["post-12532","post","type-post","status-publish","format-standard","hentry","category-gundem","odd"],"_links":{"self":[{"href":"http:\/\/www.korhanyilmaz.com\/index.php?rest_route=\/wp\/v2\/posts\/12532","targetHints":{"allow":["GET"]}}],"collection":[{"href":"http:\/\/www.korhanyilmaz.com\/index.php?rest_route=\/wp\/v2\/posts"}],"about":[{"href":"http:\/\/www.korhanyilmaz.com\/index.php?rest_route=\/wp\/v2\/types\/post"}],"author":[{"embeddable":true,"href":"http:\/\/www.korhanyilmaz.com\/index.php?rest_route=\/wp\/v2\/users\/1"}],"replies":[{"embeddable":true,"href":"http:\/\/www.korhanyilmaz.com\/index.php?rest_route=%2Fwp%2Fv2%2Fcomments&post=12532"}],"version-history":[{"count":0,"href":"http:\/\/www.korhanyilmaz.com\/index.php?rest_route=\/wp\/v2\/posts\/12532\/revisions"}],"wp:attachment":[{"href":"http:\/\/www.korhanyilmaz.com\/index.php?rest_route=%2Fwp%2Fv2%2Fmedia&parent=12532"}],"wp:term":[{"taxonomy":"category","embeddable":true,"href":"http:\/\/www.korhanyilmaz.com\/index.php?rest_route=%2Fwp%2Fv2%2Fcategories&post=12532"},{"taxonomy":"post_tag","embeddable":true,"href":"http:\/\/www.korhanyilmaz.com\/index.php?rest_route=%2Fwp%2Fv2%2Ftags&post=12532"}],"curies":[{"name":"wp","href":"https:\/\/api.w.org\/{rel}","templated":true}]}}