{"id":12529,"date":"2009-07-27T10:09:44","date_gmt":"2009-07-27T07:09:44","guid":{"rendered":"http:\/\/www.korhanyilmaz.com\/?p=12529"},"modified":"2009-07-27T10:09:44","modified_gmt":"2009-07-27T07:09:44","slug":"bir-donemin-karanlik-kuyusu-guneydogu","status":"publish","type":"post","link":"http:\/\/www.korhanyilmaz.com\/?p=12529","title":{"rendered":"Bir d\u00f6nemin karanl\u0131k kuyusu: G\u00fcneydo\u011fu"},"content":{"rendered":"<p><a href=\"http:\/\/www.korhanyilmaz.com\/wp-content\/uploads\/2009\/07\/TOROS.jpg\"  class=\"lightview\"><img loading=\"lazy\" decoding=\"async\" class=\"aligncenter size-full wp-image-12530\" src=\"http:\/\/www.korhanyilmaz.com\/wp-content\/uploads\/2009\/07\/TOROS.jpg\" alt=\"\" width=\"292\" height=\"224\" \/><\/a><\/p>\n<p style=\"text-align: justify;\">Ankara K\u00fcrt a\u00e7\u0131l\u0131m\u0131n\u0131 konu\u015fuyor, itiraf\u00e7\u0131lar verdikleri ifadelerle faili me\u00e7hul cinayetlere tek tek \u0131\u015f\u0131k tutuyor. CNN T\u00dcRK, bug\u00fcnden itibaren G\u00fcneydo\u011fu&#8217;daki faili me\u00e7hul cinayetler dosyas\u0131n\u0131 a\u00e7\u0131yor. CNN T\u00dcRK muhabiri G\u00f6ksel G\u00f6ksu, \u015e\u0131rnak-Cizre-Silopi \u00fc\u00e7genindeki \u00f6l\u00fcm kuyular\u0131n\u0131 ara\u015ft\u0131rd\u0131.<\/p>\n<p style=\"text-align: justify;\">Y\u0131l: 1991&#8230; Halk\u0131n Emek Partisi (HEP) Diyarbak\u0131r \u0130l Ba\u015fkan\u0131 Vedat Ayd\u0131n&#8217;\u0131n \u00f6ld\u00fcr\u00fcld\u00fc. Bu, b\u00f6lgede i\u015flenen ilk faili me\u00e7hul cinayetti. J\u0130TEM ad\u0131 ilk kez bu tarihte duyuldu.<\/p>\n<p style=\"text-align: justify;\">Oysa kimse J\u0130TEM&#8217;in varl\u0131\u011f\u0131n\u0131 kabul etmiyordu? Tart\u0131\u015fma uzun y\u0131llar s\u00fcrd\u00fc; ta ki eski Diyarbak\u0131r Emniyet \u0130stihbarat \u015eube M\u00fcd\u00fcr\u00fc Hanefi Avc\u0131, J\u0130TEM&#8217;i anlatana dek. <!--more--><\/p>\n<p style=\"text-align: justify;\">Avc\u0131, yaln\u0131z &#8220;J\u0130TEM var&#8221; demedi, &#8220;Vedat Ayd\u0131n&#8217;\u0131n cesedi ta\u015f\u0131n\u0131rken Ergani&#8217;de yol kontrol\u00fc yapan bir trafik ekibi yoldan \u00e7ekildi&#8221; dedi. B\u00f6ylece Vedat Ayd\u0131n&#8217;\u0131n cesedi sorunsuzca ge\u00e7irilmi\u015fti.<\/p>\n<p style=\"text-align: justify;\">\u00d6l\u00fcmler birbirini izledi. PKK&#8217;n\u0131n b\u00f6lgedeki etkinli\u011fini azaltmak icin devlet harekete ge\u00e7mi\u015fti. Ancak harekete ge\u00e7en yaln\u0131z devlet de\u011fildi. Ter\u00f6rle m\u00fccadelede durumdan vazife \u00e7\u0131karan ve devlet ad\u0131na hareket etti\u011fini s\u00f6yleyen bu karanl\u0131k g\u00fc\u00e7 &#8220;g\u00f6ze g\u00f6z, di\u015fe di\u015f&#8221; diyor ve hukuk devletini yok say\u0131yordu. Sokak ortas\u0131nda, g\u00f6z g\u00f6re g\u00f6re silahlar patl\u0131yordu.<\/p>\n<p style=\"text-align: justify;\">Meclis Ara\u015ft\u0131rma Komisyonu bir bilan\u00e7o \u00e7\u0131kard\u0131. Buna g\u00f6re kimli\u011fi belirsiz ki\u015filerce \u00f6ld\u00fcr\u00fclenlerin say\u0131s\u0131 17 bin 547&#8217;ydi. Kimsenin kimseye hesap soramad\u0131\u011f\u0131 o g\u00fcnlerde her yerde korku hakimdi.<\/p>\n<p style=\"text-align: justify;\"><em><strong>&#8220;Bu yol \u00f6l\u00fcme a\u00e7\u0131l\u0131yordu&#8221;<\/strong><\/em><\/p>\n<p style=\"text-align: justify;\">Kimsesizler Mezarl\u0131\u011f\u0131&#8217;ndan Yakup Tan\u0131\u015f, &#8220;Silopi, T\u00fcrkiye&#8217;nin bir ucu. Ne ge\u00e7erken u\u011frayabilece\u011finiz, ne de merak edip gezece\u011finiz bir yer. Cizre de \u00f6yle. Buras\u0131 da Cizre&#8217;yle Silopi&#8217;yi birbirine ba\u011flayan yol. Bug\u00fcn elimi kolumu sallayarak bu yolda y\u00fcr\u00fcyebildi\u011fime bakmay\u0131n. 90&#8217;l\u0131 y\u0131llarda bu m\u00fcmk\u00fcn de\u011fildi. \u00c7\u00fcnk\u00fc o y\u0131llarda Cizre ya da Silopi&#8217;ye gitmek yerine, bu yol yaln\u0131zca \u00f6l\u00fcme a\u00e7\u0131l\u0131yordu&#8221; diyor.<\/p>\n<p style=\"text-align: justify;\"><em><strong>Korkulu r\u00fcya: Toros taksi <\/strong><\/em><\/p>\n<p style=\"text-align: justify;\">Eski Sinan Lokantas\u0131&#8217;n\u0131n sahibi Nimet Karaaslan, &#8220;Her t\u00fcrl\u00fc insan vard\u0131. Bir bak\u0131yordun Toros taksi geliyordu, i\u00e7inde 5-6 tane kele\u015f ya da bombal\u0131 tabancal\u0131 insan. Sen kalk\u0131p da ona diyemezsinki &#8216;kimligini \u00e7\u0131kar, sen necisin burada, neyin nesisin&#8217;. Yani, bir insan\u0131 buldu mu al\u0131p g\u00f6t\u00fcr\u00fcp \u00f6ld\u00fcr\u00fcp at\u0131yordu. Toros arabalar\u0131 g\u00f6r\u00fcr g\u00f6rmez kendimizi kaybettiriyorduk. Jandarma 1 y\u0131l i\u00e7erisinde bu yolun \u00fczerisinde 20&#8217;den fazla ceset buldu. 1993 ile 1996 aras\u0131&#8221; diyor.<\/p>\n<p style=\"text-align: justify;\">\u015e\u0131rnak Baro Ba\u015fkan\u0131 Nu\u015firevan El\u00e7i, &#8220;Herkesin korkulu r\u00fcyas\u0131 Renault Toros ara\u00e7lard\u0131. O ara\u00e7lar\u0131 g\u00f6ren  insanlar ka\u00e7acak delik ararlard\u0131. Zaten halk aras\u0131ndaki anlay\u0131\u015fta o ara\u00e7lar\u0131n ald\u0131\u011f\u0131 ki\u015filerin bir daha d\u00f6nemeyece\u011fiydi. O d\u00f6nemde hukukun tamamem rafa kald\u0131r\u0131ld\u0131\u011f\u0131 d\u00f6nemdi. Hukuksuzlu\u011fun kural haline geldi\u011fi bir d\u00f6nemdi&#8221; ifadesini kullan\u0131yor.<\/p>\n<p style=\"text-align: justify;\">G\u00fcneydo\u011fu&#8217;da binlerce aile y\u0131llarca yak\u0131nlar\u0131ndan haber bekledi. O haber, Diyarbak\u0131r Cumhuriyet Ba\u015fsavc\u0131l\u0131\u011f\u0131&#8217;ndan geldi. Savc\u0131l\u0131k, faili me\u00e7hul cinayetler ve ya\u015fanan kay\u0131plarla ilgili soru\u015fturma ba\u015flatt\u0131.<\/p>\n<p style=\"text-align: justify;\">Aralar\u0131nda eski Kayseri Jandarma Alay Komutan\u0131 Albay Cemal Temiz\u00f6z ve eski Cizre Belediye Ba\u015fkan\u0131 Kamil Atak&#8217;\u0131n da bulundu\u011fu 7 san\u0131k tutukland\u0131. \u0130tiraf\u00e7\u0131lar konu\u015fmaya, birbiri ard\u0131na \u00f6l\u00fcm kuyular\u0131 a\u00e7\u0131lmaya ba\u015fland\u0131.<\/p>\n<p style=\"text-align: justify;\">\u015e\u0131rnak Baro Ba\u015fkan\u0131 El\u00e7i, &#8220;\u00d6l\u00fcm kuyular\u0131 Abd\u00fclkadir Aygan&#8217;\u0131n 2004&#8217;ten beri beyanlar\u0131 mevcut ve biz Aygan&#8217;\u0131n beyanlar\u0131n\u0131 ciddiye al\u0131yoruz. \u00c7\u00fcnk\u00fc s\u00f6yledi\u011fi her\u015fey do\u011frulan\u0131yor. 2004 y\u0131l\u0131nda Murat Aslan&#8217;\u0131n cenazesinin Silopi&#8217;de bulunmas\u0131, Hasan Erg\u00fcl&#8217;\u00fcn Elaz\u0131\u011f Hazar g\u00f6l\u00fc kenar\u0131nda bulunmas\u0131 ve benzeri olaylarda da teyit edildi\u011fi i\u00e7in Aygan&#8217;\u0131 \u00e7ok ciddiye al\u0131yoruz&#8221; diyor.<\/p>\n<p style=\"text-align: justify;\">\u0130ddianame Cizre&#8217;deki 55 faili me\u00e7hul cinayete \u0131\u015f\u0131k tutuyor. Cinayetlerin 48&#8217;i Albay Cemal Temiz\u00f6z&#8217;\u00fcn, y\u00fczba\u015f\u0131 r\u00fctbesiyle b\u00f6l\u00fck komutan\u0131 oldu\u011fu y\u0131llara rastl\u0131yor. 1993 -1995 y\u0131llar\u0131na.<\/p>\n<p style=\"text-align: justify;\"><em><strong>\u0130ddialar&#8230;<\/strong><\/em><\/p>\n<p style=\"text-align: justify;\">\u0130ddiaya g\u00f6re Cizre il\u00e7esinde, &#8221;korucu, itiraf\u00e7\u0131 ve uzman \u00e7avu\u015flardan bir grup&#8221;  olu\u015fturuldu. Bu grup ter\u00f6rle m\u00fccadele ediliyor g\u00f6r\u00fcnt\u00fcs\u00fc alt\u0131nda asli g\u00f6revinden ayr\u0131ld\u0131. \u00c7e\u015fitli sebeplerle g\u00f6zalt\u0131na ald\u0131klar\u0131 ki\u015fileri sorgulad\u0131 ve sorgulanan ki\u015filerden bir k\u0131sm\u0131 \u00f6ld\u00fcr\u00fcld\u00fc.<\/p>\n<p style=\"text-align: justify;\">Dava Diyarbak\u0131r&#8217;da g\u00f6r\u00fclecek ve ilk duru\u015fma 11 Eyl\u00fcl&#8217;de. Davan\u0131n binlerce takip\u00e7isi var. \u0130ddialar do\u011fru mu de\u011fil mi yarg\u0131 karar verecek. Ama ya\u015fayanlar iddianamede yer alan itiraf\u00e7\u0131lar\u0131n ifadelerini birebir do\u011fruluyor.<\/p>\n<p style=\"text-align: justify;\"><span style=\"color: #888888;\">G\u00f6ksel G\u00f6ksu &#8211; CNN T\u00dcRK<\/span><\/p>\n","protected":false},"excerpt":{"rendered":"<\/p>\n<p style=\"text-align: justify;\">Ankara K\u00fcrt a\u00e7\u0131l\u0131m\u0131n\u0131 konu\u015fuyor, itiraf\u00e7\u0131lar verdikleri ifadelerle faili me\u00e7hul cinayetlere tek tek \u0131\u015f\u0131k tutuyor. CNN T\u00dcRK, bug\u00fcnden itibaren G\u00fcneydo\u011fu&#8217;daki faili me\u00e7hul cinayetler dosyas\u0131n\u0131 a\u00e7\u0131yor. CNN T\u00dcRK muhabiri G\u00f6ksel G\u00f6ksu, \u015e\u0131rnak-Cizre-Silopi \u00fc\u00e7genindeki \u00f6l\u00fcm kuyular\u0131n\u0131 ara\u015ft\u0131rd\u0131.<\/p>\n<p style=\"text-align: justify;\">Y\u0131l: 1991&#8230; Halk\u0131n Emek Partisi (HEP) Diyarbak\u0131r \u0130l Ba\u015fkan\u0131 Vedat Ayd\u0131n&#8217;\u0131n \u00f6ld\u00fcr\u00fcld\u00fc. Bu, b\u00f6lgede i\u015flenen ilk <\/p>\n","protected":false},"author":1,"featured_media":0,"comment_status":"open","ping_status":"closed","sticky":false,"template":"","format":"standard","meta":{"footnotes":""},"categories":[105],"tags":[],"class_list":["post-12529","post","type-post","status-publish","format-standard","hentry","category-gundem","odd"],"_links":{"self":[{"href":"http:\/\/www.korhanyilmaz.com\/index.php?rest_route=\/wp\/v2\/posts\/12529","targetHints":{"allow":["GET"]}}],"collection":[{"href":"http:\/\/www.korhanyilmaz.com\/index.php?rest_route=\/wp\/v2\/posts"}],"about":[{"href":"http:\/\/www.korhanyilmaz.com\/index.php?rest_route=\/wp\/v2\/types\/post"}],"author":[{"embeddable":true,"href":"http:\/\/www.korhanyilmaz.com\/index.php?rest_route=\/wp\/v2\/users\/1"}],"replies":[{"embeddable":true,"href":"http:\/\/www.korhanyilmaz.com\/index.php?rest_route=%2Fwp%2Fv2%2Fcomments&post=12529"}],"version-history":[{"count":0,"href":"http:\/\/www.korhanyilmaz.com\/index.php?rest_route=\/wp\/v2\/posts\/12529\/revisions"}],"wp:attachment":[{"href":"http:\/\/www.korhanyilmaz.com\/index.php?rest_route=%2Fwp%2Fv2%2Fmedia&parent=12529"}],"wp:term":[{"taxonomy":"category","embeddable":true,"href":"http:\/\/www.korhanyilmaz.com\/index.php?rest_route=%2Fwp%2Fv2%2Fcategories&post=12529"},{"taxonomy":"post_tag","embeddable":true,"href":"http:\/\/www.korhanyilmaz.com\/index.php?rest_route=%2Fwp%2Fv2%2Ftags&post=12529"}],"curies":[{"name":"wp","href":"https:\/\/api.w.org\/{rel}","templated":true}]}}