{"id":12521,"date":"2009-07-28T16:11:17","date_gmt":"2009-07-28T13:11:17","guid":{"rendered":"http:\/\/www.korhanyilmaz.com\/?p=12521"},"modified":"2009-07-28T16:11:17","modified_gmt":"2009-07-28T13:11:17","slug":"otoban-gisesinde-inanilmaz-kaza","status":"publish","type":"post","link":"http:\/\/www.korhanyilmaz.com\/?p=12521","title":{"rendered":"Otoban gi\u015fesinde inan\u0131lmaz kaza"},"content":{"rendered":"<p style=\"text-align: center;\"><a href=\"http:\/\/www.korhanyilmaz.com\/wp-content\/uploads\/2009\/07\/290720090135155544545.jpg\"  class=\"lightview\"><img loading=\"lazy\" decoding=\"async\" class=\"aligncenter size-full wp-image-12522\" src=\"http:\/\/www.korhanyilmaz.com\/wp-content\/uploads\/2009\/07\/290720090135155544545.jpg\" alt=\"\" width=\"329\" height=\"210\" \/><\/a><\/p>\n<p style=\"text-align: justify;\">G\u00fcvenlik kameralar\u0131na yans\u0131yan feci \u00f6l\u00fcm&#8230;<\/p>\n<p style=\"text-align: justify;\">\u0130ZM\u0130R&#8217;deki bir al\u0131\u015fveri\u015f merkezinde birim <span class=\"lightview\">\u015fefi olarak \u00e7al\u0131\u015fan <\/span>ve 9 y\u0131l bekledikten<a onclick=\"window.open('http:\/\/www.korhanyilmaz.com','','width=800,height=600,left=250,top=300');return false;\" href=\"http:\/\/www.korhanyilmaz.com\"> <\/a>sonra yeni baba olan 32 ya\u015f\u0131ndaki Ali S\u00fcnger, e\u015fi ve bebe\u011fiyle denize girmek i\u00e7in otomobiliyle \u00c7e\u015fme \u0130l\u00e7esi&#8217;ne giderken otoban gi\u015fesinden ge\u00e7ti. Ancak fi\u015f almay\u0131 unutan S\u00fcnger, \u00e7\u0131k\u0131\u015f gi\u015felerinde cezal\u0131 \u00fccret \u00f6deyece\u011fini d\u00fc\u015f\u00fcnerek, yol kenar\u0131na park etti\u011fi otomobilinden inip gi\u015feler aras\u0131ndan ge\u00e7erek cihazdan fi\u015fini almak istedi. Bu s\u0131rada otomatik ge\u00e7i\u015f sistemini kullan\u0131p gi\u015felerden ge\u00e7en bir otomobil Ali S\u00fcnger&#8217;e \u00e7arpt\u0131. Yakla\u015f\u0131k 3 metre havaya f\u0131rlayan S\u00fcnger, d\u00fc\u015ft\u00fc\u011f\u00fc yerde ya\u015fam\u0131n\u0131 yitirdi. Kazan\u0131n, gi\u015felerdeki g\u00fcvenlik kameralar\u0131na yans\u0131yan g\u00f6r\u00fcnt\u00fcleri izleyenleri \u015fok etti. <!--more--><\/p>\n<p style=\"text-align: justify;\">Kaza, bug\u00fcn saat 11.00 s\u0131ralar\u0131nda, \u0130zmir \u00c7e\u015fme Otoban\u0131&#8217;n\u0131n Narl\u0131dere \u0130l\u00e7esi&#8217;ndeki \u015eehitlik Gi\u015feleri&#8217;nde meydana geldi. Gaziemir \u0130l\u00e7esi&#8217;ndeki bir al\u0131\u015fveri\u015f merkezinde nalburiye b\u00f6l\u00fcm\u00fcn\u00fcn \u015fefi Ali S\u00fcnger, e\u015fi ve yeni do\u011fan bebe\u011fini yan\u0131na alarak otomobiliyle \u00c7e\u015fme \u0130l\u00e7esi&#8217;nde denize girmek i\u00e7in yola \u00e7\u0131kt\u0131. Dokuz y\u0131l sonra d\u00fcnyaya gelen bebe\u011fine kavu\u015fman\u0131n sevincini ya\u015fayan S\u00fcnger, otoyolu kullanmak istedi. Giderken otomatik ge\u00e7i\u015f sisteminin bulundu\u011fu gi\u015feden ge\u00e7en S\u00fcnger, fi\u015f almadan ge\u00e7ti\u011fini farketti. Otomobili hemen yolun sa\u011f\u0131na parkeden S\u00fcnger, unuttu\u011fu fi\u015fini almak i\u00e7in gi\u015felere do\u011fru y\u00f6neldi. Cihazlar\u0131n otomobil olmadan fi\u015f vermedi\u011fini bilmeyen S\u00fcnger, birka\u00e7 denemede bulundu.<\/p>\n<p style=\"text-align: justify;\"><strong>YANLI\u015e YER\u0130 KONTROL ETT\u0130<\/strong><\/p>\n<p style=\"text-align: justify;\">Bir t\u00fcrl\u00fc fi\u015fini alamayan S\u00fcnger, ba\u015fka bir gi\u015feye do\u011fru ilerlerken, \u0130zmir&#8217;den gelip otobana giri\u015f yapan otomobilleri kontrol etti. Ancak, fi\u015f almak i\u00e7in y\u00f6neldi\u011fi gi\u015fenin, \u00c7e\u015fme&#8217;den gelip \u00e7\u0131k\u0131\u015f yapan otomobillerin g\u00fczergah\u0131 oldu\u011funu farketmeyen S\u00fcnger&#8217;e, otomatik ge\u00e7i\u015f sistemini kullanarak otobandan \u00e7\u0131kan 43 ya\u015f\u0131ndaki \u015eenol \u00c7allak&#8217;\u0131n kulland\u0131\u011f\u0131 35 EFL 53 plakal\u0131 otomobil \u00e7arpt\u0131.<\/p>\n<p style=\"text-align: justify;\"><strong>HAVAYA FIRLADI <\/strong><\/p>\n<p style=\"text-align: justify;\">Ali S\u00fcnger, \u00e7arpman\u0131n etkisiyle 3 metre havaya f\u0131rlarken, sigorta eksperi \u015eenol \u00c7allak, otomobilini g\u00fc\u00e7l\u00fckle durdurdu. Beton zemine d\u00fc\u015fen S\u00fcnger, otomobil i\u00e7inde kuca\u011f\u0131nda bebe\u011fiyle kendisini bekleyen e\u015finin g\u00f6zleri \u00f6n\u00fcnde ya\u015fam\u0131n\u0131 yitirdi. S\u00fcnger&#8217;in \u015fok ge\u00e7iren e\u015fi, yak\u0131nlar\u0131 taraf\u0131ndan g\u00fc\u00e7l\u00fckle teskin edildi. Olay yerine gelen polis, otomobil s\u00fcr\u00fcc\u00fcs\u00fc \u00c7allak&#8217;\u0131 g\u00f6zalt\u0131na al\u0131rken, kazayla ilgili soru\u015fturma ba\u015flatt\u0131.<\/p>\n<p style=\"text-align: justify;\"><strong>SON G\u00d6R\u00dcNT\u00dcS\u00dc KAMERALARDA<\/strong><\/p>\n<p style=\"text-align: justify;\">Fi\u015f almasa bile ayn\u0131 \u00fccret olan 1.75 TL&#8217;yi \u00f6deyecek olan S\u00fcnger&#8217;in, bunu bilmedi\u011fi i\u00e7in hi\u00e7 u\u011fruna ya\u015fam\u0131n\u0131 yitirdi\u011fi belirtildi. Kaza an\u0131 ise, gi\u015felerdeki g\u00fcvenlik kameralar\u0131 taraf\u0131ndan saniye saniye g\u00f6r\u00fcnt\u00fclendi. S\u00fcnger&#8217;in, gi\u015feler aras\u0131nda dola\u015fmas\u0131, otomobilin h\u0131zla gelip \u00e7arpmas\u0131 ve havaya f\u0131rlamas\u0131n\u0131n yer ald\u0131\u011f\u0131 g\u00f6r\u00fcnt\u00fcler, izleyenleri \u015fok etti.<\/p>\n<p style=\"text-align: justify;\"><span style=\"color: #888888;\">Kaynak : Vatan<\/span><\/p>\n","protected":false},"excerpt":{"rendered":"<p style=\"text-align: center;\">\n<p style=\"text-align: justify;\">G\u00fcvenlik kameralar\u0131na yans\u0131yan feci \u00f6l\u00fcm&#8230;<\/p>\n<p style=\"text-align: justify;\">\u0130ZM\u0130R&#8217;deki bir al\u0131\u015fveri\u015f merkezinde birim \u015fefi olarak \u00e7al\u0131\u015fan ve 9 y\u0131l bekledikten sonra yeni baba olan 32 ya\u015f\u0131ndaki Ali S\u00fcnger, e\u015fi ve bebe\u011fiyle denize girmek i\u00e7in otomobiliyle \u00c7e\u015fme \u0130l\u00e7esi&#8217;ne giderken otoban gi\u015fesinden ge\u00e7ti. Ancak fi\u015f almay\u0131 unutan S\u00fcnger, \u00e7\u0131k\u0131\u015f gi\u015felerinde cezal\u0131 \u00fccret \u00f6deyece\u011fini <\/p>\n","protected":false},"author":1,"featured_media":0,"comment_status":"open","ping_status":"closed","sticky":false,"template":"","format":"standard","meta":{"footnotes":""},"categories":[105],"tags":[],"class_list":["post-12521","post","type-post","status-publish","format-standard","hentry","category-gundem","odd"],"_links":{"self":[{"href":"http:\/\/www.korhanyilmaz.com\/index.php?rest_route=\/wp\/v2\/posts\/12521","targetHints":{"allow":["GET"]}}],"collection":[{"href":"http:\/\/www.korhanyilmaz.com\/index.php?rest_route=\/wp\/v2\/posts"}],"about":[{"href":"http:\/\/www.korhanyilmaz.com\/index.php?rest_route=\/wp\/v2\/types\/post"}],"author":[{"embeddable":true,"href":"http:\/\/www.korhanyilmaz.com\/index.php?rest_route=\/wp\/v2\/users\/1"}],"replies":[{"embeddable":true,"href":"http:\/\/www.korhanyilmaz.com\/index.php?rest_route=%2Fwp%2Fv2%2Fcomments&post=12521"}],"version-history":[{"count":0,"href":"http:\/\/www.korhanyilmaz.com\/index.php?rest_route=\/wp\/v2\/posts\/12521\/revisions"}],"wp:attachment":[{"href":"http:\/\/www.korhanyilmaz.com\/index.php?rest_route=%2Fwp%2Fv2%2Fmedia&parent=12521"}],"wp:term":[{"taxonomy":"category","embeddable":true,"href":"http:\/\/www.korhanyilmaz.com\/index.php?rest_route=%2Fwp%2Fv2%2Fcategories&post=12521"},{"taxonomy":"post_tag","embeddable":true,"href":"http:\/\/www.korhanyilmaz.com\/index.php?rest_route=%2Fwp%2Fv2%2Ftags&post=12521"}],"curies":[{"name":"wp","href":"https:\/\/api.w.org\/{rel}","templated":true}]}}