{"id":12517,"date":"2009-07-28T14:11:19","date_gmt":"2009-07-28T11:11:19","guid":{"rendered":"http:\/\/www.korhanyilmaz.com\/?p=12517"},"modified":"2009-07-28T14:11:19","modified_gmt":"2009-07-28T11:11:19","slug":"bir-muhendislik-faciasi","status":"publish","type":"post","link":"http:\/\/www.korhanyilmaz.com\/?p=12517","title":{"rendered":"Bir m\u00fchendislik facias\u0131&#8230;"},"content":{"rendered":"<p style=\"text-align: center;\"><a href=\"http:\/\/www.korhanyilmaz.com\/wp-content\/uploads\/2009\/07\/giresun.jpg\"  class=\"lightview\"><img loading=\"lazy\" decoding=\"async\" class=\"aligncenter size-full wp-image-12518\" src=\"http:\/\/www.korhanyilmaz.com\/wp-content\/uploads\/2009\/07\/giresun.jpg\" alt=\"\" width=\"329\" height=\"210\" \/><\/a><\/p>\n<p style=\"text-align: justify;\">Giresun diye bir yer yok art\u0131k, t\u00fcm \u015fehir sular alt\u0131nda!<\/p>\n<p style=\"text-align: justify;\">Giresun 5 g\u00fcnde ikinci kez sele teslim oldu. Y\u00fczlerce ev ve i\u015fyeri sular alt\u0131nda kald\u0131, il\u00e7elerle ula\u015f\u0131m kesildi. 12 saat aral\u0131ks\u0131z ya\u011fan ya\u011fmur sonucu kentin b\u00fct\u00fcn altyap\u0131 sistemi \u00e7\u00f6kt\u00fc. Giresun Belediye Ba\u015fkan\u0131 CHP\u2019li Kerim Aksu, t\u00fcm belediyelerden vidanj\u00f6r ve motopomp yard\u0131m\u0131 isterken, sular\u0131n Karadeniz Sahil Yolu y\u00fcz\u00fcnden denize ula\u015famad\u0131\u011f\u0131n\u0131 ve \u015fehri bast\u0131\u011f\u0131n\u0131 s\u00f6yledi.<\/p>\n<p style=\"text-align: justify;\">sahil kesiminde bir haftad\u0131r etkisini g\u00f6steren ya\u011fmur, 5 g\u00fcnl\u00fck aran\u0131n ard\u0131ndan Giresun\u2019u yeniden vurdu. \u00d6nceki ak\u015fam saat 19.00\u2019da ba\u015flayan ve sabaha kadar aral\u0131klarla etkisini s\u00fcrd\u00fcren \u015fiddetli ya\u011f\u0131\u015f nedeniyle kentin ana arterleri trafi\u011fe kapand\u0131. Kentte y\u00fczlerce d\u00fckkan ve konutun alt katlar\u0131n\u0131 su basarken, \u015fehrin do\u011fu yakas\u0131ndaki Aksu, Bo\u011fac\u0131k ve S\u00fctla\u00e7 dereleri ta\u015ft\u0131. Aksu deresinin ta\u015fmas\u0131 sonucu yer yer heyelanlar\u0131n meydana geldi\u011fi Giresun-Sivas karayolu ula\u015f\u0131ma kapand\u0131. <!--more--><\/p>\n<p style=\"text-align: justify;\">Giresun\u2019un tarihinde b\u00f6yle bir y\u0131k\u0131m g\u00f6rmedi\u011fini s\u00f6yleyen Giresun Belediye Ba\u015fkan\u0131 Kerim Aksu, \u00e7evre belediyelerden yard\u0131m istedi: \u201cY\u00fczlerce vidanj\u00f6re ve motopompa ihtiyac\u0131m var. Belediye santralleri kilitlendi. Yard\u0131m \u00e7\u0131\u011fl\u0131klar\u0131 at\u0131l\u0131yor. Mal\u0131 m\u00fclk\u00fc, yollar\u0131 bir kenara b\u0131rakt\u0131k, g\u00fcc\u00fcm\u00fcz yetmiyor art\u0131k. Cana zarar gelmemesi i\u00e7in u\u011fra\u015f\u0131yoruz. Bu ya\u011fmurda insan\u0131n yapaca\u011f\u0131, makinenin yapaca\u011f\u0131 bir \u015fey yok. Ekiplerimiz \u00e7al\u0131\u015f\u0131yor. Tek amac\u0131m\u0131z can kayb\u0131 olmadan bu afeti atlatmak. \u015eu anda acil olarak vidanj\u00f6re ve motopompa ihtiyac\u0131m\u0131z var. Her ilden yard\u0131m istiyoruz.\u201d<\/p>\n<p style=\"text-align: justify;\"><em><strong>Sahil yolu kenti mahvetti<\/strong><\/em><\/p>\n<p style=\"text-align: justify;\">Karadeniz Sahil Yolu ile ilgili ele\u015ftirilerinin hakl\u0131 \u00e7\u0131kmas\u0131ndan b\u00fcy\u00fck \u00fcz\u00fcnt\u00fc duydu\u011funu da belirten Aksu, \u201cBu yol sadece koylar\u0131 ve do\u011fal g\u00fczellikleri de\u011fil \u015fehirleri de mahvetti. 50 metre ilerde deniz var ve suyu aktaram\u0131yoruz. Derelerin \u00f6n\u00fcne setler yapt\u0131lar, yataklar\u0131n\u0131 de\u011fi\u015ftirdiler. B\u00f6yle bir derenin akmas\u0131 m\u00fcmk\u00fcn de\u011fil. Bu yolu tekrar planlamak laz\u0131m. Ya\u011fmurla ya\u015famay\u0131 Karadeniz halk\u0131n\u0131n \u00f6\u011frenmesi, ya\u011fmura g\u00f6re yap\u0131 sa\u011flamas\u0131 laz\u0131m\u201d dedi.<\/p>\n<p style=\"text-align: justify;\"><em><strong>\u2018Otoyol sulara set \u00e7ekti\u2019<\/strong><\/em><\/p>\n<p style=\"text-align: justify;\">Uzmanlar da Karadeniz Otoyolu\u2019nun ya\u015fanan sel felaketinde etkin rol oynad\u0131\u011f\u0131 g\u00f6r\u00fc\u015f\u00fcnde. Karadeniz Teknik \u00dcniversitesi\u2019nden Prof. Dr. Faz\u0131l \u00c7elik, \u201cKaradeniz sahili boyunca, denizden 4-5 metre y\u00fcksekte in\u015fa edilen k\u0131y\u0131 dolgu yollar\u0131, bir\u00e7ok k\u0131y\u0131 yerle\u015fimini \u00e7ukurda b\u0131rakt\u0131\u011f\u0131 halde drenaj (su tahliye kanallar\u0131) yeterli kapasitede in\u015fa edilmedi. B\u00f6ylece k\u0131y\u0131 dolgu yollar\u0131, k\u0131y\u0131 yerle\u015fimlerinin \u00f6n\u00fcnde adeta birer baraj g\u00f6revi yapm\u0131\u015f; binalar\u0131n alt katlar\u0131n\u0131n su alt\u0131nda kalmalar\u0131na sebebiyet vermi\u015ftir\u201d dedi.<\/p>\n<p style=\"text-align: justify;\"><em><strong>\u2018M\u00fchendislik hatas\u0131\u2019<\/strong><\/em><\/p>\n<p style=\"text-align: justify;\">\n<p style=\"text-align: justify;\">Karadeniz Ula\u015f\u0131m ve \u00c7evre G\u00f6n\u00fcll\u00fc \u00c7al\u0131\u015fma Grubu Ahmet \u015eefik Mollamehmeto\u011flu da sahil yolunun sele neden oldu\u011funu s\u00f6yledi: \u201cProjenin pek \u00e7ok yanl\u0131\u015f\u0131 vard\u0131. Ekonomik ve siyasal rant\u0131 esas alan bu projeyle se\u00e7ilen bu yol, b\u00f6lgede bir\u00e7ok onar\u0131lmaz yaran\u0131n a\u00e7\u0131lmas\u0131na neden oldu. Yapt\u0131\u011f\u0131m\u0131z uyar\u0131lar\u0131n bir ba\u015fl\u0131\u011f\u0131 da, \u00f6zellikle k\u0131y\u0131 kentlerinin sel ve ta\u015fk\u0131nlar ile deniz tahribat\u0131na a\u00e7\u0131k hale geldi\u011fi y\u00f6n\u00fcndeydi. Nitekim Giresun bu iddiam\u0131z\u0131n kan\u0131t\u0131.\u201d<\/p>\n<p style=\"text-align: justify;\"><strong><em>4.2 milyar dolarl\u0131k proje <\/em><\/strong><\/p>\n<p style=\"text-align: justify;\">N\u0130san 2007\u2019de Ba\u015fbakan Erdo\u011fan taraf\u0131ndan a\u00e7\u0131lan sahil yolu, yakla\u015f\u0131k 4.2 milyar dolara mal olmu\u015ftu. 542 kilometrelik yolda, 27 kilometre uzunlu\u011funda 263 adet k\u00f6pr\u00fc, 41 kilometre uzunlu\u011funda 12 adet tek t\u00fcp t\u00fcnel, 18.5 kilometre uzunlu\u011funda 20 adet \u00e7ift t\u00fcp t\u00fcnel var. Karadeniz sahil yolu, Samsun\u2019dan Sarp\u2019a kadar, 6 il, 63 il\u00e7e, 17 bucak merkezi, 9 liman, 2 havaalan\u0131 ve bir \u00e7ok yerle\u015fim birimine uzan\u0131yor.<\/p>\n<p style=\"text-align: justify;\"><em><strong>Afet b\u00f6lgesi ilan edildi <\/strong><\/em><\/p>\n<p style=\"text-align: justify;\">Bay\u0131nd\u0131rl\u0131k ve \u0130skan Bakan\u0131 Mustafa Demir, Giresun\u2019un afet b\u00f6lgesi ilan edildi\u011fini a\u00e7\u0131klad\u0131. Giresun Belediye Ba\u015fkan\u0131 Aksu\u2019nun yard\u0131m \u00e7a\u011fr\u0131s\u0131 \u00fczerine kente ba\u015fta CHP\u2019li belediyeler olmak \u00fczere bir\u00e7ok ilden yard\u0131m gitti. K\u0131z\u0131lay da \u00e7ad\u0131r ve yiyecek yard\u0131m\u0131 g\u00f6t\u00fcrd\u00fc. Ya\u011f\u0131\u015f\u0131n kentin ana arterlerini sular alt\u0131nda b\u0131rakmas\u0131 nedeniyle \u015fehir i\u00e7i ula\u015f\u0131m fel\u00e7 oldu, sokaklarda b\u00fcy\u00fck \u00e7ukur ve \u00e7\u00f6kmeler meydana geldi. Belediye itfaiye ekiplerinin d\u00fcn gece ve bu sabah mahsur kalan toplam 16 ki\u015fiyi kurtard\u0131\u011f\u0131 \u00f6\u011frenildi. Hasar tespit \u00e7al\u0131\u015fmalar\u0131 ise s\u00fcr\u00fcyor.<\/p>\n<p style=\"text-align: justify;\"><strong><em>Son 24 saatte metrekareye 157.2 kg ya\u011fmur ya\u011fd\u0131 <\/em><\/strong><\/p>\n<p style=\"text-align: justify;\">Meteoroloji\u2019ye g\u00f6re Giresun\u2019a son 59 y\u0131l\u0131n rekor ya\u011f\u0131\u015f\u0131 d\u00fc\u015ft\u00fc. Devlet Meteoroloji \u0130\u015fleri Genel M\u00fcd\u00fcr\u00fc Mehmet \u00c7a\u011flar, metrekareye 20 Temmuz\u2019da 135, d\u00fcn ise 157.2 kilo ya\u011f\u0131\u015f d\u00fc\u015ft\u00fc\u011f\u00fcn\u00fc s\u00f6yledi. B\u00f6lgede en son metrekareye 128 kilo ile 1981\u2019de rekor ya\u011f\u0131\u015f \u00f6l\u00e7\u00fclm\u00fc\u015ft\u00fc. Meteoroloji yetkilileri, kente son 8 g\u00fcnde metrekareye 405 kilo ya\u011f\u0131\u015f d\u00fc\u015ft\u00fc\u011f\u00fcn\u00fc ve bunun da 100 y\u0131l\u0131n en b\u00fcy\u00fck sel felaketine yol a\u00e7t\u0131\u011f\u0131n\u0131 bildirdi.<\/p>\n<p style=\"text-align: justify;\"><em><strong>SELZEDE KADINDAN BAKAN\u2019A TEPK\u0130: G\u00f6steri\u015f i\u00e7in gelmeyin! <\/strong><\/em><\/p>\n<p style=\"text-align: justify;\">U\u00e7akla geldi\u011fi Trabzon\u2019dan, incelemelerde bulunmak i\u00e7in Giresun\u2019a giden Bay\u0131nd\u0131rl\u0131k ve \u0130skan Bakan\u0131 Mustafa Demir\u2019e Ke\u015fap \u0130l\u00e7esi\u2019ne ba\u011fl\u0131 Yola\u011fz\u0131 K\u00f6y\u00fc\u2019nde bir kad\u0131n tepki g\u00f6sterdi. B\u00f6lgede selden zarar g\u00f6ren bir k\u00f6pr\u00fcy\u00fc inceledikten sonra arac\u0131na giden Bakan\u2019\u0131n yolunu kesen Y\u00fcksel G\u00fczel, \u201cBuraya g\u00f6steri\u015f i\u00e7in gelmeyin. Bizim de sorunlar\u0131m\u0131z\u0131 dinleyin\u201d diyerek, Yola\u011fz\u0131 deresinin kenar\u0131ndaki evinin her su ta\u015fk\u0131n\u0131nda zarar g\u00f6rd\u00fc\u011f\u00fcn\u00fc, ba\u015fvurmas\u0131na ra\u011fmen hi\u00e7bir \u00f6nlem al\u0131nmad\u0131\u011f\u0131n\u0131 s\u00f6yledi. Bunun \u00fczerine AKP Grup Ba\u015fkanvekili Nurettin Canikli ve Vali Mustafa Yaman\u2019la birlikte kad\u0131n\u0131n evinin oldu\u011fu b\u00f6lgeye giden Bakan Demir, yetkililere ilgilenilmesi talimat\u0131n\u0131 verdi. G\u00fczel\u2019in elini tutarak teselli eden Bakan, daha sonra Giresun\u2019a hareket eti.<\/p>\n<p style=\"text-align: justify;\"><span style=\"color: #888888;\">Kaynak : Vatan<\/span><\/p>\n","protected":false},"excerpt":{"rendered":"<p style=\"text-align: center;\">\n<p style=\"text-align: justify;\">Giresun diye bir yer yok art\u0131k, t\u00fcm \u015fehir sular alt\u0131nda!<\/p>\n<p style=\"text-align: justify;\">Giresun 5 g\u00fcnde ikinci kez sele teslim oldu. Y\u00fczlerce ev ve i\u015fyeri sular alt\u0131nda kald\u0131, il\u00e7elerle ula\u015f\u0131m kesildi. 12 saat aral\u0131ks\u0131z ya\u011fan ya\u011fmur sonucu kentin b\u00fct\u00fcn altyap\u0131 sistemi \u00e7\u00f6kt\u00fc. Giresun Belediye Ba\u015fkan\u0131 CHP\u2019li Kerim Aksu, t\u00fcm belediyelerden vidanj\u00f6r <\/p>\n","protected":false},"author":1,"featured_media":0,"comment_status":"open","ping_status":"closed","sticky":false,"template":"","format":"standard","meta":{"footnotes":""},"categories":[105],"tags":[],"class_list":["post-12517","post","type-post","status-publish","format-standard","hentry","category-gundem","odd"],"_links":{"self":[{"href":"http:\/\/www.korhanyilmaz.com\/index.php?rest_route=\/wp\/v2\/posts\/12517","targetHints":{"allow":["GET"]}}],"collection":[{"href":"http:\/\/www.korhanyilmaz.com\/index.php?rest_route=\/wp\/v2\/posts"}],"about":[{"href":"http:\/\/www.korhanyilmaz.com\/index.php?rest_route=\/wp\/v2\/types\/post"}],"author":[{"embeddable":true,"href":"http:\/\/www.korhanyilmaz.com\/index.php?rest_route=\/wp\/v2\/users\/1"}],"replies":[{"embeddable":true,"href":"http:\/\/www.korhanyilmaz.com\/index.php?rest_route=%2Fwp%2Fv2%2Fcomments&post=12517"}],"version-history":[{"count":0,"href":"http:\/\/www.korhanyilmaz.com\/index.php?rest_route=\/wp\/v2\/posts\/12517\/revisions"}],"wp:attachment":[{"href":"http:\/\/www.korhanyilmaz.com\/index.php?rest_route=%2Fwp%2Fv2%2Fmedia&parent=12517"}],"wp:term":[{"taxonomy":"category","embeddable":true,"href":"http:\/\/www.korhanyilmaz.com\/index.php?rest_route=%2Fwp%2Fv2%2Fcategories&post=12517"},{"taxonomy":"post_tag","embeddable":true,"href":"http:\/\/www.korhanyilmaz.com\/index.php?rest_route=%2Fwp%2Fv2%2Ftags&post=12517"}],"curies":[{"name":"wp","href":"https:\/\/api.w.org\/{rel}","templated":true}]}}