{"id":12492,"date":"2009-07-27T16:04:09","date_gmt":"2009-07-27T13:04:09","guid":{"rendered":"http:\/\/www.korhanyilmaz.com\/?p=12492"},"modified":"2009-07-27T16:04:09","modified_gmt":"2009-07-27T13:04:09","slug":"uludagdaki-oteline-kilit-vurdu","status":"publish","type":"post","link":"http:\/\/www.korhanyilmaz.com\/?p=12492","title":{"rendered":"Uluda\u011f&#039;daki oteline kilit vurdu"},"content":{"rendered":"<p style=\"text-align: center;\"><a href=\"http:\/\/www.korhanyilmaz.com\/wp-content\/uploads\/2009\/07\/270720091632061574208_3.jpg\"  class=\"lightview\"><img loading=\"lazy\" decoding=\"async\" class=\"aligncenter size-full wp-image-12493\" src=\"http:\/\/www.korhanyilmaz.com\/wp-content\/uploads\/2009\/07\/270720091632061574208_3.jpg\" alt=\"\" width=\"315\" height=\"209\" \/><\/a><\/p>\n<p style=\"text-align: justify;\">200 \u00e7al\u0131\u015fan\u0131n i\u015ften \u00e7\u0131kart\u0131ld\u0131\u011f\u0131 a\u00e7\u0131kland\u0131.<\/p>\n<p style=\"text-align: justify;\">A\u011eAO\u011eLU \u015eirketler Grubu Y\u00f6netim Kurulu Ba\u015fkan\u0131 Ali A\u011fao\u011flu, \u00c7evre ve Orman Bakanl\u0131\u011f\u0131&#8217;n\u0131n Uluda\u011f&#8217;\u0131n 1&#8217;inci yerle\u015fim b\u00f6lgesindeki t\u00fcm otellerin y\u0131k\u0131lmas\u0131n\u0131 \u00f6ng\u00f6ren `D\u00f6n\u00fc\u015f\u00fcm Plan\u0131&#8217;na tepkisini, 19 y\u0131ld\u0131r faaliyette bulunan otelinin kap\u0131s\u0131na bug\u00fcn kilit vurarak g\u00f6sterdi. A\u011fao\u011flu My Resort Oteli&#8217;nin Genel M\u00fcd\u00fcr\u00fc Murat T\u00fcrker, 25 milyon dolarl\u0131k oteli, Ali A\u011fao\u011flu&#8217;nun talimat\u0131yla bug\u00fcnden itibaren kapatt\u0131klar\u0131n\u0131 ve 200 \u00e7al\u0131\u015fan\u0131 tazminatlar\u0131n\u0131 vererek, i\u015ften \u00e7\u0131kard\u0131klar\u0131n\u0131 a\u00e7\u0131klad\u0131. <!--more--><\/p>\n<p style=\"text-align: justify;\">T\u00fcrkiye&#8217;nin en \u00f6nemli kayak merkezlerinden biri olan Uluda\u011f&#8217;da sular durulmuyor. \u00c7evre ve Orman Bakanl\u0131\u011f\u0131&#8217;n\u0131n, `D\u00f6n\u00fc\u015f\u00fcm Plan\u0131&#8217; ad\u0131 verilen bir uygulamayla Uluda\u011f&#8217;\u0131n 1&#8217;inci yerle\u015fim b\u00f6lgesindeki otellerin y\u0131k\u0131lmas\u0131na karar vermesi, ba\u015fta A\u011fao\u011flu My Resort Otel&#8217;in sahibi Ali A\u011fao\u011flu olmak \u00fczere 11 otel sahibinin tepkisine neden oldu. A\u011fao\u011flu, 1988&#8217;den bu yana hizmet veren ve ge\u00e7en y\u0131l 10 milyon dolar harcayarak yeniledi\u011fi 5 y\u0131ld\u0131zl\u0131 otelinin kap\u0131s\u0131na bug\u00fcn itibariyle kilit vurdu. Otelin Genel M\u00fcd\u00fcr\u00fc Murat T\u00fcrker, `Ali A\u011fao\u011flu&#8217;nun talimat\u0131yla, bug\u00fcn otelimize i\u00e7erisindeki e\u015fyalarla birlikte kilit vurduk. 200 \u00e7al\u0131\u015fan\u0131m\u0131z\u0131 ise tazminatlar\u0131n\u0131 vererek, i\u015ften \u00e7\u0131kard\u0131k&#8221; dedi.<\/p>\n<p style=\"text-align: justify;\"><span style=\"color: #888888;\">`\u00d6NCE KAMU B\u0130NALARINI YIKSINLAR&#8217; <\/span><\/p>\n<p style=\"text-align: justify;\">Ali A\u011fao\u011flu&#8217;nun g\u00f6sterdi\u011fi tepkiye ba\u015fta Grand Yaz\u0131c\u0131 Otelin sahibi Hayri Yaz\u0131c\u0131 olmak \u00fczere, di\u011fer otel sahiplerinden de destek geldi. Uluda\u011f&#8217;da kamuya ait 19 tesisin bulundu\u011funa dikkat \u00e7eken Hayri Yaz\u0131c\u0131 \u015f\u00f6yle konu\u015ftu:<\/p>\n<p style=\"text-align: justify;\">&#8220;Uluda\u011f&#8217;da \u00f6zel sekt\u00f6re ait 12 bina var. E\u011fer bina y\u0131kmak istiyorlarsa, \u00f6nce kamu binalar\u0131ndan ba\u015flas\u0131nlar. Bu binalar y\u0131k\u0131ld\u0131ktan sonra, Uluda\u011f&#8217;\u0131n durumuna bir bakal\u0131m. Gerekiyorsa sonra s\u0131ra bize gelsin. Biz bu binalar\u0131 yaparken devlete g\u00fcvenerek yola \u00e7\u0131kt\u0131k. H\u00fck\u00fcmete g\u00fcvenerek de\u011fil.&#8221;<\/p>\n<p style=\"text-align: justify;\">Uluda\u011f&#8217;daki Otel Beceren&#8217;in sahibi Haluk Beceren ise, yetki karma\u015fas\u0131n\u0131n y\u0131llard\u0131r \u00e7\u00f6z\u00fclemedi\u011fini belirterek, &#8220;Uluda\u011f&#8217;a verilecek y\u0131k\u0131m karar\u0131, hem y\u00f6renin istihdam\u0131na, hem de ekonomisine ciddi bir darbe vuracak. Uluda\u011f&#8217;\u0131n \u00e7a\u011f\u0131n gereklerine yak\u0131\u015f\u0131r d\u00fczenlemelere sahip revize imar plan\u0131 ile ileriye gidebilir. `Y\u0131kal\u0131m kurtulal\u0131m&#8217; anlay\u0131\u015f\u0131 ile olu\u015facak zarar\u0131n telafisi m\u00fcmk\u00fcn olmaz&#8221; diye konu\u015ftu.<\/p>\n<p style=\"text-align: justify;\"><span style=\"color: #888888;\">DHA<\/span><\/p>\n","protected":false},"excerpt":{"rendered":"<p style=\"text-align: center;\">\n<p style=\"text-align: justify;\">200 \u00e7al\u0131\u015fan\u0131n i\u015ften \u00e7\u0131kart\u0131ld\u0131\u011f\u0131 a\u00e7\u0131kland\u0131.<\/p>\n<p style=\"text-align: justify;\">A\u011eAO\u011eLU \u015eirketler Grubu Y\u00f6netim Kurulu Ba\u015fkan\u0131 Ali A\u011fao\u011flu, \u00c7evre ve Orman Bakanl\u0131\u011f\u0131&#8217;n\u0131n Uluda\u011f&#8217;\u0131n 1&#8217;inci yerle\u015fim b\u00f6lgesindeki t\u00fcm otellerin y\u0131k\u0131lmas\u0131n\u0131 \u00f6ng\u00f6ren `D\u00f6n\u00fc\u015f\u00fcm Plan\u0131&#8217;na tepkisini, 19 y\u0131ld\u0131r faaliyette bulunan otelinin kap\u0131s\u0131na bug\u00fcn kilit vurarak g\u00f6sterdi. A\u011fao\u011flu My Resort Oteli&#8217;nin Genel M\u00fcd\u00fcr\u00fc Murat T\u00fcrker, 25 milyon <\/p>\n","protected":false},"author":1,"featured_media":0,"comment_status":"open","ping_status":"closed","sticky":false,"template":"","format":"standard","meta":{"footnotes":""},"categories":[105],"tags":[],"class_list":["post-12492","post","type-post","status-publish","format-standard","hentry","category-gundem","odd"],"_links":{"self":[{"href":"http:\/\/www.korhanyilmaz.com\/index.php?rest_route=\/wp\/v2\/posts\/12492","targetHints":{"allow":["GET"]}}],"collection":[{"href":"http:\/\/www.korhanyilmaz.com\/index.php?rest_route=\/wp\/v2\/posts"}],"about":[{"href":"http:\/\/www.korhanyilmaz.com\/index.php?rest_route=\/wp\/v2\/types\/post"}],"author":[{"embeddable":true,"href":"http:\/\/www.korhanyilmaz.com\/index.php?rest_route=\/wp\/v2\/users\/1"}],"replies":[{"embeddable":true,"href":"http:\/\/www.korhanyilmaz.com\/index.php?rest_route=%2Fwp%2Fv2%2Fcomments&post=12492"}],"version-history":[{"count":0,"href":"http:\/\/www.korhanyilmaz.com\/index.php?rest_route=\/wp\/v2\/posts\/12492\/revisions"}],"wp:attachment":[{"href":"http:\/\/www.korhanyilmaz.com\/index.php?rest_route=%2Fwp%2Fv2%2Fmedia&parent=12492"}],"wp:term":[{"taxonomy":"category","embeddable":true,"href":"http:\/\/www.korhanyilmaz.com\/index.php?rest_route=%2Fwp%2Fv2%2Fcategories&post=12492"},{"taxonomy":"post_tag","embeddable":true,"href":"http:\/\/www.korhanyilmaz.com\/index.php?rest_route=%2Fwp%2Fv2%2Ftags&post=12492"}],"curies":[{"name":"wp","href":"https:\/\/api.w.org\/{rel}","templated":true}]}}