{"id":12489,"date":"2009-07-27T15:25:41","date_gmt":"2009-07-27T13:25:41","guid":{"rendered":"http:\/\/www.korhanyilmaz.com\/?p=12489"},"modified":"2009-07-27T15:25:41","modified_gmt":"2009-07-27T13:25:41","slug":"gulden-kurt-acilimi-aciklamasi","status":"publish","type":"post","link":"http:\/\/www.korhanyilmaz.com\/?p=12489","title":{"rendered":"G\u00fcl&#039;den &#039;K\u00fcrt a\u00e7\u0131l\u0131m\u0131&#039; a\u00e7\u0131klamas\u0131"},"content":{"rendered":"<p style=\"text-align: center;\"><a href=\"http:\/\/www.korhanyilmaz.com\/wp-content\/uploads\/2009\/07\/270720091525105312297.jpg\"  class=\"lightview\"><img loading=\"lazy\" decoding=\"async\" class=\"aligncenter size-full wp-image-12490\" src=\"http:\/\/www.korhanyilmaz.com\/wp-content\/uploads\/2009\/07\/270720091525105312297.jpg\" alt=\"\" width=\"329\" height=\"210\" \/><\/a><\/p>\n<p style=\"text-align: justify;\">Cumhurba\u015fkan\u0131 Abdullah G\u00fcl, K\u00fcrt a\u00e7\u0131l\u0131m\u0131 konusunda &#8216;Sorun kendi insiyatifimizle \u00e7\u00f6z\u00fcl\u00fcrse daha do\u011fru olur&#8217; dedi.<\/p>\n<p style=\"text-align: justify;\">Cumhurba\u015fkan\u0131 Abdullah G\u00fcl, Kayseri&#8217;de gazetecilerin K\u00fcrt a\u00e7\u0131l\u0131m\u0131yla ilgili sorular\u0131na \u015fu cevab\u0131 verdi: &#8216;Mesele T\u00fcrkiye&#8217;nin kendi s\u0131k\u0131nt\u0131lar\u0131n\u0131, kendi problemlerini kendi iradesiyle \u00e7\u00f6zme meselesidir. T\u00fcrkiye&#8217;nin pek \u00e7ok meselesi vard\u0131r. T\u00fcm bu meseleleri \u00e7\u00f6zmek kendi insiyatifimizle ne kadar ger\u00e7ekle\u015firse o kadar do\u011fru olur. Demokratik standartlar toplu \u015fekilde y\u00fckseltilince problemler de otomatik olarak zaten \u00e7\u00f6z\u00fclecektir. \u00d6nemli olan T\u00fcrkiye Cumhuriyeti vatanda\u015f\u0131 olan herkesin T\u00fcrkiye Cumhuriyeti&#8217;ne olan aidiyetini peki\u015ftirmektir.<\/p>\n<p style=\"text-align: justify;\"><span style=\"color: #888888;\">Kaynak : Vatan<\/span><\/p>\n","protected":false},"excerpt":{"rendered":"<p style=\"text-align: center;\">\n<p style=\"text-align: justify;\">Cumhurba\u015fkan\u0131 Abdullah G\u00fcl, K\u00fcrt a\u00e7\u0131l\u0131m\u0131 konusunda &#8216;Sorun kendi insiyatifimizle \u00e7\u00f6z\u00fcl\u00fcrse daha do\u011fru olur&#8217; dedi.<\/p>\n<p style=\"text-align: justify;\">Cumhurba\u015fkan\u0131 Abdullah G\u00fcl, Kayseri&#8217;de gazetecilerin K\u00fcrt a\u00e7\u0131l\u0131m\u0131yla ilgili sorular\u0131na \u015fu cevab\u0131 verdi: &#8216;Mesele T\u00fcrkiye&#8217;nin kendi s\u0131k\u0131nt\u0131lar\u0131n\u0131, kendi problemlerini kendi iradesiyle \u00e7\u00f6zme meselesidir. T\u00fcrkiye&#8217;nin pek \u00e7ok meselesi vard\u0131r. T\u00fcm bu meseleleri \u00e7\u00f6zmek kendi insiyatifimizle ne <\/p>\n","protected":false},"author":1,"featured_media":0,"comment_status":"open","ping_status":"closed","sticky":false,"template":"","format":"standard","meta":{"footnotes":""},"categories":[105],"tags":[],"class_list":["post-12489","post","type-post","status-publish","format-standard","hentry","category-gundem","odd"],"_links":{"self":[{"href":"http:\/\/www.korhanyilmaz.com\/index.php?rest_route=\/wp\/v2\/posts\/12489","targetHints":{"allow":["GET"]}}],"collection":[{"href":"http:\/\/www.korhanyilmaz.com\/index.php?rest_route=\/wp\/v2\/posts"}],"about":[{"href":"http:\/\/www.korhanyilmaz.com\/index.php?rest_route=\/wp\/v2\/types\/post"}],"author":[{"embeddable":true,"href":"http:\/\/www.korhanyilmaz.com\/index.php?rest_route=\/wp\/v2\/users\/1"}],"replies":[{"embeddable":true,"href":"http:\/\/www.korhanyilmaz.com\/index.php?rest_route=%2Fwp%2Fv2%2Fcomments&post=12489"}],"version-history":[{"count":0,"href":"http:\/\/www.korhanyilmaz.com\/index.php?rest_route=\/wp\/v2\/posts\/12489\/revisions"}],"wp:attachment":[{"href":"http:\/\/www.korhanyilmaz.com\/index.php?rest_route=%2Fwp%2Fv2%2Fmedia&parent=12489"}],"wp:term":[{"taxonomy":"category","embeddable":true,"href":"http:\/\/www.korhanyilmaz.com\/index.php?rest_route=%2Fwp%2Fv2%2Fcategories&post=12489"},{"taxonomy":"post_tag","embeddable":true,"href":"http:\/\/www.korhanyilmaz.com\/index.php?rest_route=%2Fwp%2Fv2%2Ftags&post=12489"}],"curies":[{"name":"wp","href":"https:\/\/api.w.org\/{rel}","templated":true}]}}