{"id":12485,"date":"2009-07-27T13:16:47","date_gmt":"2009-07-27T10:16:47","guid":{"rendered":"http:\/\/www.korhanyilmaz.com\/?p=12485"},"modified":"2009-07-27T13:16:47","modified_gmt":"2009-07-27T10:16:47","slug":"gulun-atamasini-durduran-hakim-erzuruma-atandi","status":"publish","type":"post","link":"http:\/\/www.korhanyilmaz.com\/?p=12485","title":{"rendered":"G\u00fcl&#039;\u00fcn atamas\u0131n\u0131 durduran hakim Erzurum&#039;a atand\u0131"},"content":{"rendered":"<p><a href=\"http:\/\/www.korhanyilmaz.com\/wp-content\/uploads\/2009\/07\/270720091315552948557.jpg\"  class=\"lightview\"><img loading=\"lazy\" decoding=\"async\" class=\"aligncenter size-full wp-image-12486\" src=\"http:\/\/www.korhanyilmaz.com\/wp-content\/uploads\/2009\/07\/270720091315552948557.jpg\" alt=\"\" width=\"320\" height=\"100\" \/><\/a><\/p>\n<p style=\"text-align: justify;\">Cumhurba\u015fkan\u0131 Abdullah G\u00fcl\u2019\u00fcn rekt\u00f6r atamas\u0131na y\u00fcr\u00fctmeyi durdurma karar\u0131 veren hakim \u201ctenzili r\u00fctbe\u201d ile Erzurum\u2019a tayin edildi.<\/p>\n<p style=\"text-align: justify;\">Hakim Cengiz Aydemir, Ankara 15. \u0130dare Mahkemesi Ba\u015fkan\u0131 olarak 3 y\u0131ld\u0131r g\u00f6rev yap\u0131yordu. Hakk\u0131nda soru\u015fturma olmayan ve t\u00fcm sicilleri pekiyi olan Aydemir, Adalet Akademisi\u2019nde de ders veriyordu.<\/p>\n<p style=\"text-align: justify;\">Dokuz Eyl\u00fcl \u00dcniversitesi Rekt\u00f6rl\u00fck se\u00e7imlerinde Prof. Dr. Sedef Gidener\u2019in 581 oy alarak 1. s\u0131ray\u0131 almas\u0131na kar\u015f\u0131n Cumhurba\u015fkan\u0131 G\u00fcl, 181 oy alan 2. s\u0131radaki Prof. Dr. Mehmet F\u00fcz\u00fcn\u2019\u00fc rekt\u00f6rl\u00fc\u011fe atam\u0131\u015ft\u0131. <!--more-->Gidener, F\u00fcz\u00fcn\u2019\u00fcn k\u0131smi stat\u00fcde g\u00f6rev yapt\u0131\u011f\u0131 ve bu durumdaki \u00f6\u011fretim \u00fcyelerinin Y\u00fcksek \u00d6\u011fretim Kanunu\u2019nun 36. maddesine g\u00f6re rekt\u00f6rl\u00fc\u011fe atanamayaca\u011f\u0131n\u0131 \u00f6ne s\u00fcrerek atamaya ili\u015fkin karar\u0131n iptali i\u00e7in 15. \u0130dare Mahkemesi\u2019ne ba\u015fvurmu\u015f, mahkeme de Gidener\u2019i hakl\u0131 bularak y\u00fcr\u00fctmeyi durdurma karar\u0131 vermi\u015fti. Daha sonra Cumhurba\u015fkanl\u0131\u011f\u0131\u2019n\u0131n itiraz\u0131 sonucu Ankara B\u00f6lge \u0130dare Mahkemesi, y\u00fcr\u00fctmeyi durdurma karar\u0131n\u0131 kald\u0131rm\u0131\u015ft\u0131.<\/p>\n<p style=\"text-align: justify;\">Ankara 15. \u0130dare Mahkemesi Ba\u015fkan\u0131 olan Aydemir, \u201ctenzili r\u00fctbe\u201d ile Erzurum \u0130dare Mahkemesi\u2019ne \u00fcye olarak atand\u0131.<\/p>\n<p style=\"text-align: justify;\"><span style=\"color: #888888;\">Kaynak : Vatan<\/span><\/p>\n","protected":false},"excerpt":{"rendered":"<\/p>\n<p style=\"text-align: justify;\">Cumhurba\u015fkan\u0131 Abdullah G\u00fcl\u2019\u00fcn rekt\u00f6r atamas\u0131na y\u00fcr\u00fctmeyi durdurma karar\u0131 veren hakim \u201ctenzili r\u00fctbe\u201d ile Erzurum\u2019a tayin edildi.<\/p>\n<p style=\"text-align: justify;\">Hakim Cengiz Aydemir, Ankara 15. \u0130dare Mahkemesi Ba\u015fkan\u0131 olarak 3 y\u0131ld\u0131r g\u00f6rev yap\u0131yordu. Hakk\u0131nda soru\u015fturma olmayan ve t\u00fcm sicilleri pekiyi olan Aydemir, Adalet Akademisi\u2019nde de ders veriyordu.<\/p>\n<p style=\"text-align: justify;\">Dokuz Eyl\u00fcl \u00dcniversitesi Rekt\u00f6rl\u00fck se\u00e7imlerinde <\/p>\n","protected":false},"author":1,"featured_media":0,"comment_status":"open","ping_status":"closed","sticky":false,"template":"","format":"standard","meta":{"footnotes":""},"categories":[105],"tags":[],"class_list":["post-12485","post","type-post","status-publish","format-standard","hentry","category-gundem","odd"],"_links":{"self":[{"href":"http:\/\/www.korhanyilmaz.com\/index.php?rest_route=\/wp\/v2\/posts\/12485","targetHints":{"allow":["GET"]}}],"collection":[{"href":"http:\/\/www.korhanyilmaz.com\/index.php?rest_route=\/wp\/v2\/posts"}],"about":[{"href":"http:\/\/www.korhanyilmaz.com\/index.php?rest_route=\/wp\/v2\/types\/post"}],"author":[{"embeddable":true,"href":"http:\/\/www.korhanyilmaz.com\/index.php?rest_route=\/wp\/v2\/users\/1"}],"replies":[{"embeddable":true,"href":"http:\/\/www.korhanyilmaz.com\/index.php?rest_route=%2Fwp%2Fv2%2Fcomments&post=12485"}],"version-history":[{"count":0,"href":"http:\/\/www.korhanyilmaz.com\/index.php?rest_route=\/wp\/v2\/posts\/12485\/revisions"}],"wp:attachment":[{"href":"http:\/\/www.korhanyilmaz.com\/index.php?rest_route=%2Fwp%2Fv2%2Fmedia&parent=12485"}],"wp:term":[{"taxonomy":"category","embeddable":true,"href":"http:\/\/www.korhanyilmaz.com\/index.php?rest_route=%2Fwp%2Fv2%2Fcategories&post=12485"},{"taxonomy":"post_tag","embeddable":true,"href":"http:\/\/www.korhanyilmaz.com\/index.php?rest_route=%2Fwp%2Fv2%2Ftags&post=12485"}],"curies":[{"name":"wp","href":"https:\/\/api.w.org\/{rel}","templated":true}]}}