{"id":12336,"date":"2009-07-27T08:02:20","date_gmt":"2009-07-27T05:02:20","guid":{"rendered":"http:\/\/www.korhanyilmaz.com\/?p=12336"},"modified":"2009-07-27T08:02:20","modified_gmt":"2009-07-27T05:02:20","slug":"adli-tipta-jet-atamalar","status":"publish","type":"post","link":"http:\/\/www.korhanyilmaz.com\/?p=12336","title":{"rendered":"Adli T\u0131p&#039;ta jet atamalar"},"content":{"rendered":"<p style=\"text-align: center;\"><a href=\"http:\/\/www.korhanyilmaz.com\/wp-content\/uploads\/2009\/07\/file.ashx8.jpg\"  class=\"lightview\"><img loading=\"lazy\" decoding=\"async\" class=\"aligncenter size-full wp-image-12337\" src=\"http:\/\/www.korhanyilmaz.com\/wp-content\/uploads\/2009\/07\/file.ashx8.jpg\" alt=\"\" width=\"307\" height=\"236\" \/><\/a><\/p>\n<p style=\"text-align: justify;\">Cumhurba\u015fkan\u0131&#8217;n\u0131n talimat\u0131yla ba\u015flayacak tefti\u015f \u00f6ncesi Adli T\u0131p&#8217;ta jet atamalar. Skandallarla g\u00fcndemden d\u00fc\u015fmeyen kurumun iki ba\u015fkan yard\u0131mc\u0131s\u0131 yerinden oldu.<\/p>\n<p style=\"text-align: justify;\">Ak\u015fam gazetesinde Ercan \u00d6zt\u00fcrk imzas\u0131yla yay\u0131mlanan haber \u015f\u00f6yle:<\/p>\n<p style=\"text-align: justify;\">Tart\u0131\u015fmalar\u0131ndan oda\u011f\u0131ndaki Adli T\u0131p Kurumu&#8217;nda, Devlet Denetleme Kurulu tefti\u015fi \u00f6ncesi apar topar operasyona gidildi. Kurumda iki ba\u015fkan yard\u0131mc\u0131s\u0131 \u00fcyeli\u011fe getirilirken, 8 atama ve g\u00f6rev de\u011fi\u015fikli\u011fi daha yap\u0131ld\u0131.<\/p>\n<p style=\"text-align: justify;\">Ak\u015fam, &#8216;M\u00fcnevver Karabulut&#8217;un i\u00e7 \u00e7ama\u015f\u0131r\u0131ndaki spermin, otopside bir \u00f6l\u00fcden bula\u015ft\u0131\u011f\u0131n\u0131 ortaya \u00e7\u0131kartm\u0131\u015f, hatan\u0131n teknisyenin &#8216;kirli eldiveninden&#8217; kaynakland\u0131\u011f\u0131 a\u00e7\u0131klanm\u0131\u015ft\u0131. \u00dczmez raporundan sonra ya\u015fanan bu olay \u00fczerine Cumhurba\u015fkan\u0131 Abdullah G\u00fcl, kurumun 3 y\u0131ll\u0131k faaliyetlerinin denetlenmesi talimat\u0131n\u0131 vermi\u015fti. <!--more--><\/p>\n<p style=\"text-align: justify;\">Devlet Denetleme Kurumu&#8217;nun, tefti\u015fe bug\u00fcn ba\u015flamas\u0131 bekleniyordu. Denetim \u00f6ncesi Adl\u0131 T\u0131p&#8217;ta operasyona gidildi. Resmi Gazete&#8217;de d\u00fcn yay\u0131mlanan ve G\u00fcl, Ba\u015fbakan Recep Tayyip Erdo\u011fan ile Adalet Bakan\u0131 Sadullah Ergin&#8217;in imzalar\u0131n\u0131n bulundu\u011fu \u00fc\u00e7l\u00fc kararnameyle toplam 10 atama ve g\u00f6rev de\u011fi\u015fikli\u011fi yap\u0131ld\u0131.<\/p>\n<p style=\"text-align: justify;\">Buna g\u00f6re Kurum&#8217;un Ba\u015fkan Yard\u0131mc\u0131s\u0131 Uzman Dr. Mustafa Okudan, 5&#8217;inci Adli T\u0131p \u0130htisas Kurulu Adli T\u0131p \u00fcyeli\u011fine, di\u011fer Ba\u015fkan Yard\u0131mc\u0131s\u0131 Uzman Dr. Hasan A\u011fr\u0131tm\u0131\u015f ise 6&#8217;nc\u0131 Adli T\u0131p \u0130htisas Kurulu Adli T\u0131p \u00fcyeli\u011fine atand\u0131.<\/p>\n<p style=\"text-align: justify;\"><strong>5 AKADEM\u0130SYEN KURUM&#8217;DA<\/strong><\/p>\n<p style=\"text-align: justify;\">Adli T\u0131p&#8217;a atanan 5 yeni \u00fcye ise Kurum d\u0131\u015f\u0131ndan akademisyenlerden se\u00e7ildi.  3&#8217;\u00fcnc\u00fc Adli T\u0131p \u0130htisas Kurulu G\u00f6\u011f\u00fcs Hastal\u0131klar\u0131 \u00fcyeli\u011fine, \u0130stanbul \u00dcniversitesi \u0130stanbul T\u0131p Fak\u00fcltesi G\u00f6\u011f\u00fcs Hastal\u0131klar\u0131 Anabilim Dal\u0131 \u00f6\u011fretim \u00fcyesi Do\u00e7. Dr. Mustafa Erelel getirildi. 5&#8217;inci Adli T\u0131p \u0130htisas Kurulu Halk Sa\u011fl\u0131\u011f\u0131 \u00fcyeli\u011fine, \u0130stanbul T\u0131p Fak\u00fcltesi Dahili T\u0131p Bilimleri B\u00f6l\u00fcm\u00fc Halk Sa\u011fl\u0131\u011f\u0131 Anabilim Dal\u0131 Ba\u015fkan\u0131 Prof. Dr. Bedia Ayhan \u00d6zy\u0131ld\u0131r\u0131m atand\u0131.<\/p>\n<p style=\"text-align: justify;\">1&#8217;inci Adli T\u0131p \u0130htisas Kurulu Beyin ve Sinir Cerrahisi \u00fcyeli\u011fine, Cerrahpa\u015fa T\u0131p Fak\u00fcltesi N\u00f6ro\u015fir\u00fcrji Anabilim Dal\u0131 \u00f6\u011fretim \u00fcyesi Prof. Dr. Makbule Nurperi Gazio\u011flu; 5&#8217;inci Adli T\u0131p \u0130htisas Kurulu Enfeksiyon Hastal\u0131klar\u0131 \u00fcyeli\u011fine, \u0130stanbul \u00dcniversitesi Cerrahpa\u015fa T\u0131p Fak\u00fcltesi Mikrobiyoloji ve Klinik Mikrobiyoloji Anabilim Dal\u0131 \u00f6\u011fretim \u00fcyesi Prof. Dr. Ya\u015far Ba\u011fdatl\u0131 getirildi.<\/p>\n<p style=\"text-align: justify;\"><strong>SKANDALLAR HIZLANDIRDI<\/strong><\/p>\n<p style=\"text-align: justify;\">Yap\u0131lan operasyonla ilgili isimlerin, Adli T\u0131p Kurumu Ba\u015fkan\u0131 Do\u00e7. Dr. Haluk \u0130nce taraf\u0131ndan birka\u00e7 ay \u00f6nce Adalet Bakanl\u0131\u011f\u0131&#8217;na sunuldu\u011fu \u00f6ne s\u00fcr\u00fcld\u00fc. Bir Adli T\u0131p yetkilisi de &#8216;Atamalar bekliyordu. Bu isimler daha \u00f6nceden belirlenen isimler. Ya\u015fanan skandallar\u0131n ard\u0131ndan atamalar hayata ge\u00e7irildi&#8217; diye konu\u015ftu.<\/p>\n<p style=\"text-align: justify;\">Adli T\u0131p&#8217;ta tefti\u015fin bug\u00fcn ba\u015flayaca\u011f\u0131 tahmin ediliyor. Denetim \u00f6ncesi kurumda 10 m\u00fcfetti\u015f i\u00e7in 5 oda haz\u0131rland\u0131. M\u00fcfetti\u015flerin rahat \u00e7al\u0131\u015fabilmesi i\u00e7in her t\u00fcrl\u00fc imkan\u0131n sa\u011flanaca\u011f\u0131 \u00f6\u011frenildi.<\/p>\n<p style=\"text-align: justify;\"><strong><em>\u00dczmez&#8217;i  tutuklatan imzalara &#8216;terfi&#8217; <\/em><\/strong><\/p>\n<p style=\"text-align: justify;\">ADL\u0130 T\u0131p Kurumu Ba\u015fkan Yard\u0131mc\u0131l\u0131\u011f\u0131na Uzman Dr. Y\u00fcksel Ayd\u0131n Yaz\u0131c\u0131 getirildi. Yaz\u0131c\u0131, yazar H\u00fcseyin \u00dczmez&#8217;in ikinci kez tutuklanmas\u0131n\u0131 sa\u011flayan raporda &#8216;B.\u00c7.&#8217;nin ruh sa\u011fl\u0131\u011f\u0131 bozulmu\u015ftur&#8217; y\u00f6n\u00fcnde g\u00f6r\u00fc\u015f bildiren \u00fcyeler aras\u0131ndayd\u0131.<\/p>\n<p style=\"text-align: justify;\">Yine ayn\u0131 y\u00f6nde g\u00f6r\u00fc\u015f bildiren 6&#8217;nc\u0131 Adli T\u0131p \u0130htisas Kurulu Adli T\u0131p \u00fcyeli\u011fini ikinci g\u00f6revli olarak y\u00fcr\u00fcten Do\u00e7. Dr. \u00dcmit Naci G\u00fcndo\u011fmu\u015f &#8216;2&#8217;nci Adli T\u0131p \u0130htisas Kurulu Ba\u015fkanl\u0131\u011f\u0131na&#8217;, 5&#8217;inci Adli T\u0131p \u0130htisas Kurulu Adli T\u0131p \u00dcyesi Uzman Dr. Mehmet Korkut ise &#8216;2&#8217;nci Adli T\u0131p \u0130htisas Kurulu Adli T\u0131p \u00fcyeli\u011fine&#8217; atand\u0131.<\/p>\n<p style=\"text-align: justify;\"><strong><em>Erdo\u011fan&#8217;\u0131n yerine Abal\u0131 <\/em><\/strong><\/p>\n<p style=\"text-align: justify;\">\u0130K\u0130NC\u0130 rapor \u00f6ncesi, B.\u00c7.&#8217;yi muayene etmeyerek istifa eden \u00e7ocuk psikiyatristi Do\u00e7 Dr. Ayten Erdo\u011fan&#8217;dan bo\u015falan &#8216;6&#8217;nc\u0131 Adli T\u0131p \u0130htisas Kurulu \u00c7ocuk Psikiyatrisi&#8217; \u00fcyeli\u011fine, \u0130stanbul \u00dcniversitesi \u0130stanbul T\u0131p Fak\u00fcltesi Dahili T\u0131p Bilimleri B\u00f6l\u00fcm\u00fc \u00c7ocuk Ruh Sa\u011fl\u0131\u011f\u0131 ve Hastal\u0131klar\u0131 Anabilim Dal\u0131 \u00f6\u011fretim \u00fcyesi Do\u00e7. Dr. Osman Abal\u0131 atand\u0131.<\/p>\n<p style=\"text-align: justify;\"><span style=\"color: #888888;\">CNN T\u00dcRK<\/span><\/p>\n","protected":false},"excerpt":{"rendered":"<p style=\"text-align: center;\">\n<p style=\"text-align: justify;\">Cumhurba\u015fkan\u0131&#8217;n\u0131n talimat\u0131yla ba\u015flayacak tefti\u015f \u00f6ncesi Adli T\u0131p&#8217;ta jet atamalar. Skandallarla g\u00fcndemden d\u00fc\u015fmeyen kurumun iki ba\u015fkan yard\u0131mc\u0131s\u0131 yerinden oldu.<\/p>\n<p style=\"text-align: justify;\">Ak\u015fam gazetesinde Ercan \u00d6zt\u00fcrk imzas\u0131yla yay\u0131mlanan haber \u015f\u00f6yle:<\/p>\n<p style=\"text-align: justify;\">Tart\u0131\u015fmalar\u0131ndan oda\u011f\u0131ndaki Adli T\u0131p Kurumu&#8217;nda, Devlet Denetleme Kurulu tefti\u015fi \u00f6ncesi apar topar operasyona gidildi. Kurumda iki ba\u015fkan yard\u0131mc\u0131s\u0131 \u00fcyeli\u011fe getirilirken, <\/p>\n","protected":false},"author":1,"featured_media":0,"comment_status":"open","ping_status":"closed","sticky":false,"template":"","format":"standard","meta":{"footnotes":""},"categories":[105],"tags":[],"class_list":["post-12336","post","type-post","status-publish","format-standard","hentry","category-gundem","odd"],"_links":{"self":[{"href":"http:\/\/www.korhanyilmaz.com\/index.php?rest_route=\/wp\/v2\/posts\/12336","targetHints":{"allow":["GET"]}}],"collection":[{"href":"http:\/\/www.korhanyilmaz.com\/index.php?rest_route=\/wp\/v2\/posts"}],"about":[{"href":"http:\/\/www.korhanyilmaz.com\/index.php?rest_route=\/wp\/v2\/types\/post"}],"author":[{"embeddable":true,"href":"http:\/\/www.korhanyilmaz.com\/index.php?rest_route=\/wp\/v2\/users\/1"}],"replies":[{"embeddable":true,"href":"http:\/\/www.korhanyilmaz.com\/index.php?rest_route=%2Fwp%2Fv2%2Fcomments&post=12336"}],"version-history":[{"count":0,"href":"http:\/\/www.korhanyilmaz.com\/index.php?rest_route=\/wp\/v2\/posts\/12336\/revisions"}],"wp:attachment":[{"href":"http:\/\/www.korhanyilmaz.com\/index.php?rest_route=%2Fwp%2Fv2%2Fmedia&parent=12336"}],"wp:term":[{"taxonomy":"category","embeddable":true,"href":"http:\/\/www.korhanyilmaz.com\/index.php?rest_route=%2Fwp%2Fv2%2Fcategories&post=12336"},{"taxonomy":"post_tag","embeddable":true,"href":"http:\/\/www.korhanyilmaz.com\/index.php?rest_route=%2Fwp%2Fv2%2Ftags&post=12336"}],"curies":[{"name":"wp","href":"https:\/\/api.w.org\/{rel}","templated":true}]}}