{"id":123211,"date":"2025-05-21T10:42:53","date_gmt":"2025-05-21T07:42:53","guid":{"rendered":"http:\/\/www.korhanyilmaz.com\/?p=123211"},"modified":"2025-05-21T11:01:32","modified_gmt":"2025-05-21T08:01:32","slug":"chpli-gulizar-bicer-karacaya-tbmmde-gorev-verilmemesi-tansiyonu-yukseltti","status":"publish","type":"post","link":"http:\/\/www.korhanyilmaz.com\/?p=123211","title":{"rendered":"CHP\u2019li G\u00fclizar Bi\u00e7er Karaca\u2019ya TBMM\u2019de g\u00f6rev verilmemesi tansiyonu y\u00fckseltti"},"content":{"rendered":"<p><a href=\"http:\/\/www.korhanyilmaz.com\/wp-content\/uploads\/2025\/05\/dd02862c-7814-4e1e-a623-19d4f5365956-1.png\"  class=\"lightview\"><img loading=\"lazy\" decoding=\"async\" class=\"aligncenter wp-image-123212\" src=\"http:\/\/www.korhanyilmaz.com\/wp-content\/uploads\/2025\/05\/dd02862c-7814-4e1e-a623-19d4f5365956-1.png\" alt=\"\" width=\"550\" height=\"309\" \/><\/a><\/p>\n<p style=\"text-align: justify;\">Tutuklu T\u0130P Milletvekili Can Atalay hakk\u0131ndaki Anayasa Mahkemesi karar\u0131n\u0131 TBMM Genel Kurulu\u2019nda okutan CHP\u2019li Meclis Ba\u015fkanvekili G\u00fclizar Bi\u00e7er Karaca\u2019ya bir s\u00fcredir Meclis\u2019te g\u00f6rev verilmemesi, CHP kanad\u0131nda rahats\u0131zl\u0131k ve tepkiye yol a\u00e7t\u0131.<br \/>\nTutuklu T\u0130P Milletvekili Can Atalay hakk\u0131nda Anayasa Mahkemesi\u2019nin (AYM) \u201cyok h\u00fckm\u00fcnde\u201d karar\u0131n\u0131 Meclis\u2019te okuyan CHP\u2019li Meclis Ba\u015fkanvekili G\u00fclizar Bi\u00e7er Karaca\u2019ya bir s\u00fcredir Meclis Genel Kurulu\u2019nda oturum y\u00f6netme g\u00f6revi verilmiyor.<!--more--><\/p>\n<p style=\"text-align: justify;\">Karaca\u2019ya bu hafta da g\u00f6rev verilmemesi muhalefetin tepkisine yol a\u00e7t\u0131. TBMM Ba\u015fkan\u0131 Numan Kurtulmu\u015f, 20-22 May\u0131s aras\u0131nda AKP\u2019li TBMM Ba\u015fkanvekili Bekir Bozda\u011f\u2019a g\u00f6rev vermesine kar\u015f\u0131n d\u00fcn Genel Kurulu kendi a\u00e7t\u0131. Oturum ba\u015flamadan hemen \u00f6nce CHP Grup Ba\u015fkanvekili Ali Mahir Ba\u015far\u0131r ve baz\u0131 CHP milletvekilleri, Genel Kurul\u2019da \u201ckarar yeter say\u0131s\u0131\u201d bulunmad\u0131\u011f\u0131 gerek\u00e7esiyle itirazda bulundu. Ancak Kurtulmu\u015f, salonu g\u00f6zlemleyerek, \u201cGenel Kurul\u2019a bakt\u0131\u011f\u0131mda yeterli say\u0131da milletvekili oldu\u011funu g\u00f6r\u00fcyorum\u201d diyerek oturuma devam etti. Muhalefet s\u0131ralar\u0131ndan itirazlar devam edince Kurtulmu\u015f tart\u0131\u015fmalar\u0131 yat\u0131\u015ft\u0131rmak i\u00e7in oturuma 10 dakikal\u0131k ara verdi. Ard\u0131ndan CHP, usul tart\u0131\u015fmas\u0131 nedeniyle s\u00f6z istedi. Bunu \u00fczerine milletvekileri s\u00f6z ald\u0131. AKP milletvekili Mustafa Arslan \u015funlar\u0131 ifade etti:<\/p>\n<p style=\"text-align: justify;\">\u201cBunu kabul m\u00fcmk\u00fcn de\u011fil. Her zaman muhalefet milletvekilleri \u015fu Anayasa kitab\u0131n\u0131 i\u00e7 t\u00fcz\u00fc\u011f\u00fc al\u0131p bu Meclis k\u00fcrs\u00fcs\u00fcnden bize do\u011fru sallad\u0131lar. Buna uyulmas\u0131n\u0131 istediler. Meclis i\u00e7 t\u00fcz\u00fc\u011f\u00fcne g\u00f6re gayet a\u00e7\u0131k bir \u015fekilde de ifade edildi\u011fi \u00fczere Meclis\u2019i Meclis Ba\u015fkan\u0131 y\u00fcr\u00fct\u00fcr. Meclis Ba\u015fkan\u0131n\u0131n y\u00f6netimine itiraz d\u00fcnyan\u0131n hi\u00e7bir yerinde g\u00f6r\u00fclmemi\u015ftir. Yine Meclis\u2019in g\u00fcndemi Dan\u0131\u015fma Kurulunda ve g\u00fcndemle ilgili al\u0131nacak kararlar da belli. Meclis g\u00fcndeminde olmayan \u015feyleri Meclis Ba\u015fkan\u0131 da, Meclis Ba\u015fkan Vekili de burada konu\u015famaz, okutturamaz, s\u00f6yleyemez. Meclis hangi hallerde ne i\u015f yapacak, bunlar\u0131n tamam\u0131 i\u00e7 t\u00fcz\u00fckte belli. Dolay\u0131s\u0131yla biz usul tart\u0131\u015fmas\u0131nda Say\u0131n Ba\u015fkan\u2019\u0131n lehinde g\u00f6r\u00fc\u015f\u00fcm\u00fcz\u00fc bildiriyoruz.\u201d<\/p>\n<p style=\"text-align: justify;\"><strong>\u2018MECL\u0130S\u2019\u0130N DI\u015eARIDA B\u0130R SAYGINLI\u011eI KALAB\u0130L\u0130R M\u0130?\u2019<\/strong><\/p>\n<p style=\"text-align: justify;\">Ard\u0131ndan s\u00f6z alan CHP Grup Ba\u015fkanvekili G\u00f6khan G\u00fcnayd\u0131n ise \u201cSiz toplant\u0131y\u0131 a\u00e7t\u0131\u011f\u0131n\u0131zda 200 milletvekilinin olup olmad\u0131\u011f\u0131 konusunda teredd\u00fct i\u00e7inde olur iseniz mutlaka oylamaya gitmeniz gerekir. Bu konu size hat\u0131rlat\u0131ld\u0131. Ortada 200 milletvekilinin olmad\u0131\u011f\u0131 \u00e7\u0131plak g\u00f6zle g\u00f6r\u00fcl\u00fcyordu ancak siz bu oylamaya gitmediniz ve a\u00e7\u0131p kapatmak suretiyle Meclis\u2019i a\u00e7m\u0131\u015f bulundunuz. Birinci usuls\u00fczl\u00fc\u011f\u00fc bu anlamda saptamak isterim\u201d dedi. Can Atalay konusunu dile getiren G\u00fcnayd\u0131n, \u201cBiz burada bir Meclis Ba\u015fkanvekilinin, bir milletvekilinin hakk\u0131n\u0131, hukukunu korumas\u0131n\u0131, asl\u0131nda Anayasa\u2019n\u0131n se\u00e7me ve se\u00e7ilme hakk\u0131n\u0131 korumas\u0131n\u0131 ve AYM karar\u0131n\u0131 okutmas\u0131n\u0131 sanki illegal bir i\u015f olarak g\u00f6r\u00fcyoruz. Bu kabul edilebilir mi, arkada\u015flar? Bir millet Meclisi milletvekilinin hakk\u0131n\u0131 koruyam\u0131yor ise Meclis\u2019in d\u0131\u015far\u0131da bir sayg\u0131nl\u0131\u011f\u0131 kalabilir mi?\u201d ifadelerini kulland\u0131. G\u00fcnayd\u0131n, \u015funlar\u0131 kaydetti:<\/p>\n<p style=\"text-align: justify;\">\u201cSay\u0131n Meclis Ba\u015fkan\u0131m\u0131z, siz MHP\u2019nin ve AKP\u2019nin Meclis Ba\u015fkanvekillerine Meclis\u2019i y\u00f6netiyorsunuz, y\u00f6nettiriyorsunuz. Sevgili, Allah rahmet eylesin, S\u0131rr\u0131 S\u00fcreyya \u00d6nder&#8217;in \u00f6l\u00fcm\u00fcnden sonra sevgili G\u00fclizar Bi\u00e7er Karaca\u2019ya da s\u00f6z vermeyerek bu Meclis\u2019i Cumhur \u0130ttifak\u0131\u2019n\u0131n Meclis Ba\u015fkavekillerinin Meclis\u2019i haline getiriyorsunuz. Bu kabul edilebilir mi? Dolay\u0131s\u0131yla T\u00fcrkiye\u2019de sorumlu bir muhalefet vard\u0131r. Anayasa\u2019n\u0131n 94. maddesinden kaynaklanan haklar\u0131n\u0131 bir aciziyet i\u00e7erisinde geri \u00e7ekecek ve bundan mahcubiyet duyacak bir grup kar\u015f\u0131n\u0131zda yoktur.\u201d<\/p>\n<p style=\"text-align: justify;\"><strong>\u2018KORSAN B\u0130R \u015eEK\u0130LDE \u0130\u00c7 T\u00dcZ\u00dc\u011eE AYKIRI OLARAK UYGULANDI\u2019<\/strong><\/p>\n<p style=\"text-align: justify;\">AKP Grup Ba\u015fkanvekili Leyla \u015eahin Usta ise \u201cG\u00fclizar Bi\u00e7er han\u0131mefendi yakla\u015f\u0131k bir bu\u00e7uk, iki y\u0131ld\u0131r burada Grup Ba\u015fkanvekilli\u011fi yapt\u0131\u011f\u0131 her d\u00f6nemde, Meclis Ba\u015fkanvekilli\u011fi yapt\u0131\u011f\u0131 her oturumda Say\u0131n Numan Kurtulmu\u015f\u2019un Meclis Ba\u015fkan\u0131 olarak kendisinin onay verdi\u011fi metinleri uygulam\u0131\u015ft\u0131r ve okumu\u015ftur. Ne hikmetse o g\u00fcn, hem de S\u0131rr\u0131 S\u00fcreyya \u00d6nder\u2019in hasta oldu\u011fu \u00f6zel bir oturumda \u00e7\u0131km\u0131\u015f, bile ve isteyerek, kasten, korsan olarak, Meclis Ba\u015fkan\u0131n\u0131n onay\u0131 olmadan, Dan\u0131\u015fma Kurulu\u2019nun onay\u0131 olmadan korsan bir \u015fekilde, \u0130\u00e7 T\u00fcz\u00fc\u011fe de ayk\u0131r\u0131 olarak bu uygulamas\u0131n\u0131 yapm\u0131\u015ft\u0131r. Bu konuda Meclis&#8217;in itibar\u0131n\u0131 korumak hepimizin g\u00f6revi\u201d ifadelerini kulland\u0131. Ard\u0131ndan genel kurulda g\u00fcndem d\u0131\u015f\u0131 konu\u015fmalara ge\u00e7ildi.<\/p>\n<p><span style=\"color: #808080;\">Kaynak : Merve K\u0131l\u0131\u00e7 &#8211;\u00a0<a href=\"https:\/\/www.cumhuriyet.com.tr\/siyaset\/chp-li-gulizar-bicer-karaca-ya-tbmm-de-gorev-verilmemesi-tansiyonu-yukseltti-2402637\" target=\"_blank\" rel=\"noopener\">cumhuriyet.com.tr<\/a><\/span><\/p>\n","protected":false},"excerpt":{"rendered":"<\/p>\n<p style=\"text-align: justify;\">Tutuklu T\u0130P Milletvekili Can Atalay hakk\u0131ndaki Anayasa Mahkemesi karar\u0131n\u0131 TBMM Genel Kurulu\u2019nda okutan CHP\u2019li Meclis Ba\u015fkanvekili G\u00fclizar Bi\u00e7er Karaca\u2019ya bir s\u00fcredir Meclis\u2019te g\u00f6rev verilmemesi, CHP kanad\u0131nda rahats\u0131zl\u0131k ve tepkiye yol a\u00e7t\u0131. Tutuklu T\u0130P Milletvekili Can Atalay hakk\u0131nda Anayasa Mahkemesi\u2019nin (AYM) \u201cyok h\u00fckm\u00fcnde\u201d karar\u0131n\u0131 Meclis\u2019te okuyan CHP\u2019li Meclis Ba\u015fkanvekili G\u00fclizar Bi\u00e7er Karaca\u2019ya bir <\/p>\n","protected":false},"author":1,"featured_media":0,"comment_status":"open","ping_status":"open","sticky":false,"template":"","format":"standard","meta":{"footnotes":""},"categories":[105],"tags":[5566,3155,112,4005,10,609,7281,7283,7282,558,3767,3023],"class_list":["post-123211","post","type-post","status-publish","format-standard","hentry","category-gundem","tag-ali-mahir-basarir","tag-anayasa-mahkemesi-aym","tag-bekir-bozdag","tag-can-atalay","tag-chp","tag-gokhan-gunaydin","tag-gulizar-bicer-karaca","tag-leyla-sahin-usta","tag-mustafa-arslan","tag-numan-kurtulmus","tag-tbmm-genel-kurulu","tag-tip","odd"],"_links":{"self":[{"href":"http:\/\/www.korhanyilmaz.com\/index.php?rest_route=\/wp\/v2\/posts\/123211","targetHints":{"allow":["GET"]}}],"collection":[{"href":"http:\/\/www.korhanyilmaz.com\/index.php?rest_route=\/wp\/v2\/posts"}],"about":[{"href":"http:\/\/www.korhanyilmaz.com\/index.php?rest_route=\/wp\/v2\/types\/post"}],"author":[{"embeddable":true,"href":"http:\/\/www.korhanyilmaz.com\/index.php?rest_route=\/wp\/v2\/users\/1"}],"replies":[{"embeddable":true,"href":"http:\/\/www.korhanyilmaz.com\/index.php?rest_route=%2Fwp%2Fv2%2Fcomments&post=123211"}],"version-history":[{"count":0,"href":"http:\/\/www.korhanyilmaz.com\/index.php?rest_route=\/wp\/v2\/posts\/123211\/revisions"}],"wp:attachment":[{"href":"http:\/\/www.korhanyilmaz.com\/index.php?rest_route=%2Fwp%2Fv2%2Fmedia&parent=123211"}],"wp:term":[{"taxonomy":"category","embeddable":true,"href":"http:\/\/www.korhanyilmaz.com\/index.php?rest_route=%2Fwp%2Fv2%2Fcategories&post=123211"},{"taxonomy":"post_tag","embeddable":true,"href":"http:\/\/www.korhanyilmaz.com\/index.php?rest_route=%2Fwp%2Fv2%2Ftags&post=123211"}],"curies":[{"name":"wp","href":"https:\/\/api.w.org\/{rel}","templated":true}]}}