{"id":1232,"date":"2008-10-03T17:24:02","date_gmt":"2008-10-03T14:24:02","guid":{"rendered":"http:\/\/www.korhanyilmaz.com\/?p=1232"},"modified":"2008-10-03T17:24:02","modified_gmt":"2008-10-03T14:24:02","slug":"enflasyonda-korkulan-olmadi","status":"publish","type":"post","link":"http:\/\/www.korhanyilmaz.com\/?p=1232","title":{"rendered":"Enflasyonda korkulan olmad\u0131"},"content":{"rendered":"<p style=\"text-align: center;\"><img loading=\"lazy\" decoding=\"async\" class=\"alignnone size-full wp-image-1233\" title=\"a2e7921a9a9de0458e9f7954x\" src=\"http:\/\/www.korhanyilmaz.com\/wp-content\/uploads\/2008\/10\/a2e7921a9a9de0458e9f7954x.jpg\" alt=\"\" width=\"380\" height=\"200\" \/><\/p>\n<p style=\"text-align: justify;\">Eyl\u00fcl&#8217;de T\u00dcFE y\u00fczde 0.45 artt\u0131, \u00dcFE y\u00fczde 0.90 geriledi ..<\/p>\n<p style=\"text-align: justify;\">T\u00fcrkiye \u0130statistik Kurumu (T\u00dc\u0130K) verilerine g\u00f6re, Eyl\u00fcl ay\u0131nda T\u00dcFE y\u00fczde 0.45 artt\u0131, \u00dcFE y\u00fczde 0.90 geriledi.<\/p>\n<p style=\"text-align: justify;\">T\u00dc\u0130K&#8217;ten yap\u0131lan a\u00e7\u0131klamaya g\u00f6re, Eyl\u00fcl sonu itibar\u0131yla y\u0131ll\u0131k art\u0131\u015flar T\u00dcFE&#8217;de y\u00fczde 11.13 ve \u00dcFE&#8217;de y\u00fczde 12.49 olarak ger\u00e7ekle\u015fti.<\/p>\n<p style=\"text-align: justify;\">Ocak-Eyl\u00fcl art\u0131\u015flar da T\u00dcFE&#8217;de y\u00fczde 6.83 ve \u00dcFE&#8217;de y\u00fczde 11.48 oldu.<\/p>\n<p style=\"text-align: justify;\">T\u00dc\u0130K verilerine g\u00f6re, Eyl\u00fcl imalat fiyatlar\u0131 y\u00fczde 0.81, tar\u0131m fiyatlar\u0131 y\u00fczde 1.51 d\u00fc\u015ft\u00fc.<\/p>\n<p style=\"text-align: justify;\"><!--more--><br \/>\nBEKLENT\u0130LER Y\u00dcKSEKT\u0130<br \/>\nT\u00fcrkiye \u0130statistik Kurumu&#8217;nun (T\u00dc\u0130K) 2003 y\u0131l\u0131n\u0131 baz alarak olu\u015fturdu\u011fu, 2005 ba\u015f\u0131ndan uygulanmaya ba\u015flanan ve y\u0131lba\u015f\u0131nda g\u00fcncellenen yeni<br \/>\nsepetinden olu\u015fan endeks de\u011ferlerine g\u00f6re Eyl\u00fcl&#8217;de T\u00fcketici Fiyatlar\u0131 Endeksi (T\u00dcFE) y\u00fczde 0.45 artt\u0131, \u00dcretici Fiyatlar\u0131 Endeksi (\u00dcFE) ise y\u00fczde 0.90 azald\u0131.<\/p>\n<p style=\"text-align: justify;\">Analistler, Eyl\u00fcl&#8217;de T\u00dcFE&#8217;nin y\u00fczde 1, \u00dcFE&#8217;nin ise y\u00fczde 0.3 artmas\u0131n\u0131<br \/>\nbekliyorlard\u0131. T\u00fcrkiye Odalar ve Borsalar Birli\u011fi (TOBB) ve Reuters i\u015fbirli\u011fi ile haz\u0131rlanan TOBB-Reuters Enflasyon Tahmin Anketi&#8217;nin Eyl\u00fcl sonu\u00e7lar\u0131na g\u00f6re tahminlerin ortalamalar\u0131 \u00dcFE&#8217;de y\u00fczde 0.91, T\u00dcFE&#8217;de y\u00fczde 0.65 art\u0131\u015f y\u00f6n\u00fcndeydi.\n<\/p>\n<p style=\"text-align: justify;\">Verilerle ilgili olarak ekonomistlerin g\u00f6r\u00fc\u015fleri \u015f\u00f6yle:<\/p>\n<p style=\"text-align: justify;\">Finansbank Ekonomisti Ba\u015fak Karaaslan:<br \/>\n&#8220;Enflasyon verisi beklentilerimizin alt\u0131nda geldi. Mevsimsellik ve bayram\u0131n etkisiyle \u00f6zellikle g\u0131da fiyatlar\u0131nda daha y\u00fcksek bir art\u0131\u015f bekliyorduk. Ancak bu anlamda da veri, beklentilerimizin alt\u0131nda kald\u0131. Enflasyon hedefleri a\u00e7\u0131s\u0131ndan olumlu bir veri. Ancak \u00f6n\u00fcm\u00fczdeki d\u00f6nemde Merkez Bankas\u0131&#8217;n\u0131n politika faizlerini bu veriden daha \u00e7ok global finans piyasalar\u0131ndaki geli\u015fmelere g\u00f6re belirleyece\u011fini d\u00fc\u015f\u00fcn\u00fcyorum.&#8221;<\/p>\n<p style=\"text-align: justify;\">Raymond James Ba\u015fekonomisti \u00d6zg\u00fcr Altu\u011f:<br \/>\n&#8220;Verileri beklentilerden daha iyi geldi. Bu, Merkez Bankas\u0131&#8217;n\u0131n para politikas\u0131n\u0131 gev\u015fetme giri\u015fimini destekleyecektir. Ancak biz yine de global kredi krizi Merkez Bankas\u0131&#8217;n\u0131n yak\u0131nda bir faiz indirim i\u015ftah\u0131n\u0131 engelleyebilir.&#8221;<\/p>\n<p style=\"text-align: justify;\">P\u0130YASA REAKS\u0130YONU<br \/>\nBeklentilerin alt\u0131nda gelen T\u00dcFE verisinin ard\u0131ndan bankalararas\u0131 piyasada enflasyon verileri \u00f6ncesi 1.3000\/1.3035 YTL seviyesinde olan dolar kotasyonlar\u0131 veri sonras\u0131nda 1703&#8217;de 1.3010\/1.3035 YTL seviyesindeydi.\n<\/p>\n<p style=\"text-align: justify;\">Tahvil\/bono piyasas\u0131nda 14 Nisan 2010 vadeli g\u00f6sterge k\u0131ymetin ortalama bile\u015fik faizi spotta y\u00fczde 19.98, val\u00f6rl\u00fcde y\u00fczde 19.93 oldu. Verinin ard\u0131ndan kapan\u0131\u015f sonras\u0131 i\u015flemlerde faiz y\u00fczde 19.90 seviyesine geriledi.<\/p>\n<p style=\"text-align: justify;\">REUTERS<\/p>\n","protected":false},"excerpt":{"rendered":"<p style=\"text-align: center;\">\n<p style=\"text-align: justify;\">Eyl\u00fcl&#8217;de T\u00dcFE y\u00fczde 0.45 artt\u0131, \u00dcFE y\u00fczde 0.90 geriledi ..<\/p>\n<p style=\"text-align: justify;\">T\u00fcrkiye \u0130statistik Kurumu (T\u00dc\u0130K) verilerine g\u00f6re, Eyl\u00fcl ay\u0131nda T\u00dcFE y\u00fczde 0.45 artt\u0131, \u00dcFE y\u00fczde 0.90 geriledi.<\/p>\n<p style=\"text-align: justify;\">T\u00dc\u0130K&#8217;ten yap\u0131lan a\u00e7\u0131klamaya g\u00f6re, Eyl\u00fcl sonu itibar\u0131yla y\u0131ll\u0131k art\u0131\u015flar T\u00dcFE&#8217;de y\u00fczde 11.13 ve \u00dcFE&#8217;de y\u00fczde 12.49 olarak ger\u00e7ekle\u015fti.<\/p>\n<p style=\"text-align:  \n\n","protected":false},"author":1,"featured_media":0,"comment_status":"open","ping_status":"open","sticky":false,"template":"","format":"standard","meta":{"footnotes":""},"categories":[7],"tags":[],"class_list":["post-1232","post","type-post","status-publish","format-standard","hentry","category-ekonomi","odd"],"_links":{"self":[{"href":"http:\/\/www.korhanyilmaz.com\/index.php?rest_route=\/wp\/v2\/posts\/1232","targetHints":{"allow":["GET"]}}],"collection":[{"href":"http:\/\/www.korhanyilmaz.com\/index.php?rest_route=\/wp\/v2\/posts"}],"about":[{"href":"http:\/\/www.korhanyilmaz.com\/index.php?rest_route=\/wp\/v2\/types\/post"}],"author":[{"embeddable":true,"href":"http:\/\/www.korhanyilmaz.com\/index.php?rest_route=\/wp\/v2\/users\/1"}],"replies":[{"embeddable":true,"href":"http:\/\/www.korhanyilmaz.com\/index.php?rest_route=%2Fwp%2Fv2%2Fcomments&post=1232"}],"version-history":[{"count":0,"href":"http:\/\/www.korhanyilmaz.com\/index.php?rest_route=\/wp\/v2\/posts\/1232\/revisions"}],"wp:attachment":[{"href":"http:\/\/www.korhanyilmaz.com\/index.php?rest_route=%2Fwp%2Fv2%2Fmedia&parent=1232"}],"wp:term":[{"taxonomy":"category","embeddable":true,"href":"http:\/\/www.korhanyilmaz.com\/index.php?rest_route=%2Fwp%2Fv2%2Fcategories&post=1232"},{"taxonomy":"post_tag","embeddable":true,"href":"http:\/\/www.korhanyilmaz.com\/index.php?rest_route=%2Fwp%2Fv2%2Ftags&post=1232"}],"curies":[{"name":"wp","href":"https:\/\/api.w.org\/{rel}","templated":true}]}}