{"id":12307,"date":"2009-07-26T13:04:32","date_gmt":"2009-07-26T10:04:32","guid":{"rendered":"http:\/\/www.korhanyilmaz.com\/?p=12307"},"modified":"2009-07-26T13:04:32","modified_gmt":"2009-07-26T10:04:32","slug":"nuris-veli-kucuke-racon-kesti","status":"publish","type":"post","link":"http:\/\/www.korhanyilmaz.com\/?p=12307","title":{"rendered":"Nuri\u015f, Veli K\u00fc\u00e7\u00fck&#039;e racon kesti"},"content":{"rendered":"<p style=\"text-align: center;\"><a href=\"http:\/\/www.korhanyilmaz.com\/wp-content\/uploads\/2009\/07\/270720090056162423424.jpg\"  class=\"lightview\"><img loading=\"lazy\" decoding=\"async\" class=\"aligncenter size-full wp-image-12308\" src=\"http:\/\/www.korhanyilmaz.com\/wp-content\/uploads\/2009\/07\/270720090056162423424.jpg\" alt=\"\" width=\"329\" height=\"210\" \/><\/a><\/p>\n<p style=\"text-align: justify;\">Karag\u00fcmr\u00fck \u00c7etesi eleba\u015f\u0131 `Nuri\u015f&#8217; cezaevinden 6 sayfal\u0131k mektup g\u00f6nderdi<\/p>\n<p style=\"text-align: justify;\">Ergenekon tart\u0131\u015fmalar\u0131na Karag\u00fcmr\u00fck \u00e7etesi de kar\u0131\u015ft\u0131. Nuri Ergin, Veli K\u00fc\u00e7\u00fck\u2019e \u201cTa\u015f\u0131d\u0131\u011f\u0131 \u00fcniformaya sayg\u0131m\u0131z olmasa a\u011f\u0131r konu\u015furuz\u201d dedi. Mustafa Duyar\u2019\u0131 kendisinin \u00f6ld\u00fcrtt\u00fc\u011f\u00fcn\u00fc s\u00f6yleyen Ergin, bu konuda kimseden talimat almad\u0131\u011f\u0131n\u0131 da iddia etti.<\/p>\n<p style=\"text-align: justify;\">Hakk\u0131nda kesinle\u015fmi\u015f \u00e7ok say\u0131da hapis cezas\u0131 bulunan ve \u00e7e\u015fitli mahkemelerde bir\u00e7ok davas\u0131 da devam eden, kamuoyunda Karag\u00fcmr\u00fck \u00c7etesi eleba\u015f\u0131 \u2019Nuri\u015f\u2019olarak bilinen Nuri Ergin, yatt\u0131\u011f\u0131 Edirne F Tipi Cezaevi\u2019nden, avukat\u0131 Erg\u00fcn Bademci arac\u0131l\u0131\u011f\u0131yla bas\u0131n mensuplar\u0131na 6 sayfadan olu\u015fan mektup g\u00f6nderdi. Ergin mektu\u00d6zdemir Sabanc\u0131\u2019n\u0131n katili Mustafa Duyar\u2019\u0131 kendisinin \u00f6ld\u00fcrtt\u00fc\u011f\u00fcn\u00fc yazd\u0131. <!--more--><\/p>\n<p style=\"text-align: justify;\"><strong><em>\u2019Duyar\u2019\u0131 ben \u00f6ld\u00fcrtt\u00fcm\u2019 <\/em><\/strong><\/p>\n<p style=\"text-align: justify;\">Mustafa Duyar\u2019\u0131n \u00f6ld\u00fcr\u00fclmesi olay\u0131 ile baz\u0131 ki\u015filerin \u00e7ok ilgilendi\u011fini belirten Nuri Ergin, bu konu ile ilgili Savc\u0131 Zekeriya \u00d6z\u2019e her \u015feyi anlatt\u0131\u011f\u0131n\u0131 kaydederek, mektubunun son b\u00f6l\u00fcm\u00fcnde \u015f\u00f6yle dedi:<\/p>\n<p style=\"text-align: justify;\">\u201cBen \u0130stanbul 9\u2019uncu A\u011f\u0131r Ceza Mahkemesi heyetine ge\u00e7ti\u011fimiz 8 Haziran\u2019da dedim ki; \u2018Say\u0131n Savc\u0131 Zekeriya \u00d6z\u2019e sizin arac\u0131l\u0131\u011f\u0131n\u0131zla sesleniyorum. Mustafa Duyar\u2019\u0131n \u00f6ld\u00fcr\u00fclmesi olay\u0131yla \u00e7ok ilgileniyorsa, rahmetli \u00d6zdemir Sabanc\u0131\u2019y\u0131 \u00f6ld\u00fcrd\u00fckten sonra, bir erimizi \u015fehit ettikten sonra, bulunmu\u015f oldu\u011fu K\u0131rklareli E Tipi Cezaevi\u2019nden d\u0131\u015far\u0131ya \u00e7\u0131kar\u0131p, hangi \u015fer odaklar\u0131, neyin m\u00fckafat\u0131 olarak villalarda alem yapt\u0131rd\u0131ysalar, bunlar\u0131 ara\u015ft\u0131r\u0131p ortaya \u00e7\u0131kars\u0131n\u2019dedim. Duru\u015fmada, Cezaevleri eski Genel M\u00fcd\u00fcr\u00fc Ali Suat Ertosun\u2019la ilgili bir s\u00f6z s\u00f6ylemedim. Bunlar hep sapt\u0131r\u0131larak yaz\u0131ld\u0131. Ayr\u0131ca Mustafa Duyar\u2019\u0131n yatm\u0131\u015f oldu\u011fu cezaevinde ayn\u0131 tahrilerde ne ben ne de karde\u015fim yatmad\u0131k, bu da yaland\u0131r. Do\u011fru olan Mustafa Duyar\u2019\u0131n, Afyon Cezaevi\u2019nde, karde\u015fli\u011finden, kader arkada\u015fl\u0131\u011f\u0131ndan, onur ve gurur duydu\u011fumuz karde\u015fimiz Sami Tokur\u2019un, benim talimat\u0131mla \u00f6ld\u00fcrmesidir. Ger\u00e7ekler budur b\u00f6yle bilinmelidir.\u201d<\/p>\n<p style=\"text-align: justify;\"><strong><em>\u2018Gladyoyla i\u015fim olmaz\u2019 <\/em><\/strong><\/p>\n<p style=\"text-align: justify;\">Nuri Ergin, \u2019Bas\u0131n a\u00e7\u0131klamamd\u0131r\u2019diye ba\u015flayan 6 sayfal\u0131k mektubunda \u201cBen 46 ya\u015f\u0131nda, karde\u015fim Vedat Ergin 36 ya\u015f\u0131ndad\u0131r. Bizim hayat\u0131m\u0131z boyunca ne Gladyo\u2019yla, ne M\u0130T\u2019le, ne J\u0130TEM\u2019le, ne polisle ne bir cemaaatle, ne bir partiyle hi\u00e7bir i\u015fimiz olmaz, asla ve asla olamaz. E\u011fer biz bir su\u00e7 i\u015flemi\u015fsek polis g\u00f6revini yapar, bunun d\u0131\u015f\u0131nda yukar\u0131da belirtti\u011fim hi\u00e7bir te\u015fkilatla i\u015fimiz olmaz. Bizi tan\u0131yan \u015ferefli t\u00fcm insanlar ve bu alemin \u015ferefli t\u00fcm delikanlar\u0131 da bunu \u00e7ok iyi bilir\u201d dedi.<\/p>\n<p style=\"text-align: justify;\"><strong><em>\u2019K\u00fc\u00e7\u00fck\u2019ten talimat almad\u0131k\u2019 <\/em><\/strong><\/p>\n<p style=\"text-align: justify;\">Ergenekon ad\u0131 verilen davayla ilgili tutuklu ve tutuksuz san\u0131klardan \u00e7ok yanl\u0131 medya taraf\u0131ndan kendisi ve karde\u015fi Vedat Ergin hakk\u0131nda bir\u00e7ok as\u0131ls\u0131z haberler yap\u0131ld\u0131\u011f\u0131n\u0131 \u00f6ne s\u00fcren Nuri Ergin mektubuna \u015f\u00f6yle devam etti:<\/p>\n<p style=\"text-align: justify;\">\u201cAfyon Cezaevi\u2019nde, benim talimat\u0131mla \u00f6ld\u00fcr\u00fclen DHKP-C\u2019li Mustafa Duyar\u2019\u0131, Veli K\u00fc\u00e7\u00fck\u2019\u00fcn talimat\u0131yla ger\u00e7ekle\u015ftirdi\u011fimiz yaz\u0131ld\u0131, \u00e7izildi. Bunlar\u0131n hepsi k\u00fclliyen yalan, hi\u00e7bir do\u011fruluk pay\u0131 yoktur. Bana ve karde\u015fim Vedat\u2019a, Allah\u2019\u0131n hi\u00e7bir kulunun emir ve talimat vermeyece\u011fini bu \u00fclkede ya\u015fayan t\u00fcm \u015ferefli insanlar ve bu alemin t\u00fcm delikanl\u0131lar\u0131 bilir. Ne Veli K\u00fc\u00e7\u00fck\u2019\u00fc, ne talimat\u0131. Bu as\u0131ls\u0131z yalan haberleri bir tak\u0131m \u015fer odaklar\u0131n\u0131n \u00f6zellikle yapt\u0131rd\u0131\u011f\u0131n\u0131 biliyoruz. Bunlar\u0131n yapt\u0131rd\u0131\u011f\u0131 haberlere kargalar bile g\u00fcler. Bizim Savc\u0131 Zekeriya \u00d6z\u2019e 22 May\u0131s 2008\u2019de vermi\u015f oldu\u011fumuz ifademiz, y\u00fcce yarg\u0131n\u0131n tutanaklar\u0131nda mevcuttur. Veli K\u00fc\u00e7\u00fck\u2019le ilgili en ufak bir su\u00e7lay\u0131c\u0131 ifademiz olup ortaya \u00e7\u0131kartmayan herkesi namert ilan ediyoruz. Veli K\u00fc\u00e7\u00fck, Ergenekon davas\u0131ndaki ifadesinde mahkeme heyetine bizi savc\u0131lar\u0131n y\u00f6nlendirdi\u011fini s\u00f6ylemi\u015f. Veli K\u00fc\u00e7\u00fck\u2019\u00fcn, bu s\u00f6ylediklerini gazetelerde okudum. Bu s\u00f6zler e\u011fer do\u011fruysa Veli K\u00fc\u00e7\u00fck\u2019e aitse, o savc\u0131lar kimmi\u015f. Bizi kim y\u00f6nlendirebilirmi\u015f, kendisi onurlu ve \u015ferefli bir \u015fekilde bunu a\u00e7\u0131klas\u0131n ay\u0131pt\u0131r. Giymi\u015f oldu\u011fu \u015ferefli \u00fcniformas\u0131na sayg\u0131m\u0131z olmasa, s\u00f6zlerine kar\u015f\u0131l\u0131k a\u011f\u0131r k\u0131r\u0131c\u0131 konu\u015furuz. Herkesin kilosundan a\u011f\u0131r bizlerde cezalar var. Allah\u2019\u0131n hi\u00e7bir kuluna onurumuzdan gururumuzdan \u00f6d\u00fcn vermeyiz. Herkesin ger\u00e7ekle ba\u011fda\u015fmayan, arkam\u0131zdan s\u00f6z s\u00f6ylemesi ay\u0131p, yak\u0131\u015fm\u0131yor. Ergenekon davas\u0131nda bizlerinde dinlenmesi y\u00f6n\u00fcnde baz\u0131 san\u0131klar\u0131n avukatlar\u0131n\u0131n talebi olmu\u015f. Gerekirse, mahkeme \u00e7a\u011f\u0131r\u0131rsa gelip bildiklerimizi s\u00f6yleriz.\u201d<\/p>\n<p style=\"text-align: justify;\"><strong><em>HSYK ve Ertosun etraf\u0131ndaki tart\u0131\u015fma <\/em><\/strong><\/p>\n<p style=\"text-align: justify;\">Hakim ve Savc\u0131lar Y\u00fcksek Kurulu, Ergenekon soru\u015fturmas\u0131n\u0131 y\u00fcr\u00fcten savc\u0131lar\u0131n ba\u015fka g\u00f6revlere atanmas\u0131 tart\u0131\u015fmas\u0131 nedeniyle g\u00fcnlerdir kilitlendi. HSYK \u00fczerinde tart\u0131\u015fmalar s\u00fcrerken baz\u0131 yay\u0131n organlar\u0131nda kurul \u00fcyesi Ali Suat Ertosun hakk\u0131nda baz\u0131 iddialar g\u00fcndeme getirildi. Ergenekon san\u0131klar\u0131ndan biriyle foto\u011fraf\u0131 yay\u0131nlanan Ertosun\u2019un Ceza ve Tevkif Evleri M\u00fcd\u00fcrl\u00fc\u011f\u00fc d\u00f6nemindeki uygulamalar\u0131 mercek alt\u0131na al\u0131nd\u0131. Son iddialardan biri Sabanc\u0131 suikasti faillerinden Mustafa Duyar\u2019\u0131n Karag\u00fcmr\u00fck \u00e7etesi \u00fcyeleriyle kas\u0131tl\u0131 olarak ayn\u0131 cezaevine konuldu\u011fuydu. Baz\u0131 yay\u0131n organlar\u0131nda bu nakilleri d\u00f6nemin cezaevlerinden sorumlu m\u00fcd\u00fcr\u00fc Ertosun\u2019un yapt\u0131\u011f\u0131 ileri s\u00fcr\u00fcld\u00fc. Ertosun\u2019la ilgili iddialar en son Milliyet Gazetesi\u2019nde Can D\u00fcndar taraf\u0131ndan g\u00fcndeme getirilmi\u015fti. Afyon yatan Mustafa Duyar\u2019la r\u00f6portaj yapmak i\u00e7in Adalet Bakan\u0131\u2019ndan izin ald\u0131\u011f\u0131n\u0131 yazan Can D\u00fcndar, bu r\u00f6portaj\u0131n bakan\u0131n izninen ra\u011fmen Ertosun taraf\u0131ndan engellendi\u011fini iddia etmi\u015fti: Bizim yerimize ba\u015fkalar\u0131 gitti Duyar\u2019\u0131n \u201cziyareti\u201d ne&#8230; Bizi oyalayan Bakanl\u0131k b\u00fcrokrasisi, \u201cKarag\u00fcmr\u00fck \u00e7etesi\u201d nin Afyon Cezaevi\u2019ne nakline izin vermi\u015fti.<\/p>\n<p style=\"text-align: justify;\"><strong><em>Duyar cezaevinde tabancayla \u00f6ld\u00fcr\u00fcld\u00fc <\/em><\/strong><\/p>\n<p style=\"text-align: justify;\">Karag\u00fcmr\u00fck \u00e7etesi \u00fcyeleri, 15 \u015eubat 1999\u2019da Afyon Cezaevi\u2019nde isyan ba\u015flatt\u0131. Gardiyanlar\u0131 rehin alan \u00e7ete \u00fcyeleri, Sabanc\u0131 suikasti faillerinden Mustafa Duyar\u2019\u0131 \u00f6ld\u00fcr\u00fcp, \u00f6rt\u00fcl\u00fc \u00f6denek doland\u0131r\u0131c\u0131s\u0131 Sel\u00e7uk Parsadan\u2019\u0131 yaralad\u0131. \u0130syan, d\u00f6nemin Ceza ve Tutukevleri Genel M\u00fcd\u00fcr\u00fc Ali Suat Ertosun ile Afyon Cumhuriyet Ba\u015fsavc\u0131s\u0131\u2019n\u0131n Eski\u015fehir Cezaevi\u2019nde yatan Nuri Ergin\u2019le ba\u011flant\u0131 kurmas\u0131yla sona ermi\u015fti. Ergin telefonla g\u00f6r\u00fc\u015ft\u00fc\u011f\u00fc \u00e7ete \u00fcyelerine verdi\u011fi talimatla isyan\u0131 bitirmi\u015fti. Olayla ilgili davada Ergin ile Duyar cinayetini i\u015fleyen \u00fc\u00e7 adam\u0131 m\u00fcebbet hapse mahkum olmu\u015ftu. Bu davada Duyar\u2019\u0131 \u00f6ld\u00fcrmeyi azmettirdi\u011fi iddialar\u0131n\u0131 reddeden Ergin, daha sonra U\u015fak Cezaevi\u2019nde ba\u015flatt\u0131\u011f\u0131 isyanda ilgin\u00e7 a\u00e7\u0131klamalar yapm\u0131\u015ft\u0131. Cezaevi penceresinden gazetecilere seslenen Nuri Ergin \u201cBu devlet bana Mustafa Duyar\u2019\u0131 \u00f6ld\u00fcrtt\u00fc. Ben \u00f6ld\u00fcrtt\u00fcm. \u015eimdi canl\u0131 s\u00f6yl\u00fcyorum\u201d, karde\u015fi Vedat Ergin ise \u201cVeli K\u00fc\u00e7\u00fck\u2019\u00fc aray\u0131n; beni sorun. Ba\u015fka da bir \u015fey demiyorum\u201d demi\u015fti.<\/p>\n<p style=\"text-align: justify;\"><span style=\"color: #888888;\">Kaynak : Vatan<\/span><\/p>\n","protected":false},"excerpt":{"rendered":"<p style=\"text-align: center;\">\n<p style=\"text-align: justify;\">Karag\u00fcmr\u00fck \u00c7etesi eleba\u015f\u0131 `Nuri\u015f&#8217; cezaevinden 6 sayfal\u0131k mektup g\u00f6nderdi<\/p>\n<p style=\"text-align: justify;\">Ergenekon tart\u0131\u015fmalar\u0131na Karag\u00fcmr\u00fck \u00e7etesi de kar\u0131\u015ft\u0131. Nuri Ergin, Veli K\u00fc\u00e7\u00fck\u2019e \u201cTa\u015f\u0131d\u0131\u011f\u0131 \u00fcniformaya sayg\u0131m\u0131z olmasa a\u011f\u0131r konu\u015furuz\u201d dedi. Mustafa Duyar\u2019\u0131 kendisinin \u00f6ld\u00fcrtt\u00fc\u011f\u00fcn\u00fc s\u00f6yleyen Ergin, bu konuda kimseden talimat almad\u0131\u011f\u0131n\u0131 da iddia etti.<\/p>\n<p style=\"text-align: justify;\">Hakk\u0131nda kesinle\u015fmi\u015f \u00e7ok say\u0131da hapis cezas\u0131 <\/p>\n","protected":false},"author":1,"featured_media":0,"comment_status":"open","ping_status":"closed","sticky":false,"template":"","format":"standard","meta":{"footnotes":""},"categories":[105],"tags":[],"class_list":["post-12307","post","type-post","status-publish","format-standard","hentry","category-gundem","odd"],"_links":{"self":[{"href":"http:\/\/www.korhanyilmaz.com\/index.php?rest_route=\/wp\/v2\/posts\/12307","targetHints":{"allow":["GET"]}}],"collection":[{"href":"http:\/\/www.korhanyilmaz.com\/index.php?rest_route=\/wp\/v2\/posts"}],"about":[{"href":"http:\/\/www.korhanyilmaz.com\/index.php?rest_route=\/wp\/v2\/types\/post"}],"author":[{"embeddable":true,"href":"http:\/\/www.korhanyilmaz.com\/index.php?rest_route=\/wp\/v2\/users\/1"}],"replies":[{"embeddable":true,"href":"http:\/\/www.korhanyilmaz.com\/index.php?rest_route=%2Fwp%2Fv2%2Fcomments&post=12307"}],"version-history":[{"count":0,"href":"http:\/\/www.korhanyilmaz.com\/index.php?rest_route=\/wp\/v2\/posts\/12307\/revisions"}],"wp:attachment":[{"href":"http:\/\/www.korhanyilmaz.com\/index.php?rest_route=%2Fwp%2Fv2%2Fmedia&parent=12307"}],"wp:term":[{"taxonomy":"category","embeddable":true,"href":"http:\/\/www.korhanyilmaz.com\/index.php?rest_route=%2Fwp%2Fv2%2Fcategories&post=12307"},{"taxonomy":"post_tag","embeddable":true,"href":"http:\/\/www.korhanyilmaz.com\/index.php?rest_route=%2Fwp%2Fv2%2Ftags&post=12307"}],"curies":[{"name":"wp","href":"https:\/\/api.w.org\/{rel}","templated":true}]}}