{"id":1214,"date":"2008-10-03T15:49:06","date_gmt":"2008-10-03T12:49:06","guid":{"rendered":"http:\/\/www.korhanyilmaz.com\/?p=1214"},"modified":"2008-10-03T15:49:06","modified_gmt":"2008-10-03T12:49:06","slug":"elden-maas-donemine-son","status":"publish","type":"post","link":"http:\/\/www.korhanyilmaz.com\/?p=1214","title":{"rendered":"Elden maa\u015f d\u00f6nemine son"},"content":{"rendered":"<p style=\"text-align: center;\"><img loading=\"lazy\" decoding=\"async\" class=\"size-full wp-image-1215 aligncenter\" src=\"http:\/\/www.korhanyilmaz.com\/wp-content\/uploads\/2008\/10\/de846fcf675b48489c2f28adx.jpg\" alt=\"\" width=\"380\" height=\"200\" \/><\/p>\n<p style=\"text-align: justify;\">Kay\u0131t d\u0131\u015f\u0131 ile m\u00fccadele kapsam\u0131nda \u00f6nemli bir d\u00fczenleme daha hayata ge\u00e7iyor. Sosyal G\u00fcvenlik Kurumu (SGK), yapt\u0131\u011f\u0131 son toplant\u0131yla maa\u015flar\u0131 elden verme uygulamas\u0131n\u0131 bitirecek d\u00fczenlemenin 1 Ocak 2009&#8217;da y\u00fcr\u00fcrl\u00fc\u011fe girmesini kararla\u015ft\u0131rd\u0131.<\/p>\n<p style=\"text-align: justify;\">Toplant\u0131da, uzun tart\u0131\u015fmalar\u0131n ard\u0131ndan 50 i\u015f\u00e7i olarak hesaplanan, daha sonra 30&#8217;a indirilen maa\u015flar\u0131n bankadan yat\u0131rma zorunlulu\u011fu 10 i\u015f\u00e7iye indirildi. Buna g\u00f6re, 10 i\u015f\u00e7i \u00e7al\u0131\u015ft\u0131ran i\u015fveren bile maa\u015flar\u0131 bankaya yat\u0131racak. Uygulama sayesinde sigortas\u0131z i\u015f\u00e7i \u00e7al\u0131\u015ft\u0131rmak ve vergi ka\u00e7\u0131rmak zorla\u015facak. SGK Ba\u015fkan Vekili Fatih Acar, d\u00fczenlemenin sa\u011fl\u0131kl\u0131 i\u015fleyebilmesi i\u00e7in \u00e7a\u011fr\u0131da bulundu: &#8220;Toplumun t\u00fcm kesimlerinden destek bekliyoruz.&#8221;<!--more--><\/p>\n<p style=\"text-align: justify;\">1 Ekim&#8217;de y\u00fcr\u00fcrl\u00fc\u011fe giren Genel Sa\u011fl\u0131k Sigortas\u0131 (GSS) ile ilgili de\u011ferlendirmelerde bulunan SGK Ba\u015fkan Vekili Fatih Acar, kay\u0131t d\u0131\u015f\u0131yla m\u00fccadele i\u00e7in \u00f6nemli bir ad\u0131m at\u0131ld\u0131\u011f\u0131n\u0131 s\u00f6yledi. 2008-2009 y\u0131l\u0131n\u0131 kay\u0131t d\u0131\u015f\u0131yla m\u00fccadele y\u0131l\u0131 ilan ettiklerine dikkat \u00e7eken Acar, &#8220;\u00dccretlerin bankalar arac\u0131l\u0131\u011f\u0131yla yat\u0131r\u0131lmas\u0131 zorunlulu\u011fu getirdik. 50 i\u015f\u00e7i yerine 30 i\u015f\u00e7i \u00e7al\u0131\u015ft\u0131ran t\u00fcm i\u015fyerlerinin i\u015f\u00e7i maa\u015flar\u0131n\u0131 bankadan yat\u0131rmas\u0131 zorunlulu\u011fu getirdik. Etkili olmas\u0131 i\u00e7in bunu 10 i\u015f\u00e7iye d\u00fc\u015f\u00fcrd\u00fck. 2009&#8217;dan itibaren maa\u015flar elden de\u011fil bankadan yat\u0131r\u0131lacak.&#8221; dedi. Uygulamayla, sigortas\u0131z i\u015f\u00e7i say\u0131s\u0131n\u0131 azaltmak istediklerini belirten Acar, i\u015fveren, i\u015f\u00e7i ve sivil toplum kurulu\u015flar\u0131ndan bu konuda duyarl\u0131l\u0131k bekledi\u011fini ifade etti.<\/p>\n<p style=\"text-align: justify;\">GSS ile ilgili de\u011ferlendirmelerde bulunan Acar, sigortac\u0131l\u0131k ve genel sa\u011fl\u0131k sigortac\u0131l\u0131\u011f\u0131 anlam\u0131nda tarihi de\u011fi\u015fikliklerin vatanda\u015f\u0131n ya\u015famana girdi\u011fini dile getirdi. Acar, &#8220;N\u00fcfusun tamam\u0131na e\u015fit, adil, kolay, eri\u015filebilir sa\u011fl\u0131k sistemini hayata ge\u00e7irdik. Vatanda\u015fa verilen haklar geli\u015fmi\u015f Avrupa \u00fclkesinin \u00f6tesinde kolayl\u0131klar sa\u011fl\u0131yor. 18 ya\u015f alt\u0131ndakiler oldu\u011fu gibi vatans\u0131z ve s\u0131\u011f\u0131nmac\u0131lar\u0131 dahi sosyal g\u00fcvenlik \u015femsiyesi alt\u0131na ald\u0131k. Anne babas\u0131n\u0131n sigortal\u0131 olup olmad\u0131\u011f\u0131na bak\u0131lmaks\u0131z\u0131n 18 ya\u015f alt\u0131ndakiler sa\u011fl\u0131k hizmetlerinden yararlanabilecek.&#8221; diye konu\u015ftu.<\/p>\n<p style=\"text-align: justify;\">GSS&#8217;nin i\u015flemesi bak\u0131m\u0131ndan ana kriterin br\u00fct asgari \u00fccret oldu\u011funu kaydeden Acar, geliri br\u00fct asgari \u00fccretin 3&#8217;te 1&#8217;inden az olanlar\u0131n primlerini devletin yat\u0131raca\u011f\u0131n\u0131 s\u00f6yledi. Asgari \u00fccretin 3&#8217;te 1&#8217;inin \u00fczerinde ve asgari \u00fccret aras\u0131ndakilerin 24 YTL prim yat\u0131raca\u011f\u0131na i\u015faret eden Acar, tarihi bir de\u011fi\u015fiklik hakk\u0131nda bilgi verdi: &#8220;Bakmakla y\u00fck\u00fcml\u00fc oldu\u011fu ki\u015filer de\u011fil de ki\u015fi bazl\u0131 bir d\u00fczenleme geliyor. 4 ki\u015filik bir ailenin ki\u015fi baz\u0131nda geliri hesapland\u0131\u011f\u0131ndan, geliri 202 YTL&#8217;nin alt\u0131nda olanlar 4 ile \u00e7arp\u0131lacak. 800 YTL&#8217;nin alt\u0131nda olan bir ailenin bireyleri devlet taraf\u0131ndan GSS i\u00e7ine al\u0131nacak.&#8221;<\/p>\n<p style=\"text-align: justify;\">Yurt d\u0131\u015f\u0131nda tedavi imkan\u0131yla ilgili ya\u015fanan s\u0131k\u0131nt\u0131lar\u0131n giderilece\u011fine vurgu yapan Acar, sa\u011fl\u0131k hizmetinden yararlanma s\u00fcrelerinin k\u0131sald\u0131\u011f\u0131na i\u015faret etti. Acar, \u00e7al\u0131\u015fan SSK&#8217;l\u0131lar i\u00e7in 90 g\u00fcn, bakmakla y\u00fck\u00fcml\u00fc oldu\u011fu e\u015fi ve \u00e7ocuklar\u0131 i\u00e7in 120 g\u00fcn, Ba\u011f-Kurlular i\u00e7in 240 g\u00fcn olan prim yat\u0131rma \u015fartlar\u0131n\u0131n 30 g\u00fcnde sabitlendi\u011fine dikkat \u00e7ekti.<\/p>\n<p style=\"text-align: justify;\">Daha \u00f6nce 1 kuru\u015f dahi prim borcu olan Ba\u011f-Kurlular\u0131n hastanede tedavi olamad\u0131\u011f\u0131n\u0131 dile getiren Acar, yeni d\u00fczenlemeyle borcu olsa bile sa\u011fl\u0131k imkanlar\u0131ndan yararlanma imkan\u0131 getirildi\u011fine vurgu yapt\u0131. 3 milyon 400 bin esnaf ve yak\u0131nlar\u0131n\u0131 ilgilendiren bu yenilikle 60 g\u00fcn prim borcu olan esnaf\u0131n sa\u011fl\u0131k imkanlar\u0131ndan yararlanma imkan\u0131na kavu\u015ftu\u011funu aktaran Acar, i\u015fsiz kalanlar\u0131n da 90 g\u00fcn s\u00fcreyle sa\u011fl\u0131k hizmetlerinden yararlanabilece\u011fini belirtti. Meslek hastal\u0131klar\u0131, anal\u0131k hallerinde ge\u00e7ici i\u015f g\u00f6remezlik \u00f6dene\u011fi alamayan esnaf ve yak\u0131nlar\u0131na bu hakk\u0131n verildi\u011fini aktaran Acar, basamak sisteminin kald\u0131r\u0131ld\u0131\u011f\u0131n\u0131, yerine br\u00fct asgari \u00fccret ve onun alt\u0131 kat\u0131na kadar prim \u00f6deme imkan\u0131tan\u0131nd\u0131\u011f\u0131n\u0131 aktard\u0131.<\/p>\n<p style=\"text-align: justify;\">SA\u011eLIK HARCAMALARI 7 AYDA 14.8 M\u0130LYAR YTL OLDU<\/p>\n<p style=\"text-align: justify;\">Sa\u011fl\u0131kta vatanda\u015fa tan\u0131nan kolayl\u0131klarla sa\u011fl\u0131k harcamalar\u0131nda art\u0131\u015flar ya\u015fand\u0131\u011f\u0131na i\u015faret eden Acar, &#8220;Bu senenin 7 ayl\u0131k d\u00f6neminde 14.8 milyar YTL&#8217;ye ula\u015ft\u0131. Bir \u00f6nceki y\u0131l\u0131n ayn\u0131 d\u00f6nemine g\u00f6re y\u00fczde 24.8 art\u0131\u015f var. Bu hakikaten dikkat \u00e7ekici bir art\u0131\u015f. \u00d6zel ve \u00fcniversite hastanelerinde y\u00fczde 70 civar\u0131nda. Bunu kontrol etmemiz gerekiyor.&#8221; tespitinde bulundu.<\/p>\n<p style=\"text-align: justify;\">Suiistimallerin \u00f6nlenmesi a\u00e7\u0131s\u0131ndan k\u0131s\u0131tlay\u0131c\u0131 kurallar getirdikleri bilgisini veren Acar, m\u00fckerrer \u00f6demeleri, gereksiz film \u00e7ekimlerini \u00f6nleyecek yaz\u0131l\u0131mlar geli\u015ftirdiklerini belirtti. Acar, 16 ilde yap\u0131lan \u00f6zel ve kamu hastanesi kontrollerinin bundan sonra y\u0131lda 3 kez yap\u0131laca\u011f\u0131n\u0131 s\u00f6zlerine ekledi.<\/p>\n<p style=\"text-align: justify;\">(CHA)<\/p>\n","protected":false},"excerpt":{"rendered":"<p style=\"text-align: center;\">\n<p style=\"text-align: justify;\">Kay\u0131t d\u0131\u015f\u0131 ile m\u00fccadele kapsam\u0131nda \u00f6nemli bir d\u00fczenleme daha hayata ge\u00e7iyor. Sosyal G\u00fcvenlik Kurumu (SGK), yapt\u0131\u011f\u0131 son toplant\u0131yla maa\u015flar\u0131 elden verme uygulamas\u0131n\u0131 bitirecek d\u00fczenlemenin 1 Ocak 2009&#8217;da y\u00fcr\u00fcrl\u00fc\u011fe girmesini kararla\u015ft\u0131rd\u0131.<\/p>\n<p style=\"text-align: justify;\">Toplant\u0131da, uzun tart\u0131\u015fmalar\u0131n ard\u0131ndan 50 i\u015f\u00e7i olarak hesaplanan, daha sonra 30&#8217;a indirilen maa\u015flar\u0131n bankadan yat\u0131rma zorunlulu\u011fu 10 i\u015f\u00e7iye <\/p>\n","protected":false},"author":1,"featured_media":0,"comment_status":"open","ping_status":"open","sticky":false,"template":"","format":"standard","meta":{"footnotes":""},"categories":[7],"tags":[],"class_list":["post-1214","post","type-post","status-publish","format-standard","hentry","category-ekonomi","odd"],"_links":{"self":[{"href":"http:\/\/www.korhanyilmaz.com\/index.php?rest_route=\/wp\/v2\/posts\/1214","targetHints":{"allow":["GET"]}}],"collection":[{"href":"http:\/\/www.korhanyilmaz.com\/index.php?rest_route=\/wp\/v2\/posts"}],"about":[{"href":"http:\/\/www.korhanyilmaz.com\/index.php?rest_route=\/wp\/v2\/types\/post"}],"author":[{"embeddable":true,"href":"http:\/\/www.korhanyilmaz.com\/index.php?rest_route=\/wp\/v2\/users\/1"}],"replies":[{"embeddable":true,"href":"http:\/\/www.korhanyilmaz.com\/index.php?rest_route=%2Fwp%2Fv2%2Fcomments&post=1214"}],"version-history":[{"count":0,"href":"http:\/\/www.korhanyilmaz.com\/index.php?rest_route=\/wp\/v2\/posts\/1214\/revisions"}],"wp:attachment":[{"href":"http:\/\/www.korhanyilmaz.com\/index.php?rest_route=%2Fwp%2Fv2%2Fmedia&parent=1214"}],"wp:term":[{"taxonomy":"category","embeddable":true,"href":"http:\/\/www.korhanyilmaz.com\/index.php?rest_route=%2Fwp%2Fv2%2Fcategories&post=1214"},{"taxonomy":"post_tag","embeddable":true,"href":"http:\/\/www.korhanyilmaz.com\/index.php?rest_route=%2Fwp%2Fv2%2Ftags&post=1214"}],"curies":[{"name":"wp","href":"https:\/\/api.w.org\/{rel}","templated":true}]}}