{"id":1211,"date":"2008-10-03T15:46:00","date_gmt":"2008-10-03T12:46:00","guid":{"rendered":"http:\/\/www.korhanyilmaz.com\/?p=1211"},"modified":"2008-10-03T15:46:00","modified_gmt":"2008-10-03T12:46:00","slug":"erdogan-turkiye-krize-direnecek","status":"publish","type":"post","link":"http:\/\/www.korhanyilmaz.com\/?p=1211","title":{"rendered":"Erdo\u011fan: T\u00fcrkiye krize direnecek"},"content":{"rendered":"<p style=\"text-align: center;\"><img loading=\"lazy\" decoding=\"async\" class=\"size-full wp-image-1212 aligncenter\" src=\"http:\/\/www.korhanyilmaz.com\/wp-content\/uploads\/2008\/10\/8b399db41d259a4c9e83f27ax.jpg\" alt=\"\" width=\"380\" height=\"200\" \/><\/p>\n<p style=\"text-align: justify;\">Ba\u015fbakan Tayyip Erdo\u011fan T\u00fcrkiye&#8217;nin k\u00fcresel krize g\u00fc\u00e7l\u00fc ekonomik yap\u0131s\u0131yla direndi\u011fini s\u00f6yledi. \u00d6n\u00fcm\u00fczdeki y\u0131l piyasaya \u00e7\u0131kacak TL&#8217;nin tan\u0131t\u0131ld\u0131\u011f\u0131 bas\u0131n toplant\u0131s\u0131nda konu\u015fan Erdo\u011fan, &#8220;T\u00fcrkiye k\u00fcresel krize g\u00fc\u00e7l\u00fc ekonomik yap\u0131s\u0131yla direniyor, geli\u015fmeleri takip ediyoruz, gereken \u00f6nlemleri alaca\u011f\u0131z&#8221; dedi&#8230;<\/p>\n<p style=\"text-align: justify;\">Ba\u015fbakan Recep Tayyip Erdo\u011fan, &#8221;Y\u0131llar y\u0131l\u0131 param\u0131z\u0131n de\u011fer kaybetmesinden \u015fikayet\u00e7iydik, \u015fimdi param\u0131z\u0131n de\u011ferli olmas\u0131ndan \u015fikayet\u00e7i olmak bana g\u00f6re yanl\u0131\u015f. Param\u0131z\u0131n de\u011ferli olmas\u0131ndan iftihar ediyorum&#8221; dedi.<!--more--><\/p>\n<p style=\"text-align: justify;\">Erdo\u011fan, Merkez Bankas\u0131&#8217;ndaki T\u00fcrk Liras\u0131 banknot ve madeni paralar\u0131n tan\u0131t\u0131m toplant\u0131s\u0131nda yapt\u0131\u011f\u0131 konu\u015fmada, paradan 6 s\u0131f\u0131r atma operasyonunun sonuna \u00e7ok yakla\u015f\u0131ld\u0131\u011f\u0131n\u0131 belirterek, &#8221;1 Ocak 2009&#8217;dan itibaren as\u0131l arzulad\u0131\u011f\u0131m\u0131z, o asli para birimimiz olan, yenilenmi\u015f, itibar\u0131 ve de\u011feri artm\u0131\u015f T\u00fcrk Liras\u0131&#8217;na d\u00f6n\u00fcyoruz&#8221; dedi.<\/p>\n<p style=\"text-align: justify;\">T\u00fcrkiye&#8217;nin ge\u00e7en on y\u0131llarda \u00e7ok a\u011f\u0131r enflasyon bask\u0131s\u0131 ya\u015fad\u0131\u011f\u0131n\u0131 anlatan Erdo\u011fan, ge\u00e7mi\u015f y\u0131llardaki enflasyon rakamlar\u0131ndan \u00f6rnekler verdi. Enflasyonun 1994 y\u0131l\u0131nda \u00fc\u00e7 haneli rakamlara \u00e7\u0131karak y\u00fczde 125 oran\u0131na ula\u015ft\u0131\u011f\u0131n\u0131 an\u0131msatan Erdo\u011fan, d\u00fcnyada e\u015fine az rastlanan bu enflasyon s\u00fcrecinin sadece ekonomik ortam\u0131 de\u011fil, siyaseti, d\u0131\u015f politikay\u0131 ve sosyal hayat\u0131 derinden etkiledi\u011fini ifade etti.<\/p>\n<p style=\"text-align: justify;\">Erdo\u011fan, kronik enflasyonun ba\u015fta yoksulluk, i\u015fsizlik ve gelir da\u011f\u0131l\u0131m\u0131nda e\u015fitsizlik olmak \u00fczere g\u00f6\u00e7ten ter\u00f6re, \u00e7arp\u0131k kentle\u015fmeden siyasi istikrars\u0131zl\u0131\u011fa kadar hemen her alanda derin ve telafisi zor izler b\u0131rakt\u0131\u011f\u0131n\u0131 s\u00f6yledi.<\/p>\n<p style=\"text-align: justify;\">Ba\u015fbakan Erdo\u011fan, 1980&#8217;lerden itibaren se\u00e7ime giren her siyasi partinin, birinci sorun olarak enflasyonu g\u00f6rerek, enflasyonla m\u00fccadele vaadiyle iktidara geldi\u011fini, bu m\u00fccadelede ba\u015far\u0131 sa\u011flayamadan iktidardan ayr\u0131ld\u0131\u011f\u0131n\u0131 ifade etti.<\/p>\n<p style=\"text-align: justify;\">\u0130ktidara geldiklerinden bu yana uygulad\u0131klar\u0131 s\u0131k\u0131 mali ve para politikalar\u0131 sonucunda 2003&#8217;ten itibaren enflasyonda h\u0131zl\u0131 d\u00fc\u015f\u00fc\u015f kaydedildi\u011fini anlatan Erdo\u011fan, enflasyonu 2004 y\u0131l\u0131 sonunda tek hanelere \u00e7ektiklerini kaydetti.<\/p>\n<p style=\"text-align: justify;\">Bu y\u0131lki k\u00fcresel kriz nedeniyle t\u00fcm d\u00fcnyada enflasyon oranlar\u0131nda k\u0131smi y\u00fckselme s\u00f6z konusu oldu\u011funu dile getiren Erdo\u011fan, &#8221;T\u00fcrkiye&#8217;de ge\u00e7en bir y\u0131l zarf\u0131nda ya\u015fanan baz\u0131 i\u00e7 politik geli\u015fmeler sebebiyle k\u0131smi bir y\u00fckselme olsa da h\u00fck\u00fcmet olarak enflasyonla m\u00fccadeledeki kararl\u0131l\u0131\u011f\u0131m\u0131z\u0131 s\u00fcrd\u00fcr\u00fcyor, ya\u015fanan baz\u0131 i\u00e7 ve d\u0131\u015f olumsuzluklara ra\u011fmen enflasyonu kontrol alt\u0131nda tutmaya devam ediyoruz&#8221; dedi.<\/p>\n<p style=\"text-align: justify;\">Y\u00fcksek enflasyonunun olumsuz etkilerinden birinin para biriminde oldu\u011funu, fiyatlar\u0131n s\u00fcrekli artt\u0131\u011f\u0131 ortamda para biriminin s\u00fcrekli de\u011fer kaybetti\u011fini anlatan Erdo\u011fan, paraya hemen her y\u0131l yeni bir s\u0131f\u0131r eklendi\u011fini ifade etti.<\/p>\n<p style=\"text-align: justify;\">Erdo\u011fan, 1995 y\u0131l\u0131nda bas\u0131lan 1 milyon liral\u0131k banknotu g\u00f6stererek, &#8221;Bak\u0131yorsunuz, yan\u0131nda 6 tane s\u0131f\u0131r. Bu bizim i\u00e7in ger\u00e7ekten \u00e7ok \u00e7ok anlaml\u0131, \u00fcz\u00fcc\u00fc ve d\u00fc\u015f\u00fcnd\u00fcr\u00fcc\u00fcyd\u00fc. Bunlar\u0131 hat\u0131rlamam\u0131zda fayda var&#8221; diye konu\u015ftu.<\/p>\n<p style=\"text-align: justify;\">Sonraki y\u0131llarda 10 ve 20 milyon liral\u0131k banknotlar\u0131n bas\u0131ld\u0131\u011f\u0131n\u0131 an\u0131msatan Erdo\u011fan, &#8221;\u00dczerinde tam 7 adet s\u0131f\u0131r olan 8 haneli bu param\u0131z, d\u00fcnyada en fazla s\u0131f\u0131r\u0131 olan paralar aras\u0131nda yer ald\u0131. S\u0131f\u0131r artt\u0131k\u00e7a param\u0131z itibar\u0131n\u0131 kaybetti&#8221; diye konu\u015ftu.<\/p>\n<p style=\"text-align: justify;\">O d\u00f6nemde maa\u015f\u0131n\u0131 alanlar\u0131n paras\u0131n\u0131n de\u011ferinin kaybolmamas\u0131 i\u00e7in d\u00f6viz b\u00fcrolar\u0131na ko\u015ftu\u011funu anlatan Erdo\u011fan, &#8221;Baz\u0131 \u00fclkelerde &#8216;kim milyoner olmak ister&#8217; yar\u0131\u015fmalar\u0131nda bol s\u0131f\u0131rl\u0131 banknotlar\u0131m\u0131z kullan\u0131l\u0131yordu. Bunlar bizim i\u00e7in adeta istihza noktas\u0131nda \u00e7ok a\u011f\u0131r ithamlard\u0131&#8221; dedi.<br \/>\nO d\u00f6nemde T\u00fcrk Liras\u0131na \u00f6zel hesap makineleri, benzin pompalar\u0131 \u00fcretildi\u011fini dile getiren Erdo\u011fan, \u015funlar\u0131 s\u00f6yledi:<br \/>\n&#8221;\u00c7ok \u015f\u00fck\u00fcr bu g\u00fcnleri art\u0131k geride b\u0131rakt\u0131k. Enflasyonla m\u00fccadelede elde etti\u011fimiz ba\u015far\u0131n\u0131n sonucu olarak, param\u0131zdan 6 s\u0131f\u0131r atmaya karar verdik ve bug\u00fcn art\u0131k operasyonu nihai a\u015famaya getirdik. Bizden \u00f6nce bir \u00e7ok h\u00fck\u00fcmet bu hayali kurmu\u015f, ancak enflasyonla m\u00fccadelede ba\u015far\u0131 elde edemedikleri i\u00e7in bu ama\u00e7lar\u0131n\u0131 ger\u00e7ekle\u015ftirememi\u015f, paraya yeni s\u0131f\u0131rlar ekleyerek iktidardan ayr\u0131lm\u0131\u015flard\u0131r. Biz paradan 6 s\u0131f\u0131r\u0131 atma hedefimizi a\u00e7\u0131klad\u0131\u011f\u0131m\u0131zda, baz\u0131 \u00e7evreler bunu imkans\u0131z giri\u015fim olarak g\u00f6r\u00fcyorlard\u0131.&#8221;<\/p>\n<p style=\"text-align: justify;\">&#8221;KARI\u015eIKLIK YA\u015eANMAZ&#8221;<br \/>\nErdo\u011fan, 1 Ocak 2005&#8217;te ba\u015flayan Yeni T\u00fcrk Liras\u0131 d\u00f6neminin, T\u00fcrk Liras\u0131&#8217;na ge\u00e7i\u015f s\u00fcrecinin en \u00f6nemli halkas\u0131 oldu\u011funun ve sorunsuz atlat\u0131ld\u0131\u011f\u0131n\u0131n alt\u0131n\u0131 \u00e7izerek, \u015f\u00f6yle devam etti:<br \/>\n&#8221;Operasyonun en \u00f6nemli a\u015famas\u0131n\u0131 ba\u015far\u0131yla tamamlad\u0131k ve bug\u00fcne geldik. Yeniden T\u00fcrk Liras\u0131&#8217;na d\u00f6n\u00fcyoruz. Yeni T\u00fcrk Liras\u0131 haz\u0131rl\u0131k \u00e7al\u0131\u015fmalar\u0131 s\u0131ras\u0131nda kimi \u00e7evreler taraf\u0131ndan al\u0131\u015fkanl\u0131klar\u0131 \u00fczere \u00e7ok olumsuz senaryolar \u00fcretildi. &#8216;Enflasyon y\u00fckselecek, fiyatlar y\u00fckselecek, karma\u015fa ya\u015fanacak, halk\u0131n al\u0131\u015fmas\u0131, uyum sa\u011flamas\u0131 zor olacak&#8217; dediler. T\u00fcm bu senaryolar bo\u015fa \u00e7\u0131kt\u0131. Operasyonu \u00e7ok b\u00fcy\u00fck ba\u015far\u0131yla y\u00fcr\u00fctt\u00fck ve Yeni T\u00fcrk Liras\u0131 \u00e7ok h\u0131zl\u0131 bir \u015fekilde kabul g\u00f6rd\u00fc. \u00c7izilen bu karamsar senaryolar\u0131n hi\u00e7 biri ger\u00e7ekle\u015fmedi. D\u00fcnyada e\u015fine \u00e7ok az rastlanan bir operasyonu b\u00fcy\u00fck bir dikkat ve titizlik i\u00e7inde y\u00fcr\u00fctt\u00fck ve nihai a\u015famaya geldi. Yine o d\u00f6nemde \u00e7ok say\u0131da s\u00f6ylenti de ortaya at\u0131ld\u0131. Banknotlar\u0131n tasar\u0131mlar\u0131na ili\u015fkin, \u00fczerlerindeki resim ve yaz\u0131lara ili\u015fkin \u00e7ok say\u0131da dedikodu \u00fcretildi. Benzer dedikodular\u0131n, benzer olumsuz senaryolar\u0131n T\u00fcrk Liras\u0131na ge\u00e7i\u015f \u00f6ncesinde de \u00fcretildi\u011fine \u015fahit oluyoruz. Bu konuda ilgili makamlar\u0131n yapaca\u011f\u0131 a\u00e7\u0131klamalar d\u0131\u015f\u0131nda hi\u00e7bir s\u00f6ylentiye inan\u0131lmamas\u0131 konusunu aziz milletimizin dikkatlerine sunuyorum. Asl\u0131nda \u00e7ok g\u00fczel tasar\u0131mlar ger\u00e7ekle\u015ftirilmi\u015f, g\u00fcl\u00fcmseyen bir T\u00fcrk Liras\u0131 tasar\u0131m\u0131 olu\u015fturulmu\u015f vaziyette.&#8221;<\/p>\n<p style=\"text-align: justify;\">Banknotlar ve madeni paralar\u0131n g\u00f6r\u00fcn\u00fcr ve g\u00f6r\u00fcnmez \u00f6zellikleriyle \u00e7ok emniyetli hale getirildi\u011fini vurgulayan Erdo\u011fan, Yeni T\u00fcrk Liras\u0131 banknotlar\u0131n\u0131n da bir y\u0131l i\u00e7inde piyasadan toplanm\u0131\u015f olaca\u011f\u0131n\u0131 kaydetti.<br \/>\nBa\u015fbakan Erdo\u011fan, T\u00fcrk Liras\u0131na d\u00f6n\u00fc\u015fte tasar\u0131m fark\u0131 d\u0131\u015f\u0131nda hi\u00e7bir zorluk g\u00f6r\u00fclmedi\u011fini dile getirerek, &#8221;Milletimiz Yeni T\u00fcrk Liras\u0131na \u00e7ok h\u0131zl\u0131 uyum sa\u011flam\u0131\u015ft\u0131. T\u00fcrk Liras\u0131na d\u00f6n\u00fc\u015fte de hi\u00e7bir kar\u0131\u015f\u0131kl\u0131k ya\u015fanmayaca\u011f\u0131na inan\u0131yorum&#8221; dedi.<\/p>\n<p style=\"text-align: justify;\">&#8221;PARAMIZ \u0130T\u0130BARINI Y\u00dcKSELTT\u0130&#8221;<br \/>\nT\u00fcrk ekonomisi ve g\u00fcnl\u00fck ya\u015fant\u0131n\u0131n paradan 6 s\u0131f\u0131r at\u0131lmas\u0131ndan \u00e7ok olumlu etkilendi\u011fini ifade eden Erdo\u011fan, &#8221;6 s\u0131f\u0131r\u0131n at\u0131lmas\u0131yla birlikte art\u0131k uluslararas\u0131 para birimi oldu. Param\u0131z sayg\u0131nl\u0131\u011f\u0131n\u0131 yeniden kazand\u0131, itibar\u0131n\u0131 y\u00fckseltti, her \u015feyden \u00f6nemlisi de\u011ferini yeniden kazand\u0131&#8221; dedi.<\/p>\n<p style=\"text-align: justify;\">Erdo\u011fan, 2007 y\u0131l\u0131 Temmuz ay\u0131 sonunda dola\u015f\u0131mdaki banknot tutar\u0131n\u0131n 2004 y\u0131l\u0131 sonuna g\u00f6re y\u00fczde 117 oran\u0131nda artt\u0131\u011f\u0131n\u0131 anlatarak, halk\u0131n uzun bir aradan sonra kendi paras\u0131n\u0131 kullanmaya ba\u015flad\u0131\u011f\u0131n\u0131 vurgulad\u0131.<br \/>\nParan\u0131n de\u011ferli olmas\u0131ndan zaman zaman \u015fikayet edildi\u011fini an\u0131msatan Erdo\u011fan, &#8221;Biz param\u0131z\u0131n de\u011ferli olmas\u0131n\u0131 savunuyoruz ve savunaca\u011f\u0131z. Y\u0131llar y\u0131l\u0131 param\u0131z\u0131n de\u011fer kaybetmesinden \u015fikayet\u00e7iydik. \u015eimdi param\u0131z\u0131n de\u011ferli olmas\u0131ndan \u015fikayet\u00e7i olmak bana g\u00f6re yanl\u0131\u015f. Ben, param\u0131z\u0131n de\u011ferli olmas\u0131ndan iftihar ediyorum. Art\u0131k benim vatanda\u015f\u0131m cebinde T\u00fcrk Liras\u0131n\u0131 g\u00f6\u011fs\u00fcn\u00fc gere gere ta\u015f\u0131yorsa biz mesafe ald\u0131k demektir&#8221; diye konu\u015ftu.<\/p>\n<p style=\"text-align: justify;\">Erdo\u011fan, paradan 6 s\u0131f\u0131r at\u0131lmas\u0131n\u0131n moral olarak da \u00fclke ekonomisi \u00fczerinde olumlu etki yapt\u0131\u011f\u0131n\u0131 ifade ederek, y\u00fcksek enflasyon s\u00fcrecinin bitti\u011finin, istikrar ve g\u00fcven s\u00fcrecinin yerle\u015fti\u011finin tescil edildi\u011fini<br \/>\ns\u00f6yledi.<\/p>\n<p style=\"text-align: justify;\">&#8221;T\u00dcRK\u0130YE K\u00dcRESEL KR\u0130ZE D\u0130REN\u0130YOR&#8221;<br \/>\n\u0130yimser beklentilerin yat\u0131r\u0131m ve \u00fcretimi olumlu etkiledi\u011fini dile getiren Erdo\u011fan, \u015f\u00f6yle devam etti:<br \/>\n&#8221;H\u00fck\u00fcmet olarak enflasyonla m\u00fccadele noktas\u0131nda mali ve para politikas\u0131nda en k\u00fc\u00e7\u00fck bir tavize bile s\u0131cak bakmad\u0131k, bakm\u0131yoruz. T\u00fcrkiye&#8217;nin on y\u0131llar boyunca tecr\u00fcbe etti\u011fi olumsuz \u015fartlar\u0131n, olumsuz ortam\u0131n, kronik problemlerin geri gelmesine asla m\u00fcsamaha g\u00f6stermedik, g\u00f6stermeyece\u011fiz. 2002 y\u0131l\u0131 sonundan itibaren T\u00fcrkiye, \u00e7ok sa\u011fl\u0131kl\u0131 bir ekonomik d\u00f6n\u00fc\u015f\u00fcm\u00fc ba\u015flatt\u0131, bu s\u00fcreci devam ettiriyoruz. E\u011fer bizler de 1990 ve 2000&#8217;li y\u0131llar\u0131n krizlerinden ders almam\u0131\u015f olsayd\u0131k \u015fu anda mevcut k\u00fcresel ekonomik krizin darbesi bizi de s\u00fcratle vurabilirdi. \u0130nan\u0131yorum ki biz bundan en az etkilenen \u00fclke konumunda olaca\u011f\u0131z. T\u00fcrkiye, devam etmekte olan k\u00fcresel krize g\u00fc\u00e7l\u00fc ekonomik yap\u0131s\u0131yla direniyor, kar\u015f\u0131 koyuyor. Elbette dikkati ve ihtiyat\u0131 elden b\u0131rakm\u0131yoruz. Geli\u015fmeleri an be an t\u00fcm kurumlar\u0131m\u0131zla takip ediyoruz. Al\u0131nmas\u0131 gereken \u00f6nlemleri hi\u00e7 teredd\u00fct etmeden al\u0131yoruz, alaca\u011f\u0131z. \u0130nan\u0131yorum ki bu k\u00fcresel t\u00fcrb\u00fclans\u0131 en az etkiyle a\u015facak, T\u00fcrkiye ekonomisindeki d\u00f6n\u00fc\u015f\u00fcm\u00fc tavizsiz \u015fekilde s\u00fcrd\u00fcrecek ve hedefledi\u011fimiz gibi T\u00fcrkiye&#8217;yi d\u00fcnyan\u0131n en b\u00fcy\u00fck ilk 10 ekonomisi aras\u0131na sokmu\u015f olaca\u011f\u0131z.&#8221;\n<\/p>\n<p style=\"text-align: justify;\">Erdo\u011fan, konu\u015fmas\u0131n\u0131n sonunda T\u00fcrk Liras\u0131&#8217;n\u0131n hay\u0131rl\u0131 olmas\u0131n\u0131 dileyerek, bu \u00e7al\u0131\u015fmalarda eme\u011fi olan bakan, b\u00fcrokrat ve t\u00fcm g\u00f6revlilere te\u015fekk\u00fcr etti ve &#8221;Allah bu millete bir daha o bol s\u0131f\u0131rl\u0131 g\u00fcnleri g\u00f6stermesin&#8221; temennisinde bulundu.<\/p>\n<p style=\"text-align: justify;\">&#8220;SA\u011eLAM B\u0130R BANKACILIK YAPIMIZ VAR&#8221;<br \/>\nBa\u015fbakan Recep Tayyip Erdo\u011fan, bankac\u0131l\u0131k sekt\u00f6r\u00fcnde eskiye oranl\u0131 \u00e7ok daha korunakl\u0131 bir yap\u0131 bulundu\u011funu belirterek, &#8221;Burada rahat olal\u0131m. Bankalar\u0131m\u0131z da \u00e7ok kararl\u0131 ve dikkatli gidiyorlar. S\u0131k\u0131nt\u0131 \u015fu anda s\u00f6z konusu de\u011fil&#8221; dedi.\n<\/p>\n<p style=\"text-align: justify;\">Erdo\u011fan, global krizle ilgili yeni tedbirlere y\u00f6nelik bir \u00e7al\u0131\u015fma olup olmad\u0131\u011f\u0131 sorusu \u00fczerine, Devlet Bakan\u0131 ve Ba\u015fbakan Yard\u0131mc\u0131s\u0131 Naz\u0131m Ekren&#8217;in ilgili bakanlarla s\u00fcrekli irtibat halinde oldu\u011funu, ayn\u0131 \u015fekilde Bankalar Birli\u011fi temsilcileri ve Bankac\u0131l\u0131k D\u00fczenleme ve Denetleme Kurumu (BDDK) gibi kurulu\u015flarla da ba\u011flant\u0131 halinde bulunuldu\u011funu bildirdi.<\/p>\n<p style=\"text-align: justify;\">Uluslararas\u0131 piyasalar ile yurt i\u00e7i piyasan\u0131n da yak\u0131ndan izlendi\u011fini kaydeden Erdo\u011fan, &#8221;At\u0131lmas\u0131 gereken ad\u0131mlarla ilgili ne gerekiyorsa tabii ki bu ad\u0131mlar at\u0131lacak&#8221; diye konu\u015ftu.<\/p>\n<p style=\"text-align: justify;\">Ba\u015fbakan, Merkez Bankas\u0131 ba\u015fta olmak \u00fczere, Hazine ve Ziraat Bankas\u0131 ile di\u011fer bankalar\u0131n temsilcileriyle de g\u00f6r\u00fc\u015fmeler yap\u0131ld\u0131\u011f\u0131 ifade etti.<br \/>\nBu ay Devlet Bakan\u0131 Mehmet \u015eim\u015fek, Merkez Bankas\u0131 Ba\u015fkan\u0131 Durmu\u015f Y\u0131lmaz ve di\u011fer ilgililerin (D\u00fcnya Bankas\u0131-IMF toplant\u0131lar\u0131 i\u00e7in) ABD&#8217;de olaca\u011f\u0131na da dikkat \u00e7eken Erdo\u011fan, ABD&#8217;deki \u00e7al\u0131\u015fmalar s\u0131ras\u0131nda \u00e7e\u015fitli temaslarda da bulunulaca\u011f\u0131n\u0131 belirtti.\n<\/p>\n<p style=\"text-align: justify;\">Makro istikrar ve siyasi istikrar\u0131 koruma noktas\u0131nda hassas bir \u015fekilde \u00e7al\u0131\u015fmalar\u0131 s\u00fcrd\u00fcrd\u00fcklerini s\u00f6yleyen Erdo\u011fan, geli\u015fmelerle ilgili gerekti\u011finde a\u00e7\u0131klama yap\u0131ld\u0131\u011f\u0131n\u0131 da hat\u0131rlatt\u0131.<\/p>\n<p style=\"text-align: justify;\">&#8221;SIKINTI S\u00d6Z KONUSU DE\u011e\u0130L&#8221;<br \/>\nBa\u015fbakan Erdo\u011fan, konuyla ilgili bir ba\u015fka soru \u00fczerine de, bankalar\u0131n tamam\u0131n\u0131n BDDK&#8217;n\u0131n kontrol\u00fcnde, takibinde bulundu\u011funu vurgulayarak, \u015f\u00f6yle konu\u015ftu:\n<\/p>\n<p style=\"text-align: justify;\">&#8221;Gerek Fortis olsun, gerek Dexia olsun bu bankalar da yine ayn\u0131 \u015fekilde bu takibin i\u00e7erisindeler ve BDDK taraf\u0131ndan ilgili banka y\u00f6netimleriyle b\u00fct\u00fcn g\u00f6r\u00fc\u015fmeler yap\u0131lmakta. Ben burada herhangi bir s\u0131k\u0131nt\u0131 do\u011faca\u011f\u0131n\u0131 d\u00fc\u015f\u00fcnm\u00fcyorum. Bunlar a\u015f\u0131lacakt\u0131r ve onlar\u0131n da b\u00fct\u00fcn oradaki mudileri rahat olsun tavsiyesini burada tekrarl\u0131yorum.<\/p>\n<p style=\"text-align: justify;\">\u00dclkemizde bizim \u015fu anda b\u00f6yle bir s\u0131k\u0131nt\u0131, b\u00f6yle bir durum s\u00f6z konusu de\u011fil, hepsi yak\u0131n takiptedir. Zaten b\u00f6yle bir durum olacak olsa BDDK bunlar\u0131 bize rapor eder. B\u00f6yle bir \u015fey s\u00f6z konusu de\u011fil ve bizim bankac\u0131l\u0131k sistemimiz 2000&#8217;li y\u0131llarda ya\u015fanan o atmosferi kesinlikle ya\u015fam\u0131yor, hi\u00e7 b\u00f6yle bir \u015fey yok. Burada rahat olal\u0131m. D\u00fc\u015f\u00fcn\u00fcn o zamanlar y\u00fczde 30, 35&#8217;lere varan kredilerde risk vard\u0131. Ama \u015fu anda b\u00f6yle bir \u015fey yok. Bankalar\u0131m\u0131zda \u00e7ok kararl\u0131 ve dikkatli gidiyorlar. Bizler de bunu yak\u0131ndan takip ediyoruz. BDDK zaten bu konuda tavizsiz bu i\u015fi takip ediyor. \u015e\u00fcphesiz ki rehavete kap\u0131lmayaca\u011f\u0131z, dikkatli olaca\u011f\u0131z ama b\u00f6yle bir s\u0131k\u0131nt\u0131m\u0131z \u015fu anda s\u00f6z konusu de\u011fil.&#8221;<\/p>\n<p style=\"text-align: justify;\">&#8221;MORTGAGE S\u0130STEM\u0130N\u0130 TOK\u0130 \u0130LE ALTERNAT\u0130F\u0130N\u0130 ORTAYA KOYARAK S\u0130GORTA ETT\u0130K&#8221;<br \/>\nBa\u015fbakan Erdo\u011fan, kapitalizmin tart\u0131\u015f\u0131lmaya ba\u015fland\u0131\u011f\u0131n\u0131, T\u00fcrkiye&#8217;de de bu t\u00fcr analizler yap\u0131l\u0131p yap\u0131lmad\u0131\u011f\u0131n\u0131 soran bir gazeteciye de, her sistemin s\u00fcre\u00e7 i\u00e7inde kendini g\u00fcncelleyece\u011fini ifade etti.\n<\/p>\n<p style=\"text-align: justify;\">Kom\u00fcnizmin de belki kendini g\u00fcncelleyemedi\u011fi i\u00e7in bir \u00e7\u00f6k\u00fc\u015f ya\u015fad\u0131\u011f\u0131n\u0131 kaydeden Erdo\u011fan, T\u00fcrkiye olarak \u00f6ncelikle kendimize bakmak durumunda oldu\u011fumuzu vurgulad\u0131.<\/p>\n<p style=\"text-align: justify;\">T\u00fcrkiye&#8217;de d\u00fcnyadaki sistemlerden esinlenerek bir yap\u0131 olu\u015fturduklar\u0131n\u0131, sosyal adalete dayal\u0131 bu yap\u0131 i\u00e7inde sa\u011flam bir b\u00fct\u00e7eye yer verdiklerini belirten Erdo\u011fan, \u015funlar\u0131 s\u00f6yledi:<br \/>\n&#8221;Rezervlerimiz sa\u011flam, b\u00f6yle bir noktaday\u0131z. Sa\u011flam olman\u0131n yan\u0131nda da \u015fu anda T\u00fcrkiye&#8217;nin kendi boyutunda y\u00fcksek bir rezerve sahip oldu\u011funu g\u00f6r\u00fcyoruz. Bunlar T\u00fcrkiye&#8217;yi \u015fu anda rahatlatan, riski en az olan \u00fclkeler aras\u0131nda sokan bir durumdur. Nitekim T\u00fcrkiye&#8217;yi yak\u0131ndan takip edenler de bunu a\u00e7\u0131kl\u0131yorlar.<br \/>\nBankalar\u0131m\u0131z\u0131n sermaye yap\u0131s\u0131 da zay\u0131f de\u011fil. \u00d6n\u00fcne gelene (gel sen de banka kur) diyen bir yap\u0131 mevcut de\u011fil. Eskiye oranla \u00e7ok daha korunakl\u0131 bir bankac\u0131l\u0131k yap\u0131m\u0131z var. Burada onlarla ciddi fark\u0131m\u0131z var.<br \/>\nMortgage sistemi ABD&#8217;yi nereye getirdi? Biz olaya sadece mortgage sistemiyle y\u00fcklenmedik. Sistemi getirdik ama TOK\u0130 ile alternatifini ortaya koyarak sigorta ettik. \u015eu anda 320 bin konut in\u015fas\u0131 var, yakla\u015f\u0131k 200 bini teslim edildi, 10 y\u0131l, 20 y\u0131l vadeyle. Mortgage giden \u00e7ok az, dolay\u0131s\u0131yla bizi hi\u00e7 mi hi\u00e7 etkilemi\u015f de\u011fil.&#8221;<\/p>\n<p style=\"text-align: justify;\">\u00c7EKLER, BANKAMAT\u0130KLER, KRED\u0130 KARTLARI VE T\u00dcKET\u0130C\u0130 KRED\u0130LER\u0130 \u00c7ALI\u015eMASI<br \/>\nBa\u015fbakan Erdo\u011fan, bu d\u00f6nemde makro ve finansal istikrar\u0131 sa\u011flaman\u0131n \u00fczerinde durulmas\u0131 gereken \u00f6nemli bir konu oldu\u011funa i\u015faret ederek, &#8221;\u00d6zellikle \u00e7ekler meselesi, tabii ki bankamatikler, kredi kartlar\u0131, t\u00fcketici kredileri. Bunlar \u00fczerinde daha hassas davranmak suretiyle, buralardan bizlere zaaf belirtileri do\u011fmas\u0131n istiyoruz. Bunun i\u00e7in de arkada\u015flar\u0131m\u0131z Naz\u0131m Bey (Devlet Bakan\u0131 ve Ba\u015fbakan Yard\u0131mc\u0131s\u0131 Naz\u0131m Ekren) ba\u015fkanl\u0131\u011f\u0131nda \u00e7al\u0131\u015fmalar\u0131n\u0131 s\u00fcrd\u00fcrecekler. Bu \u00e7al\u0131\u015fmalardan sonra da buna y\u00f6nelik baz\u0131 ad\u0131mlar atmay\u0131 d\u00fc\u015f\u00fcn\u00fcyoruz&#8221; a\u00e7\u0131klamas\u0131nda bulundu.<br \/>\nErdo\u011fan, Ziraat Bankas\u0131n\u0131n \u00f6zelle\u015ftirmesine ili\u015fkin bir soruyu yan\u0131tlarken de \u015fu anda b\u00f6yle bir d\u00fc\u015f\u00fcnceleri olmad\u0131\u011f\u0131n\u0131 bildirdi.\n<\/p>\n<p style=\"text-align: justify;\">B\u00f6yle bir zamanda, kalk\u0131p da Halk Bankas\u0131n\u0131n \u00f6zelle\u015ftirilmesi veya halka a\u00e7\u0131lmas\u0131nda yeniden bir s\u00fcrece girmenin &#8221;ak\u0131l kar\u0131&#8221; olmad\u0131\u011f\u0131n\u0131 vurgulayan Ba\u015fbakan, &#8221;Yani e\u011fer iyi t\u00fcccarsan\u0131z bunun zamanlamas\u0131n\u0131 da iyi yapacaks\u0131n\u0131z. \u015eu anda bunun zaman\u0131 de\u011fil, dikkatli olmak zorunday\u0131z&#8221; dedi.<\/p>\n<p style=\"text-align: justify;\">Erdo\u011fan, mevduat garanti tutarlar\u0131n\u0131n y\u00fckseltilip, y\u00fckseltilmeyece\u011fine ili\u015fkin bir soru \u00fczerine de, bunun da \u015fu anda g\u00fcndemlerinde bulunmad\u0131\u011f\u0131n\u0131 s\u00f6yledi. Ba\u015fbakan Erdo\u011fan, &#8221;S\u0131k\u0131nt\u0131 yokken niye ad\u0131m atal\u0131m, s\u0131k\u0131nt\u0131 olursa o da g\u00fcndeme gelir&#8221; diye konu\u015ftu.<\/p>\n<p style=\"text-align: justify;\">IMF \u0130LE \u0130L\u0130\u015eK\u0130LER<br \/>\nBa\u015fbakan Recep Tayyip Erdo\u011fan, Uluslararas\u0131 Para Fonu (IMF) ile ili\u015fkiler konusunu de\u011ferlendirirken, \u00f6ncelikle ABD&#8217;de buna ili\u015fkin g\u00f6r\u00fc\u015fmelerin yap\u0131lmas\u0131 gerekti\u011fini belirtti. K\u00fcresel mali ekonomik krizin oldu\u011fu ortamda bu ili\u015fkilerin daha dikkatli s\u00fcrd\u00fcrmek gerekti\u011fine dikkat \u00e7eken Erdo\u011fan, &#8221;bakan\u0131m\u0131z (Devlet Bakan\u0131 Mehmet \u015eim\u015fek) g\u00f6r\u00fc\u015fmeleri yaps\u0131n, d\u00f6nd\u00fc\u011f\u00fcnde de\u011ferlendirir ve k\u0131sa zamanda karar\u0131m\u0131z\u0131 a\u00e7\u0131klar\u0131z&#8221; dedi.<\/p>\n<p style=\"text-align: justify;\">CAR\u0130 A\u00c7IK<br \/>\nBa\u015fbakan, cari a\u00e7\u0131kla ilgili bir soru \u00fczerine, ithalat politikas\u0131nda \u00e7ok daha dikkatli bir s\u00fcrecin i\u00e7inde olduklar\u0131n\u0131, enerji politikas\u0131nda da kendi i\u00e7imizdeki enerji kaynaklar\u0131na d\u00f6n\u00fck ad\u0131mlar at\u0131ld\u0131\u011f\u0131n\u0131 anlatt\u0131.\n<\/p>\n<p style=\"text-align: justify;\">Bu \u00e7er\u00e7evede, n\u00fckleer santral, hidroelektrik ve termik santraller ile yenilenebilir enerji konusunda \u00e7al\u0131\u015fmalar y\u00fcr\u00fct\u00fcld\u00fc\u011f\u00fcn\u00fc kaydeden Erdo\u011fan, &#8221;\u0130thalata dayal\u0131 enerji de reformlarla ithalat\u0131 ne kadar azaltabilirsek, a\u00e7\u0131k da o kadar kapanmaya ba\u015flayacakt\u0131r. Bizim petrol kuyular\u0131m\u0131z yok, do\u011falgaz ve petrolde d\u0131\u015fa ba\u011f\u0131ml\u0131 bir \u00fclkeyiz. \u0130hracat\u0131m\u0131z\u0131n ithalat\u0131m\u0131za g\u00f6re fazla olmas\u0131 i\u00e7in \u00e7al\u0131\u015f\u0131yoruz, orada da olumlu bir netice yakalayaca\u011f\u0131z. Turizm de olumlu geli\u015fmeler var. Bu y\u0131l beklenen 25 milyon turistin \u00fclkemize gelmesi&#8230; Ge\u00e7en y\u0131la g\u00f6re 3 milyon art\u0131\u015f var&#8221; \u015feklinde konu\u015ftu.<\/p>\n<p style=\"text-align: justify;\">\u00d6n\u00fcm\u00fczdeki d\u00f6nemde de mali disiplinin devam edece\u011fine ve bundan taviz verilmesinin m\u00fcmk\u00fcn olmad\u0131\u011f\u0131n\u0131 ifade eden Erdo\u011fan, harcama ve tasarruflara da dikkat edilece\u011fini, ayn\u0131 \u015fekilde \u00fclkenin rekabet g\u00fcc\u00fcn\u00fc art\u0131racaklar\u0131n\u0131 kaydetti.<\/p>\n<p style=\"text-align: justify;\">Ba\u015fbakan Erdo\u011fan, &#8221;Ama \u015fimdi ekonomimiz g\u00fc\u00e7l\u00fc, yere da sa\u011flam bas\u0131yorsak, bunu bu kadar (cari a\u00e7\u0131k) \u00fcrk\u00fct\u00fcc\u00fc g\u00f6stermek yanl\u0131\u015ft\u0131r. Ama \u00fczerine gidilmesi, \u00e7\u00f6z\u00fclmesi gereken bir problemdir&#8221; dedi.<\/p>\n<p style=\"text-align: justify;\">TEK HANEL\u0130 ENFLASYON<br \/>\nMerkez Bankas\u0131 Ba\u015fkan\u0131 Durmu\u015f Y\u0131lmaz da k\u00fcresel krizle birlikte ortaya \u00e7\u0131kacak y\u00fcksek enflasyonun TL&#8217;yi a\u015f\u0131nd\u0131r\u0131p, a\u015f\u0131nd\u0131rmayaca\u011f\u0131 konusundaki bir soruyu \u015fu \u015fekilde yan\u0131tlad\u0131:<br \/>\n&#8221;Enflasyon y\u00fcksek ise paran\u0131n sat\u0131n alma g\u00fcc\u00fc d\u00fc\u015fer, bu hayat\u0131n ger\u00e7e\u011fi. Ama bug\u00fcn geldi\u011fimiz noktada, siyasi istikrar ve makro istikrar, kamu maliyesinin g\u00fc\u00e7l\u00fc ortam\u0131, Merkez Bankas\u0131n\u0131n s\u0131k\u0131 para politikas\u0131 var. Mevcut politikalardan taviz vermezsek, bu \u00e7alkant\u0131dan rahatl\u0131kla \u00e7\u0131kabiliriz. Etkilenmemek m\u00fcmk\u00fcn de\u011fil ama bug\u00fcnk\u00fc verilerle, b\u00fcy\u00fck ihtimalle y\u0131l sonunda enflasyonun tek haneli olaca\u011f\u0131n\u0131 d\u00fc\u015f\u00fcn\u00fcyoruz. Yeni paralar i\u00e7in \u00e7ok a\u015f\u0131nd\u0131r\u0131c\u0131 olaca\u011f\u0131n\u0131 d\u00fc\u015f\u00fcnm\u00fcyoruz.&#8221;\n<\/p>\n<p style=\"text-align: justify;\">AA<\/p>\n","protected":false},"excerpt":{"rendered":"<p style=\"text-align: center;\">\n<p style=\"text-align: justify;\">Ba\u015fbakan Tayyip Erdo\u011fan T\u00fcrkiye&#8217;nin k\u00fcresel krize g\u00fc\u00e7l\u00fc ekonomik yap\u0131s\u0131yla direndi\u011fini s\u00f6yledi. \u00d6n\u00fcm\u00fczdeki y\u0131l piyasaya \u00e7\u0131kacak TL&#8217;nin tan\u0131t\u0131ld\u0131\u011f\u0131 bas\u0131n toplant\u0131s\u0131nda konu\u015fan Erdo\u011fan, &#8220;T\u00fcrkiye k\u00fcresel krize g\u00fc\u00e7l\u00fc ekonomik yap\u0131s\u0131yla direniyor, geli\u015fmeleri takip ediyoruz, gereken \u00f6nlemleri alaca\u011f\u0131z&#8221; dedi&#8230;<\/p>\n<p style=\"text-align: justify;\">Ba\u015fbakan Recep Tayyip Erdo\u011fan, &#8221;Y\u0131llar y\u0131l\u0131 param\u0131z\u0131n de\u011fer kaybetmesinden \u015fikayet\u00e7iydik, \u015fimdi param\u0131z\u0131n de\u011ferli <\/p>\n","protected":false},"author":1,"featured_media":0,"comment_status":"open","ping_status":"open","sticky":false,"template":"","format":"standard","meta":{"footnotes":""},"categories":[7],"tags":[],"class_list":["post-1211","post","type-post","status-publish","format-standard","hentry","category-ekonomi","odd"],"_links":{"self":[{"href":"http:\/\/www.korhanyilmaz.com\/index.php?rest_route=\/wp\/v2\/posts\/1211","targetHints":{"allow":["GET"]}}],"collection":[{"href":"http:\/\/www.korhanyilmaz.com\/index.php?rest_route=\/wp\/v2\/posts"}],"about":[{"href":"http:\/\/www.korhanyilmaz.com\/index.php?rest_route=\/wp\/v2\/types\/post"}],"author":[{"embeddable":true,"href":"http:\/\/www.korhanyilmaz.com\/index.php?rest_route=\/wp\/v2\/users\/1"}],"replies":[{"embeddable":true,"href":"http:\/\/www.korhanyilmaz.com\/index.php?rest_route=%2Fwp%2Fv2%2Fcomments&post=1211"}],"version-history":[{"count":0,"href":"http:\/\/www.korhanyilmaz.com\/index.php?rest_route=\/wp\/v2\/posts\/1211\/revisions"}],"wp:attachment":[{"href":"http:\/\/www.korhanyilmaz.com\/index.php?rest_route=%2Fwp%2Fv2%2Fmedia&parent=1211"}],"wp:term":[{"taxonomy":"category","embeddable":true,"href":"http:\/\/www.korhanyilmaz.com\/index.php?rest_route=%2Fwp%2Fv2%2Fcategories&post=1211"},{"taxonomy":"post_tag","embeddable":true,"href":"http:\/\/www.korhanyilmaz.com\/index.php?rest_route=%2Fwp%2Fv2%2Ftags&post=1211"}],"curies":[{"name":"wp","href":"https:\/\/api.w.org\/{rel}","templated":true}]}}