{"id":1201,"date":"2008-10-03T11:08:16","date_gmt":"2008-10-03T08:08:16","guid":{"rendered":"http:\/\/www.korhanyilmaz.com\/?p=1201"},"modified":"2008-10-03T11:08:16","modified_gmt":"2008-10-03T08:08:16","slug":"iste-en-yeni-turk-lirasi","status":"publish","type":"post","link":"http:\/\/www.korhanyilmaz.com\/?p=1201","title":{"rendered":"\u0130\u015fte &#8216;en yeni&#8217; T\u00fcrk Liras\u0131"},"content":{"rendered":"<p style=\"text-align: center;\"><img loading=\"lazy\" decoding=\"async\" class=\"aligncenter size-full wp-image-7741\" src=\"http:\/\/www.korhanyilmaz.com\/wp-content\/uploads\/2008\/10\/496yy.jpg\" alt=\"\" width=\"331\" height=\"176\" \/><\/p>\n<p style=\"text-align: justify;\">1 Ocak 2009&#8217;dan itibaren kullan\u0131ma sunulacak T\u00fcrk Liras\u0131 Ba\u015fbakan Recep Tayyip Erdo\u011fan&#8217;\u0131n kat\u0131l\u0131m\u0131yla yap\u0131lan toplant\u0131da tan\u0131t\u0131ld\u0131.<\/p>\n<p style=\"text-align: justify;\">Euro boyutlar\u0131nda, farkl\u0131 renk ve g\u00fcvenlik \u00f6nlemleri ile piyasaya s\u00fcr\u00fclecek banknotlar\u0131n \u00f6n y\u00fcz\u00fcnde sadece Atat\u00fcrk portresi bulunacak. Arka y\u00fcz\u00fcnde ise T\u00fcrk tarihine mal olmu\u015f veya evrensel \u00e7apta \u00f6nem ta\u015f\u0131yan simalara veya simgelere yer verilecek. YTL banknotlar 31 Aral\u0131k.2019&#8217;a, YKr madeni paralar ise 31 Aral\u0131k 2010&#8217;a kadar i\u015flem g\u00f6recek. <!--more--><\/p>\n<p style=\"text-align: justify;\">YTL banknot ve YKr&#8217;ler 2009 y\u0131l\u0131 boyunca TL banknot ve madeni paralarla birlikte tedav\u00fclde kalacak. Banknotlar\u0131n tedav\u00fcl s\u00fcresi 31 Aral\u0131k 2019&#8217;a, madeni paralar\u0131n ise 31 Aral\u0131k 2010&#8217;a kadar Merkez Bankas\u0131 ve Ziraat Bankas\u0131 \u015fubelerinde de\u011fi\u015ftirilebilecek.<\/p>\n<p style=\"text-align: justify;\">1 Ocak 2009&#8217;da dola\u015f\u0131ma \u00e7\u0131kacak olan TL banknotlar, halen piyasada bulunan YTL banknotlardan farkl\u0131 olacak. TL banknotlar, Euro ile uyumlu tasarland\u0131. Boyutlar\u0131 biraz daha k\u00fc\u00e7\u00fck. TL, banknot sahtecili\u011fine kar\u015f\u0131 daha g\u00fcvenli.<\/p>\n<p style=\"text-align: justify;\">YTL olarak d\u00fczenlenen mali belgelerin, 1 Ocak 2009&#8217;dan itibaren TL&#8217;ye d\u00f6n\u00fc\u015ft\u00fcr\u00fclmesi gerekmeyecek. \u00c7ek, senet vb \u00f6deme ara\u00e7lar\u0131 ayn\u0131 de\u011ferde ge\u00e7erli kabul edilecek. 2009&#8217;dan sonra s\u00f6zle\u015fmeler TL \u00fczerinden d\u00fczenlenecek.<\/p>\n<p style=\"text-align: justify;\">1 Ocak 2009&#8217;tan sonra t\u00fcm banka hesaplar\u0131 tutarda herhangi bir de\u011fi\u015fiklik olmaks\u0131z\u0131n otomatik olarak TL&#8217;ye d\u00f6n\u00fc\u015ft\u00fcr\u00fclecek. Banka hesap c\u00fczdanlar\u0131 ve hesap numaralar\u0131 ayn\u0131 kalacak. Menkul k\u0131ymetlerin de\u011ferleri etkilenmeyecek.<\/p>\n<p style=\"text-align: justify;\">Y\u0131lba\u015f\u0131ndan \u00f6nce TL banknot piyasada olmayaca\u011f\u0131 i\u00e7in \u00f6rne\u011fin Ocak 2009&#8217;a vadelenen bir \u00e7ek 31 Aral\u0131k 2008&#8217;de bankaya g\u00f6t\u00fcr\u00fcl\u00fcrse YTL olarak \u00f6denecek.<\/p>\n<p style=\"text-align: justify;\">2008 vergilendirme d\u00f6nemine ili\u015fkin olsa da 1 Ocak 2009&#8217;dan sonra verilecek KDV, muhtasar, ge\u00e7ici vergi, gelir vergisi ve kurumlar vergisi gibi beyannameler, fatura vb. belgeler TL olarak d\u00fczenlenecek.<\/p>\n<p style=\"text-align: justify;\">Banknot Bas\u0131m Y\u00f6netmeli\u011fi gere\u011fi t\u00fcm TL banknotlar\u0131n \u00f6n y\u00fcz\u00fcnde sadece Atat\u00fcrk portresi olacak. Arka y\u00fcz\u00fcnde ise Yunus Emre, Nene Hatun gibi tarihe mal olmu\u015f isimler bulunacak.<\/p>\n<p style=\"text-align: justify;\">1 YTL k\u00e2\u011f\u0131t banknot tarihe kar\u0131\u015facak. 1 TL sadece madeni para olacak. Ayr\u0131ca ilk kez 200 TL de piyasaya sunulacak.<\/p>\n<p style=\"text-align: justify;\"><span style=\"color: #888888;\">Kaynak : Sabah Gazetesi<\/span><\/p>\n","protected":false},"excerpt":{"rendered":"<p style=\"text-align: center;\">\n<p style=\"text-align: justify;\">1 Ocak 2009&#8217;dan itibaren kullan\u0131ma sunulacak T\u00fcrk Liras\u0131 Ba\u015fbakan Recep Tayyip Erdo\u011fan&#8217;\u0131n kat\u0131l\u0131m\u0131yla yap\u0131lan toplant\u0131da tan\u0131t\u0131ld\u0131.<\/p>\n<p style=\"text-align: justify;\">Euro boyutlar\u0131nda, farkl\u0131 renk ve g\u00fcvenlik \u00f6nlemleri ile piyasaya s\u00fcr\u00fclecek banknotlar\u0131n \u00f6n y\u00fcz\u00fcnde sadece Atat\u00fcrk portresi bulunacak. Arka y\u00fcz\u00fcnde ise T\u00fcrk tarihine mal olmu\u015f veya evrensel \u00e7apta \u00f6nem ta\u015f\u0131yan simalara veya simgelere <\/p>\n","protected":false},"author":1,"featured_media":0,"comment_status":"open","ping_status":"open","sticky":false,"template":"","format":"standard","meta":{"footnotes":""},"categories":[7],"tags":[],"class_list":["post-1201","post","type-post","status-publish","format-standard","hentry","category-ekonomi","odd"],"_links":{"self":[{"href":"http:\/\/www.korhanyilmaz.com\/index.php?rest_route=\/wp\/v2\/posts\/1201","targetHints":{"allow":["GET"]}}],"collection":[{"href":"http:\/\/www.korhanyilmaz.com\/index.php?rest_route=\/wp\/v2\/posts"}],"about":[{"href":"http:\/\/www.korhanyilmaz.com\/index.php?rest_route=\/wp\/v2\/types\/post"}],"author":[{"embeddable":true,"href":"http:\/\/www.korhanyilmaz.com\/index.php?rest_route=\/wp\/v2\/users\/1"}],"replies":[{"embeddable":true,"href":"http:\/\/www.korhanyilmaz.com\/index.php?rest_route=%2Fwp%2Fv2%2Fcomments&post=1201"}],"version-history":[{"count":0,"href":"http:\/\/www.korhanyilmaz.com\/index.php?rest_route=\/wp\/v2\/posts\/1201\/revisions"}],"wp:attachment":[{"href":"http:\/\/www.korhanyilmaz.com\/index.php?rest_route=%2Fwp%2Fv2%2Fmedia&parent=1201"}],"wp:term":[{"taxonomy":"category","embeddable":true,"href":"http:\/\/www.korhanyilmaz.com\/index.php?rest_route=%2Fwp%2Fv2%2Fcategories&post=1201"},{"taxonomy":"post_tag","embeddable":true,"href":"http:\/\/www.korhanyilmaz.com\/index.php?rest_route=%2Fwp%2Fv2%2Ftags&post=1201"}],"curies":[{"name":"wp","href":"https:\/\/api.w.org\/{rel}","templated":true}]}}