{"id":12003,"date":"2009-07-23T21:28:15","date_gmt":"2009-07-23T19:28:15","guid":{"rendered":"http:\/\/www.korhanyilmaz.com\/?p=12003"},"modified":"2009-07-23T21:28:15","modified_gmt":"2009-07-23T19:28:15","slug":"demirelden-faili-mechul-cevabi","status":"publish","type":"post","link":"http:\/\/www.korhanyilmaz.com\/?p=12003","title":{"rendered":"Demirel&#039;den faili me\u00e7hul cevab\u0131"},"content":{"rendered":"<p style=\"text-align: center;\"><a href=\"http:\/\/www.korhanyilmaz.com\/wp-content\/uploads\/2009\/07\/DEM\u0130REL.jpg\"  class=\"lightview\"><img loading=\"lazy\" decoding=\"async\" class=\"aligncenter size-full wp-image-12004\" src=\"http:\/\/www.korhanyilmaz.com\/wp-content\/uploads\/2009\/07\/DEM\u0130REL.jpg\" alt=\"\" width=\"307\" height=\"236\" \/><\/a><\/p>\n<p style=\"text-align: justify;\">9. Cumhurba\u015fkan\u0131 S\u00fcleyman Demirel, &#8220;Su\u00e7, ferdidir. Bir tak\u0131m ferdi su\u00e7lar ele alarak kurumlar\u0131 su\u00e7laman\u0131n anlam\u0131 yok. Devlet adam \u00f6ld\u00fcrmez, su\u00e7u ortadan kald\u0131rmaya \u00e7al\u0131\u015f\u0131r&#8221; dedi.<\/p>\n<p style=\"text-align: justify;\">Demirel, M\u0131s\u0131r&#8217;\u0131n Milli G\u00fcn\u00fc dolay\u0131s\u0131yla M\u0131s\u0131r&#8217;\u0131n Ankara B\u00fcy\u00fckel\u00e7ili\u011fi&#8217;nde verilen resepsiyonda gazetecilerin sorular\u0131n\u0131 yan\u0131tlad\u0131.<\/p>\n<p style=\"text-align: justify;\">Bir gazetecinin, Demokrat Parti ve ANAVATAN aras\u0131nda y\u00fcr\u00fct\u00fclen &#8220;b\u00fct\u00fcnle\u015fme&#8221; g\u00f6r\u00fc\u015fmelerine ili\u015fkin sorusu \u00fczerine Demirel, siyasi partilerin gelecek se\u00e7imlere kadar toparlanmas\u0131 gerekti\u011fini belirtti.<\/p>\n<p style=\"text-align: justify;\">Demirel, &#8220;Bu istikamette at\u0131lm\u0131\u015f bir ad\u0131m, ba\u015far\u0131l\u0131 olmas\u0131n\u0131 diliyorum&#8221; diye konu\u015ftu. &#8220;1980 darbesinde T\u00fcrkiye&#8217;de orta sa\u011fda siyaset yapan Adalet Partisi kapat\u0131ld\u0131. Daha sonra bir \u00e7ok koalisyon h\u00fck\u00fcmetleri kuruldu. 2002&#8217;de tek parti iktidara geldi ama bu defa da siyaset, alternatifsiz kald\u0131&#8221; diyen Demirel T\u00fcrkiye&#8217;de siyasetin iyi i\u015flemedi\u011fini, orta sa\u011f partilere oy veren vatanda\u015flar\u0131n \u015fu anda parti aray\u0131\u015f\u0131nda oldu\u011funu \u00f6ne s\u00fcrd\u00fc. <!--more--><\/p>\n<p style=\"text-align: justify;\">H\u00fcsamettin Cindoruk&#8217;un, Demokrat Parti&#8217;nin ba\u015f\u0131na ge\u00e7erek &#8220;vatanda\u015flar\u0131n aray\u0131\u015f\u0131na cevap verdi\u011fini&#8221; ifade eden Demirel, Demokrat Parti ile ANAVATAN&#8217;\u0131n b\u00fct\u00fcnle\u015fme \u00e7al\u0131\u015fmalar\u0131na se\u00e7im \u00f6ncesinde ba\u015fland\u0131\u011f\u0131n\u0131 ve halen s\u00fcrd\u00fc\u011f\u00fcn\u00fc s\u00f6yledi.<\/p>\n<p style=\"text-align: justify;\">S\u00fcleyman Demirel, \u00e7ok partili siyasetin i\u015flemesinden yana oldu\u011funu belirterek, &#8220;O da ancak g\u00fc\u00e7l\u00fc partilerle olur. Par\u00e7alanm\u0131\u015fl\u0131klar T\u00fcrk siyasetine zafiyet (zay\u0131fl\u0131k) getirir. Sa\u011f siyasi partiler \u00f6n\u00fcm\u00fczdeki se\u00e7ime kadar toparlanmal\u0131d\u0131r&#8221; diye konu\u015ftu.<\/p>\n<p style=\"text-align: justify;\">\u015eemdinli&#8217;ye ba\u011fl\u0131 Derecik beldesi Ormanc\u0131k k\u00f6y\u00fcnden al\u0131nan 12 k\u00f6y korucusunun 1994 y\u0131l\u0131nda \u00f6ld\u00fcr\u00fcl\u00fcp g\u00f6m\u00fcld\u00fc\u011f\u00fc iddia edilen Derecik Taburu&#8217;ndaki kaz\u0131larla ilgili olarak eski milletvekili Esat Canan&#8217;\u0131n, kendisiyle g\u00f6r\u00fc\u015ft\u00fc\u011f\u00fcn\u00fc ve &#8220;Demirel, bana &#8216;devlet adam \u00f6ld\u00fcrmez&#8217; dedi&#8221; a\u00e7\u0131klamas\u0131nda bulundu\u011funun hat\u0131rlat\u0131lmas\u0131 \u00fczerine de Demirel, &#8220;Ne diyecektim? &#8216;Devlet, adam \u00f6ld\u00fcr\u00fcr m\u00fc?&#8217; diyecektim. Bug\u00fcn de devletin \u00f6ld\u00fcrd\u00fc\u011f\u00fc ispatlanm\u0131\u015f de\u011fil. Devlet, devlet politikas\u0131 olarak adam \u00f6ld\u00fcr\u00fcr, di\u011feri cinayettir&#8221; ifadesini kulland\u0131.<\/p>\n<p style=\"text-align: justify;\">Askerlerin su\u00e7a kar\u0131\u015ft\u0131\u011f\u0131 y\u00f6n\u00fcnde iddialar bulundu\u011funun hat\u0131rlat\u0131lmas\u0131 \u00fczerine de Demirel, &#8220;Su\u00e7, ferdidir. Bir tak\u0131m ferdi su\u00e7lar ele alarak kurumlar\u0131 su\u00e7laman\u0131n anlam\u0131 yok. Devlet adam \u00f6ld\u00fcrmez, su\u00e7u ortadan kald\u0131rmaya \u00e7al\u0131\u015f\u0131r&#8221; de\u011ferlendirmesinde bulundu.<\/p>\n<p style=\"text-align: justify;\">Demirel, &#8220;Darbeciler ve Kenan Evren yarg\u0131lanmal\u0131 m\u0131?&#8221; sorusuna da \u015f\u00f6yle yan\u0131t verdi: &#8220;12 Eyl\u00fcl&#8217;\u00fcn muhatab\u0131 benim. Partiler kapat\u0131ld\u0131, bir \u00e7ok zorlu s\u00fcre\u00e7ten ge\u00e7ildi. Darbecilere referandumda y\u00fczde 92 oy veren bu halk de\u011fil mi? \u015eu anda kullan\u0131lan Anayasa, o d\u00f6nemin anayasas\u0131 de\u011fil mi? O halde ne konu\u015fuyorsunuz? 1983&#8217;den bu yana yap\u0131lm\u0131\u015f t\u00fcm se\u00e7imler fiyasko mu yani.&#8221;<\/p>\n<p style=\"text-align: justify;\">&#8220;Hakimler ve Savc\u0131lar Y\u00fcksek Kurulu&#8217;nun kararnamesi halen \u00e7\u0131kar\u0131lmad\u0131, ne d\u00fc\u015f\u00fcn\u00fcyorsunuz?&#8221; sorusu \u00fczerine de Demirel, &#8220;\u00c7\u0131kar\u0131yorlar ya i\u015fte. Bunlar devam eden i\u015fler. Devlet bug\u00fcn yapamad\u0131\u011f\u0131n\u0131, yar\u0131n yapar&#8221; dedi.<\/p>\n<p style=\"text-align: justify;\"><span style=\"color: #888888;\">CNN T\u00dcRK<\/span><\/p>\n","protected":false},"excerpt":{"rendered":"<p style=\"text-align: center;\">\n<p style=\"text-align: justify;\">9. Cumhurba\u015fkan\u0131 S\u00fcleyman Demirel, &#8220;Su\u00e7, ferdidir. Bir tak\u0131m ferdi su\u00e7lar ele alarak kurumlar\u0131 su\u00e7laman\u0131n anlam\u0131 yok. Devlet adam \u00f6ld\u00fcrmez, su\u00e7u ortadan kald\u0131rmaya \u00e7al\u0131\u015f\u0131r&#8221; dedi.<\/p>\n<p style=\"text-align: justify;\">Demirel, M\u0131s\u0131r&#8217;\u0131n Milli G\u00fcn\u00fc dolay\u0131s\u0131yla M\u0131s\u0131r&#8217;\u0131n Ankara B\u00fcy\u00fckel\u00e7ili\u011fi&#8217;nde verilen resepsiyonda gazetecilerin sorular\u0131n\u0131 yan\u0131tlad\u0131.<\/p>\n<p style=\"text-align: justify;\">Bir gazetecinin, Demokrat Parti ve ANAVATAN aras\u0131nda y\u00fcr\u00fct\u00fclen &#8220;b\u00fct\u00fcnle\u015fme&#8221; <\/p>\n","protected":false},"author":1,"featured_media":0,"comment_status":"open","ping_status":"closed","sticky":false,"template":"","format":"standard","meta":{"footnotes":""},"categories":[105],"tags":[],"class_list":["post-12003","post","type-post","status-publish","format-standard","hentry","category-gundem","odd"],"_links":{"self":[{"href":"http:\/\/www.korhanyilmaz.com\/index.php?rest_route=\/wp\/v2\/posts\/12003","targetHints":{"allow":["GET"]}}],"collection":[{"href":"http:\/\/www.korhanyilmaz.com\/index.php?rest_route=\/wp\/v2\/posts"}],"about":[{"href":"http:\/\/www.korhanyilmaz.com\/index.php?rest_route=\/wp\/v2\/types\/post"}],"author":[{"embeddable":true,"href":"http:\/\/www.korhanyilmaz.com\/index.php?rest_route=\/wp\/v2\/users\/1"}],"replies":[{"embeddable":true,"href":"http:\/\/www.korhanyilmaz.com\/index.php?rest_route=%2Fwp%2Fv2%2Fcomments&post=12003"}],"version-history":[{"count":0,"href":"http:\/\/www.korhanyilmaz.com\/index.php?rest_route=\/wp\/v2\/posts\/12003\/revisions"}],"wp:attachment":[{"href":"http:\/\/www.korhanyilmaz.com\/index.php?rest_route=%2Fwp%2Fv2%2Fmedia&parent=12003"}],"wp:term":[{"taxonomy":"category","embeddable":true,"href":"http:\/\/www.korhanyilmaz.com\/index.php?rest_route=%2Fwp%2Fv2%2Fcategories&post=12003"},{"taxonomy":"post_tag","embeddable":true,"href":"http:\/\/www.korhanyilmaz.com\/index.php?rest_route=%2Fwp%2Fv2%2Ftags&post=12003"}],"curies":[{"name":"wp","href":"https:\/\/api.w.org\/{rel}","templated":true}]}}