{"id":11999,"date":"2009-07-23T21:07:36","date_gmt":"2009-07-23T18:07:36","guid":{"rendered":"http:\/\/www.korhanyilmaz.com\/?p=11999"},"modified":"2009-07-23T21:07:36","modified_gmt":"2009-07-23T18:07:36","slug":"adli-tip-kurumunda-yine-skandal","status":"publish","type":"post","link":"http:\/\/www.korhanyilmaz.com\/?p=11999","title":{"rendered":"Adli T\u0131p Kurumu&#039;nda yine skandal"},"content":{"rendered":"<p style=\"text-align: center;\"><a href=\"http:\/\/www.korhanyilmaz.com\/wp-content\/uploads\/2009\/07\/adlit\u0131p.jpg\"  class=\"lightview\"><img loading=\"lazy\" decoding=\"async\" class=\"aligncenter size-full wp-image-12000\" src=\"http:\/\/www.korhanyilmaz.com\/wp-content\/uploads\/2009\/07\/adlit\u0131p.jpg\" alt=\"\" width=\"292\" height=\"194\" \/><\/a><\/p>\n<p style=\"text-align: justify;\">Adli T\u0131p Kurumu&#8217;nda \u00fcst \u00fcste patlak veren skandallara yeni iddialar eklendi. Adli T\u0131p Enstit\u00fcs\u00fc \u00d6\u011fretim \u00dcyesi \u015eebnem Korur Fincanc\u0131, bir cumhuriyet savc\u0131s\u0131n\u0131n \u015fof\u00f6r\u00fcne otopsi teknisyenli\u011fi yapt\u0131rd\u0131\u011f\u0131n\u0131 s\u00f6yledi. Kurumdaki skandallara meslek i\u00e7indeki \u00f6rg\u00fctlerden de tepkiler geliyor. Tabipler Birli\u011fi Ba\u015fkan\u0131 Gencay G\u00fcrsoy &#8220;Adli T\u0131p Kurumu la\u011fvedilmeli&#8221; dedi.<\/p>\n<p style=\"text-align: justify;\">Adli T\u0131p&#8217;taki rapor skandallar\u0131na en b\u00fcy\u00fck tepki bug\u00fcn geldi. Hem de meslek i\u00e7inden. T\u00fcrk Tabipler Birli\u011fi Ba\u015fkan\u0131 Profes\u00f6r Doktor Gencay G\u00fcrsoy kurumu a\u011f\u0131r bir dille ele\u015ftirdi.<\/p>\n<p style=\"text-align: justify;\">G\u00fcrsoy, kurumun i\u015f adamlar\u0131n\u0131, panik atak te\u015fhisi ve g\u00f6z rahats\u0131zl\u0131\u011f\u0131 raporlar\u0131yla cezaevinde kurtard\u0131\u011f\u0131n\u0131 ger\u00e7ek hastalar\u0131n ise halen cezaevlerinde bulundu\u011funu \u00f6ne s\u00fcrd\u00fc. <!--more--><\/p>\n<p style=\"text-align: justify;\">Ard\u0131ndan da Adli T\u0131p Kurumu&#8217;nun kapat\u0131lmas\u0131n\u0131 istedi.<\/p>\n<p style=\"text-align: justify;\">\u0130stanbul&#8217;daki toplant\u0131ya baz\u0131 sivil toplum kurulu\u015flar\u0131 da kat\u0131ld\u0131. Bir de, kurumun eski ba\u015fkanlar\u0131ndan T\u00fcrkiye \u0130nsan Haklar\u0131 Vakf\u0131 Ba\u015fkan\u0131 Profes\u00f6r \u015eebnem Korur Fincanc\u0131 konu\u015ftu<\/p>\n<p style=\"text-align: justify;\">Profes\u00f6r Fincanc\u0131 \u00f6yle \u015feyler s\u00f6yledi ki inan\u0131l\u0131r gibi de\u011fildi.<\/p>\n<p style=\"text-align: justify;\">Fincanc\u0131, &#8220;Cumhuriyet savc\u0131s\u0131 pratisyen hekime otopsi yapt\u0131r\u0131r, otopsi teknisyenli\u011fini de \u015fof\u00f6r\u00fc yapar. \u015eof\u00f6r\u00fcn g\u00fcnl\u00fc\u011f\u00fc harcirah\u0131 pratisyen hekimden y\u00fcksek olur. \u00c7\u00fcnk\u00fc, cumhuriyet savc\u0131s\u0131 bu \u00fccreti belirler. 75 lira al\u0131rlar&#8221; dedi.<\/p>\n<p style=\"text-align: justify;\">Adli T\u0131p Kurumu&#8217;na y\u00f6nelik tart\u0131\u015fmalar H\u00fcseyin \u00dczmez davas\u0131nda 14 ya\u015f\u0131ndaki k\u0131za &#8220;ruh sa\u011fl\u0131\u011f\u0131 bozulmam\u0131\u015ft\u0131r&#8221; raporu verince ba\u015flad\u0131.<\/p>\n<p style=\"text-align: justify;\">Ard\u0131ndan M\u00fcnevver karabulut raporu geldi. \u00c7\u00fcnk\u00fc ilk raporda, gen\u00e7 k\u0131z\u0131n i\u00e7 \u00e7ama\u015f\u0131r\u0131nda sperm bulundu\u011fu belirtiliyordu. Oysa o spermler, otopsi masas\u0131ndan M\u00fcnevver&#8217;e bula\u015fm\u0131\u015ft\u0131.<\/p>\n<p style=\"text-align: justify;\">Ve son skandal, 2,5 y\u0131l \u00f6nce \u0130smaila\u011fa Camii&#8217;nde i\u015flenen cinayete ili\u015fkin raporla patlad\u0131. \u00c7\u00fcnk\u00fc kurum makt\u00fcl\u00fcn kan\u0131 yerine, bir ba\u015fkas\u0131n\u0131n kan\u0131n\u0131 inceleyip rapor yazm\u0131\u015ft\u0131<\/p>\n<p style=\"text-align: justify;\"><span style=\"color: #888888;\">CNN T\u00dcRK<\/span><\/p>\n","protected":false},"excerpt":{"rendered":"<p style=\"text-align: center;\">\n<p style=\"text-align: justify;\">Adli T\u0131p Kurumu&#8217;nda \u00fcst \u00fcste patlak veren skandallara yeni iddialar eklendi. Adli T\u0131p Enstit\u00fcs\u00fc \u00d6\u011fretim \u00dcyesi \u015eebnem Korur Fincanc\u0131, bir cumhuriyet savc\u0131s\u0131n\u0131n \u015fof\u00f6r\u00fcne otopsi teknisyenli\u011fi yapt\u0131rd\u0131\u011f\u0131n\u0131 s\u00f6yledi. Kurumdaki skandallara meslek i\u00e7indeki \u00f6rg\u00fctlerden de tepkiler geliyor. Tabipler Birli\u011fi Ba\u015fkan\u0131 Gencay G\u00fcrsoy &#8220;Adli T\u0131p Kurumu la\u011fvedilmeli&#8221; dedi.<\/p>\n<p style=\"text-align: justify;\">Adli T\u0131p&#8217;taki rapor <\/p>\n","protected":false},"author":1,"featured_media":0,"comment_status":"open","ping_status":"closed","sticky":false,"template":"","format":"standard","meta":{"footnotes":""},"categories":[105],"tags":[],"class_list":["post-11999","post","type-post","status-publish","format-standard","hentry","category-gundem","odd"],"_links":{"self":[{"href":"http:\/\/www.korhanyilmaz.com\/index.php?rest_route=\/wp\/v2\/posts\/11999","targetHints":{"allow":["GET"]}}],"collection":[{"href":"http:\/\/www.korhanyilmaz.com\/index.php?rest_route=\/wp\/v2\/posts"}],"about":[{"href":"http:\/\/www.korhanyilmaz.com\/index.php?rest_route=\/wp\/v2\/types\/post"}],"author":[{"embeddable":true,"href":"http:\/\/www.korhanyilmaz.com\/index.php?rest_route=\/wp\/v2\/users\/1"}],"replies":[{"embeddable":true,"href":"http:\/\/www.korhanyilmaz.com\/index.php?rest_route=%2Fwp%2Fv2%2Fcomments&post=11999"}],"version-history":[{"count":0,"href":"http:\/\/www.korhanyilmaz.com\/index.php?rest_route=\/wp\/v2\/posts\/11999\/revisions"}],"wp:attachment":[{"href":"http:\/\/www.korhanyilmaz.com\/index.php?rest_route=%2Fwp%2Fv2%2Fmedia&parent=11999"}],"wp:term":[{"taxonomy":"category","embeddable":true,"href":"http:\/\/www.korhanyilmaz.com\/index.php?rest_route=%2Fwp%2Fv2%2Fcategories&post=11999"},{"taxonomy":"post_tag","embeddable":true,"href":"http:\/\/www.korhanyilmaz.com\/index.php?rest_route=%2Fwp%2Fv2%2Ftags&post=11999"}],"curies":[{"name":"wp","href":"https:\/\/api.w.org\/{rel}","templated":true}]}}