{"id":11975,"date":"2009-07-23T08:03:48","date_gmt":"2009-07-23T05:03:48","guid":{"rendered":"http:\/\/www.korhanyilmaz.com\/?p=11975"},"modified":"2009-07-23T08:03:48","modified_gmt":"2009-07-23T05:03:48","slug":"karakolda-esrarengiz-olum-aile-isya-etti","status":"publish","type":"post","link":"http:\/\/www.korhanyilmaz.com\/?p=11975","title":{"rendered":"Karakolda esrarengiz \u00f6l\u00fcm, aile isya etti"},"content":{"rendered":"<p style=\"text-align: center;\"><a href=\"http:\/\/www.korhanyilmaz.com\/wp-content\/uploads\/2009\/07\/fft28_mf213492.Jpeg\"  class=\"lightview\"><img loading=\"lazy\" decoding=\"async\" class=\"aligncenter size-full wp-image-11976\" src=\"http:\/\/www.korhanyilmaz.com\/wp-content\/uploads\/2009\/07\/fft28_mf213492.Jpeg\" alt=\"\" width=\"337\" height=\"224\" \/><\/a><\/p>\n<p style=\"text-align: justify;\">\u0130zmir&#8217;in G\u00fcm\u00fc\u015fpala Semti&#8217;nde, bir ki\u015fiyi av t\u00fcfe\u011fiyle yaralad\u0131\u011f\u0131 gerek\u00e7esiyle g\u00f6zalt\u0131na al\u0131nan 24 ya\u015f\u0131ndaki Abdurrahman S\u00f6zen, iddiaya g\u00f6re nezarette su istedi\u011fi polis memurunun tabancas\u0131n\u0131 ele ge\u00e7irip intihar etti.<\/p>\n<p style=\"text-align: justify;\">\u0130zmir&#8217;in Bayrakl\u0131 \u0130l\u00e7esi G\u00fcm\u00fc\u015fpala Semtinde, Mustafa Ba\u011fc\u0131&#8217;n\u0131n silahla yaralanmas\u0131 olay\u0131na kar\u0131\u015ft\u0131\u011f\u0131 gerek\u00e7esiyle evinde g\u00f6zalt\u0131na al\u0131n\u0131p g\u00f6t\u00fcr\u00fcld\u00fc\u011f\u00fc karakolun nezarethanesinde ba\u015f\u0131na isabet eden mermiyle ya\u015fam\u0131n\u0131 yitiren Abdurrahman S\u00f6zen&#8217;in otopsisi yap\u0131ld\u0131. Evli, iki \u00e7ocuk babas\u0131 S\u00f6zen&#8217;in, intihar ihtimalini g\u00fc\u00e7lendiren biti\u015fik at\u0131\u015f sonucu, ba\u015f\u0131n\u0131n sa\u011f taraf\u0131ndan girip solundan \u00e7\u0131kan mermiyle ya\u015fam\u0131n\u0131 yitirdi\u011fi, v\u00fccudunda yara ve darp izine rastlanmad\u0131\u011f\u0131 belirlendi.<!--more--><\/p>\n<p style=\"text-align: justify;\">Olay, d\u00fcn ak\u015fam saatlerinde G\u00fcm\u00fc\u015fpala Polis Merkezi&#8217;nde meydana geldi. As\u0131l i\u015fi metal kaplama olan, g\u00fcn\u00fcbirlik i\u015flerde \u00e7al\u0131\u015farak ge\u00e7imini sa\u011flayan 27 ya\u015f\u0131ndaki Abdurrahman S\u00f6zen ve arkada\u015f\u0131 Yusuf Alak, iddiaya g\u00f6re, s\u00fcrekli yeme\u011fini yiyip paras\u0131n\u0131 \u00f6demedikleri i\u00e7in kendilerini polise \u015fikayet eden lokanta sahibi Mustafa Ba\u011fc\u0131&#8217;yla yolda kar\u015f\u0131la\u015f\u0131nca tart\u0131\u015ft\u0131. Tart\u0131\u015fman\u0131n kavgaya d\u00f6n\u00fc\u015fmesi \u00fczerine Alak, av t\u00fcfe\u011fiyle Ba\u011fc\u0131&#8217;y\u0131 baca\u011f\u0131ndan vurup yaralad\u0131. S\u00f6zen ve Alak, daha sonra bindikleri motosikletle olay yerinden uzakla\u015ft\u0131. Olayla ilgili soru\u015fturma ba\u015flatan polis, takibin ard\u0131ndan, evli, iki \u00e7ocuk babas\u0131, aslen Mardinli olan S\u00f6zen&#8217;i, ayn\u0131 semtteki evinde yakalad\u0131. Halen firarda olan Alak&#8217;\u0131n ise yolda motosikletten inip ayr\u0131ld\u0131\u011f\u0131 belirlendi.<\/p>\n<p style=\"text-align: justify;\">G\u00f6zalt\u0131na al\u0131nan S\u00f6zen, i\u015flemleri yap\u0131lmak \u00fczere G\u00fcm\u00fc\u015fpala Polis Merkezi&#8217;ne g\u00f6t\u00fcr\u00fcld\u00fc. Bu s\u0131rada nezarethaneye al\u0131nan S\u00f6zen, iddiaya g\u00f6re, istedi\u011fi suyu getiren polis memuru C.M.&#8217;nin dalg\u0131nl\u0131\u011f\u0131ndan yararlan\u0131p parmakl\u0131klar\u0131n aras\u0131ndan elini uzatarak beylik tabancas\u0131n\u0131 ald\u0131. Bir el havaya daha sonra da kafas\u0131na ate\u015f etti\u011fi belirtilen S\u00f6zen, kanlar i\u00e7inde yere y\u0131\u011f\u0131ld\u0131. \u0130ncelemede, \u2018uyu\u015fturucu kullanmak, h\u0131rs\u0131zl\u0131k ve gasp\u2019 su\u00e7lar\u0131ndan poliste kayd\u0131 bulunan S\u00f6zen&#8217;in olay yerinde ya\u015fam\u0131n\u0131 yitirdi\u011fi belirlendi.<\/p>\n<p style=\"text-align: justify;\">S\u00f6zen&#8217;in, nezarethanede \u00f6ld\u00fc\u011f\u00fc haberini alan yak\u0131nlar\u0131 da karakolun \u00f6n\u00fcne ak\u0131n etti. Herhangi bir olay \u00e7\u0131kmamas\u0131 i\u00e7in karakolun \u00f6n\u00fcnde geni\u015f g\u00fcvenlik \u00f6nlemi al\u0131n\u0131rken, S\u00f6zen&#8217;in cenazesi, otopsi i\u00e7in \u0130zmir Adli T\u0131p Kurumu Morgu&#8217;na kald\u0131r\u0131ld\u0131.<\/p>\n<p style=\"text-align: justify;\"><strong>B\u0130T\u0130\u015e\u0130K ATI\u015e SONUCU \u00d6L\u00dcM<\/strong><\/p>\n<p style=\"text-align: justify;\">Bug\u00fcn yap\u0131lan otopside, S\u00f6zen&#8217;in, intihar ihtimalini g\u00fc\u00e7lendiren biti\u015fik at\u0131\u015f sonucu, ba\u015f\u0131n\u0131n sa\u011f taraf\u0131ndan girip solundan \u00e7\u0131kan mermiyle ya\u015fam\u0131n\u0131 yitirdi\u011fi, v\u00fccudunda yara ve darp izine rastlanmad\u0131\u011f\u0131 belirlendi. Yak\u0131nlar\u0131 taraf\u0131ndan g\u00f6zya\u015flar\u0131 i\u00e7erisinde cenazesi al\u0131nan S\u00f6zen&#8217;in, Sancak Camisi&#8217;nde ikindi namaz\u0131n\u0131n ard\u0131ndan k\u0131l\u0131nacak cenaze namaz\u0131 sonras\u0131 Do\u011fan\u00e7ay Mezarl\u0131\u011f\u0131&#8217;nda topra\u011fa verilece\u011fi bildirildi.<\/p>\n<p style=\"text-align: justify;\"><strong>EL SVABI SONU\u00c7LARI BELL\u0130 OLMADI<\/strong><\/p>\n<p style=\"text-align: justify;\">\u0130zmir Emniyet M\u00fcd\u00fcrl\u00fc\u011f\u00fc yetkilileri, S\u00f6zen&#8217;in \u00f6l\u00fcm\u00fcn\u00fcn kay\u0131tlara intihar olarak ge\u00e7ti\u011fini, beylik tabancas\u0131 kullan\u0131lan polis memuruyla ilgili idari soru\u015fturma ba\u015flat\u0131ld\u0131\u011f\u0131n\u0131, nezarethanedeki g\u00fcvenlik kameralar\u0131n\u0131n sadece g\u00f6zlem ama\u00e7l\u0131 kullan\u0131ld\u0131\u011f\u0131n\u0131, kay\u0131t yapmad\u0131\u011f\u0131n\u0131 bildirdi. Ayr\u0131ca, olay s\u0131ras\u0131nda, trafik kazas\u0131 nedeniyle ifade vermek i\u00e7in karakola gelen d\u00f6rt ki\u015filik bir ailenin de S\u00f6zen&#8217;in intihar etti\u011fiyle ilgili tan\u0131k olarak ifade verdi\u011fi kaydedildi. El svab\u0131 sonu\u00e7lar\u0131n\u0131n da, daha sonra ortaya \u00e7\u0131kaca\u011f\u0131 bildirildi. Soru\u015fturmay\u0131 y\u00fcr\u00fcten Cumhuriyet Savc\u0131s\u0131&#8217;n\u0131n bizzat olay yerinde incelemelerde bulundu\u011fu, \u015faibeye yol a\u00e7mamas\u0131 nedeniyle ifadeleri tek tek kendisinin ald\u0131\u011f\u0131 vurguland\u0131.<\/p>\n<p style=\"text-align: justify;\"><strong>S\u00d6ZEN&#8217;\u0130N A\u0130LES\u0130NDEN \u0130SYAN<\/strong><\/p>\n<p style=\"text-align: justify;\">Otopsiyi bekleyen ve sonu\u00e7lanmas\u0131n\u0131n ard\u0131ndan cenazelerini teslim alan S\u00f6zen ailesi ise polise isyan etti. 49 y\u0131ld\u0131r \u0130zmir&#8217;de ya\u015fad\u0131klar\u0131n\u0131 dile getiren, 9 \u00e7ocu\u011fundan en k\u00fc\u00e7\u00fck olan\u0131n\u0131 kaybetmenin ac\u0131s\u0131n\u0131 ya\u015fayan emekli i\u015f\u00e7i \u015eehmuz S\u00f6zen, \u201cEvden, \u00e7ocuk \u00e7ocuk, kad\u0131nlar\u0131n \u00f6n\u00fcnde, ayakkab\u0131s\u0131n\u0131 bile giymesine izin vermeden al\u0131p karakola g\u00f6t\u00fcrm\u00fc\u015fler. Bu ne bi\u00e7im insan hakk\u0131. Allaha havale ediyorum onlar\u0131 ama bu i\u015fin pe\u015fini b\u0131rakmayaca\u011f\u0131m. Avrupa \u0130nsan Haklar\u0131 Mahkemesi&#8217;ne kadar gidece\u011fim\u201d dedi. S\u00f6zen&#8217;\u0131n day\u0131s\u0131 Ramazan Da\u011f da, \u201cSapasa\u011flam evden al\u0131yorlar. Daha sonra cenazesini veriyorlar. Ac\u0131m\u0131z \u00e7ok b\u00fcy\u00fck olay da \u00e7ok vahim\u201d dedi. S\u00f6zen&#8217;in a\u011fabeyi Ramazan S\u00f6zen de, \u201cKarde\u015fim asla silahla yaralama olay\u0131na kar\u0131\u015fmam\u0131\u015f, arkada\u015f\u0131 kar\u0131\u015fm\u0131\u015ft\u0131r. Kendisi bir numaral\u0131 zanl\u0131 olmad\u0131\u011f\u0131 halde polisler zorla ve darp ederek gecenin bir vakti evimizi bas\u0131p g\u00f6t\u00fcrm\u00fc\u015flerdir. Sonra da bize karde\u015fimin intihar etti\u011fini s\u00f6yl\u00fcyorlar. Bu nas\u0131l T\u00fcrkiye, bu nas\u0131l adalet\u201d diyerek tepkisini dile getirdi.<\/p>\n<p style=\"text-align: justify;\"><strong>\u0130NSAN HAKLARINA AYKIRI<\/strong><\/p>\n<p style=\"text-align: justify;\">Ailenin avukat\u0131 Nezahat Ba\u015fa Bayraktar ise, \u201cOrtada ciddi bir insan hakk\u0131 ihlali ve zorla evden al\u0131n\u0131p g\u00f6t\u00fcr\u00fclme var. Polis kay\u0131tlar\u0131na g\u00f6re, S\u00f6zen&#8217;in, polisin silah\u0131n\u0131 alarak intihar etti\u011fi s\u00f6yleniyor. Bu zor ihtimal. \u00c7\u00fcnk\u00fc nezarathanedeki demirler aras\u0131na elin girmesi m\u00fcmk\u00fcn ancak silah tutan bir elin girmesi m\u00fcmk\u00fcn de\u011fil. Biz \u00f6l\u00fcm\u00fc \u015f\u00fcpheli buldu\u011fumuz i\u00e7in hemen savc\u0131l\u0131\u011fa kamera kay\u0131tlar\u0131n\u0131n incelenmesini istedik. Savc\u0131l\u0131\u011f\u0131n yapt\u0131\u011f\u0131 ara\u015ft\u0131rmada kameran\u0131n kay\u0131t \u00f6zelli\u011finin bulunmad\u0131\u011f\u0131n\u0131, sadece izleme \u00f6zelli\u011finin bulundu\u011fu ortaya \u00e7\u0131kt\u0131. Ceset nezarathane i\u00e7erisindeydi. Ba\u015f\u0131 duvara yak\u0131n bir \u015fekilde, tabancada bacaklar\u0131n\u0131n aras\u0131na yak\u0131n yerdeydi. Ceset parmakl\u0131klara yak\u0131n de\u011fildi. Ne olursa olsun, can g\u00fcvenli\u011fini korumakla g\u00f6revli ki\u015filerin bir ihmali var\u201d dedi. Bayraktar, \u201cOlay\u0131n karakolda olmas\u0131 ve polisin silah\u0131n\u0131n kullan\u0131lm\u0131\u015f olmas\u0131 hassasiyetimizi artt\u0131r\u0131yor. \u0130darenin a\u011f\u0131r bir ihmali var. \u00d6l\u00fcm\u00fcn ayd\u0131nlat\u0131lmas\u0131 i\u00e7in t\u00fcm hukuki yollara ba\u015fvuraca\u011f\u0131z\u201d dedi.<\/p>\n<p style=\"text-align: justify;\"><strong>\u0130NCELEME YAPILMI\u015eTI<\/strong><\/p>\n<p style=\"text-align: justify;\">Olay\u0131n meydana geldi\u011fi G\u00fcm\u00fc\u015fpala Polis Merkeziyle ilgili, yakla\u015f\u0131k alt\u0131 y\u0131l \u00f6nce, dokuz ki\u015fi taraf\u0131ndan i\u015fkence \u015fikayeti yap\u0131lm\u0131\u015ft\u0131. \u015eikayetler \u00fczerine \u0130zmir Barosu \u0130\u015fkenceyi \u00d6nleme Grubu \u00fcyesi avukatlar, karakolda incelemelerde bulunmu\u015ftu.<\/p>\n<p style=\"text-align: justify;\"><span style=\"color: #888888;\">Kaynak : Radikal<\/span><\/p>\n","protected":false},"excerpt":{"rendered":"<p style=\"text-align: center;\">\n<p style=\"text-align: justify;\">\u0130zmir&#8217;in G\u00fcm\u00fc\u015fpala Semti&#8217;nde, bir ki\u015fiyi av t\u00fcfe\u011fiyle yaralad\u0131\u011f\u0131 gerek\u00e7esiyle g\u00f6zalt\u0131na al\u0131nan 24 ya\u015f\u0131ndaki Abdurrahman S\u00f6zen, iddiaya g\u00f6re nezarette su istedi\u011fi polis memurunun tabancas\u0131n\u0131 ele ge\u00e7irip intihar etti.<\/p>\n<p style=\"text-align: justify;\">\u0130zmir&#8217;in Bayrakl\u0131 \u0130l\u00e7esi G\u00fcm\u00fc\u015fpala Semtinde, Mustafa Ba\u011fc\u0131&#8217;n\u0131n silahla yaralanmas\u0131 olay\u0131na kar\u0131\u015ft\u0131\u011f\u0131 gerek\u00e7esiyle evinde g\u00f6zalt\u0131na al\u0131n\u0131p g\u00f6t\u00fcr\u00fcld\u00fc\u011f\u00fc karakolun nezarethanesinde ba\u015f\u0131na isabet eden <\/p>\n","protected":false},"author":1,"featured_media":0,"comment_status":"open","ping_status":"closed","sticky":false,"template":"","format":"standard","meta":{"footnotes":""},"categories":[105],"tags":[],"class_list":["post-11975","post","type-post","status-publish","format-standard","hentry","category-gundem","odd"],"_links":{"self":[{"href":"http:\/\/www.korhanyilmaz.com\/index.php?rest_route=\/wp\/v2\/posts\/11975","targetHints":{"allow":["GET"]}}],"collection":[{"href":"http:\/\/www.korhanyilmaz.com\/index.php?rest_route=\/wp\/v2\/posts"}],"about":[{"href":"http:\/\/www.korhanyilmaz.com\/index.php?rest_route=\/wp\/v2\/types\/post"}],"author":[{"embeddable":true,"href":"http:\/\/www.korhanyilmaz.com\/index.php?rest_route=\/wp\/v2\/users\/1"}],"replies":[{"embeddable":true,"href":"http:\/\/www.korhanyilmaz.com\/index.php?rest_route=%2Fwp%2Fv2%2Fcomments&post=11975"}],"version-history":[{"count":0,"href":"http:\/\/www.korhanyilmaz.com\/index.php?rest_route=\/wp\/v2\/posts\/11975\/revisions"}],"wp:attachment":[{"href":"http:\/\/www.korhanyilmaz.com\/index.php?rest_route=%2Fwp%2Fv2%2Fmedia&parent=11975"}],"wp:term":[{"taxonomy":"category","embeddable":true,"href":"http:\/\/www.korhanyilmaz.com\/index.php?rest_route=%2Fwp%2Fv2%2Fcategories&post=11975"},{"taxonomy":"post_tag","embeddable":true,"href":"http:\/\/www.korhanyilmaz.com\/index.php?rest_route=%2Fwp%2Fv2%2Ftags&post=11975"}],"curies":[{"name":"wp","href":"https:\/\/api.w.org\/{rel}","templated":true}]}}