{"id":11964,"date":"2009-07-23T09:52:01","date_gmt":"2009-07-23T06:52:01","guid":{"rendered":"http:\/\/www.korhanyilmaz.com\/?p=11964"},"modified":"2009-07-23T09:52:01","modified_gmt":"2009-07-23T06:52:01","slug":"korkunc-cinayetlere-astsubayin-ifadesi-isik-tutuyor","status":"publish","type":"post","link":"http:\/\/www.korhanyilmaz.com\/?p=11964","title":{"rendered":"Korkun\u00e7 cinayetlere astsubay\u0131n ifadesi \u0131\u015f\u0131k tutuyor"},"content":{"rendered":"<p style=\"text-align: center;\"><a href=\"http:\/\/www.korhanyilmaz.com\/wp-content\/uploads\/2009\/07\/230720090950301351415.jpg\"  class=\"lightview\"><img loading=\"lazy\" decoding=\"async\" class=\"aligncenter size-full wp-image-11965\" src=\"http:\/\/www.korhanyilmaz.com\/wp-content\/uploads\/2009\/07\/230720090950301351415.jpg\" alt=\"\" width=\"329\" height=\"210\" \/><\/a><\/p>\n<p style=\"text-align: justify;\">&#8216;Menfaat timi g\u00f6rev veriyor tetik timi infaz ediyordu&#8217;<\/p>\n<p style=\"text-align: justify;\">Diyarbak\u0131r\u2019da g\u00f6r\u00fclen J\u0130TEM davas\u0131, G\u00fcneydo\u011fu\u2019da i\u015flenen faili me\u00e7hul cinayetleri tekrar g\u00fcndeme getirdi. TBMM Susurluk Ara\u015ft\u0131rma Komisyonuna Y\u00fcksekova \u00e7etesini ilk kez anlatan ve Ye\u015fil kod adl\u0131 Mahmut Y\u0131ld\u0131r\u0131m\u2019\u0131 de\u015fifre eden H\u00fcseyin O\u011fuz\u2019un ifadeleri G\u00fcneydo\u011fu\u2019daki faili me\u00e7hul cinayetlere \u0131\u015f\u0131k tutuyor. O\u011fuz, verdi\u011fi ifadelerde cinayetlerin nas\u0131l planland\u0131\u011f\u0131n\u0131 ve i\u015flendi\u011fini ayr\u0131nt\u0131lar\u0131yla anlatt\u0131. <!--more--><\/p>\n<p style=\"text-align: justify;\"><strong>\u201cMENFAAT\u00c7\u0130 G\u00d6REV VER\u0130YOR, TET\u0130K\u00c7\u0130 \u0130NFAZ ED\u0130YOR\u201d<\/strong><\/p>\n<p style=\"text-align: justify;\">O\u011fuz\u2019un, 18 \u015eubat 1997\u2019de Susurluk ara\u015ft\u0131rma komisyonuna verdi\u011fi \u00e7arp\u0131c\u0131 ifadeler \u015f\u00f6yle:<\/p>\n<p style=\"text-align: justify;\">\u201cDiyarbak\u0131r\u2019daki sistem, \u015fimdi siz hep \u00e7ete diyorsunuz; fakat ben onu ay\u0131rmak istiyorum. Tetik timi ve menfaat timi diye ay\u0131rmak istiyorum. Siz menfaat timlerini \u015fu ana kadar dinliyorsunuz. Menfaat\u00e7i tetik\u00e7iye g\u00f6rev veriyor, \u2018Sen \u015funu -tespit ediyor hedefini- resmi olarak ald\u0131r\u2019 diyor. Nas\u0131l ald\u0131r\u0131yor? \u00d6zel Harekat elbisesiyle ald\u0131r\u0131yor. Polis olarak kap\u0131y\u0131 \u00e7al\u0131yor, al\u0131yor, ald\u0131r\u0131yor, ondan sonra da infaz ediyor; ama Jandarma b\u00f6lgesine at\u0131yor. Polis b\u00f6lgesinden \u00d6zel Harekat elbisesiyle al\u0131yor, g\u00f6t\u00fcr\u00fcyor. Jandarma b\u00f6lgesine at\u0131yor. Jandarma b\u00f6lgesine atarken, o karakol komutan\u0131n\u0131n haberi olmuyor mu; oluyor. Ben de karakol komutanl\u0131\u011f\u0131 yapt\u0131m. Benim b\u00f6lgemde affedersiniz, kimin, neyin ne oldu\u011funu, hepsini bilmek mecburiyetindeyim; \u00e7\u00fcnk\u00fc benim g\u00f6revim bu. Yani, bir b\u00f6lgeden al\u0131n\u0131p di\u011fer b\u00f6lgeye at\u0131lan bir cesedi kesinlikle bilir ve ara\u015ft\u0131rmas\u0131n\u0131 yapt\u0131\u011f\u0131 zaman, bilgi sahibidir diyorum ben.\u201d<\/p>\n<p style=\"text-align: justify;\"><strong>\u201cY\u00dcZBA\u015eI ELB\u0130SES\u0130YLE C\u0130NAYET \u0130\u015eLEND\u0130\u201d<\/strong><\/p>\n<p style=\"text-align: justify;\">\u201cBen gece Veli Albayla (K\u00fc\u00e7\u00fck) g\u00f6r\u00fc\u015ft\u00fcm. Dedim komutan\u0131m, Do\u011fan Er\u015fahin buraya gelmi\u015f diyorsunuz, Do\u011fan Er\u015fahin burada yok. Bu arada Do\u011fan Er\u015fahin\u2019in u\u011frayaca\u011f\u0131 Tekin var Baddalgazi\u2019de oturuyor, hat\u0131rlad\u0131\u011f\u0131m kadar\u0131yla Co\u015fkun olmas\u0131 laz\u0131m soyad\u0131, kendisiyle de g\u00f6r\u00fc\u015ft\u00fcm, s\u00fcrekli onunla irtibata giriyordu, daha sonra Do\u011fan Er\u015fahin ayn\u0131 \u015fekilde firar ederken y\u00fczba\u015f\u0131 elbisesiyle geldi ben Jandarma komutan\u0131y\u0131m diye Baddalgazi\u2019de bir vatanda\u015f\u0131 \u00f6ld\u00fcrd\u00fc gitti. Veli K\u00fc\u00e7\u00fck bana telefonda \u2018oraya geldi\u011fini biliyoruz biz; hatta G\u00fclbahar Ate\u015f\u2019le de g\u00f6r\u00fc\u015ft\u00fcm ben\u2019 dedi.\u201d<\/p>\n<p style=\"text-align: justify;\"><strong>\u201cTER\u00d6RE YARDIM ETMESE B\u0130LE K\u00dcRTSE ADAM HEDEFT\u0130R\u201d<\/strong><\/p>\n<p style=\"text-align: justify;\">\u201c\u0130nfaz edilecek, ka\u00e7\u0131r\u0131lacak ki\u015filer tespit edilir. \u015e\u00f6yle tespit edilir: Ter\u00f6r yanl\u0131s\u0131 m\u0131 de\u011fil mi, ger\u00e7i b\u00fct\u00fcn birimler bunu hedef olarak almazlar. \u015eimdi \u00f6ld\u00fcr\u00fclecek dedi\u011fi zaman kim \u00f6ld\u00fcr\u00fclecek? Yaln\u0131z s\u00f6zde ter\u00f6r \u00f6rg\u00fctlerine yard\u0131mc\u0131l\u0131k yapt\u0131\u011f\u0131 de\u011ferlendirilir; ancak ter\u00f6r \u00f6rg\u00fct\u00fcne yard\u0131m etmese dahi orijini K\u00fcrtse bu adam hedeftir. \u015eimdi bunlar\u0131n i\u00e7inde orijini K\u00fcrt olan isterse \u00fclkeyi bizden fazla sevsin o birimlerde \u00e7al\u0131\u015fanlar e\u011fer onu hedef g\u00f6stermi\u015flerse kesinlikle infaz edilir. M\u00fczahir(destekleyici) olanla gidilir konu\u015fulur, K\u00fcrt olanla gidip konu\u015fulmaz. Oraya da bir netlik getireyim. M\u00fczahir olan K\u00fcrt de\u011filse kula\u011f\u0131 \u00e7ekilir, sen b\u00f6yle yanl\u0131\u015f yap\u0131yorsun, sak\u0131n yapma, evine ailesine de gidilir.\u201d<\/p>\n<p style=\"text-align: justify;\"><strong>\u201cDEVLET YANLISI B\u0130R\u0130 BA\u015eKASI \u0130\u00c7\u0130N PKK\u2019LI DESE HEMEN ALINIR\u201d<\/strong><\/p>\n<p style=\"text-align: justify;\">\u201cOrada Diyarbak\u0131r\u2019da biri devletin yan\u0131ndaym\u0131\u015f gibi g\u00f6z\u00fckse, dese ki \u2013Ba\u015fkan\u0131m kusura bakmay\u0131n- Mehmet Elkatm\u0131\u015f PKK yanl\u0131s\u0131 dedi\u011fi zaman hemen al\u0131n\u0131r; yani hi\u00e7 de\u011ferlendirmeden al\u0131n\u0131r. Al\u0131nd\u0131\u011f\u0131 zaman zaten yap\u0131lan bir i\u015flemle \u00f6rg\u00fcte y\u00f6nlendirilir o. Yani k\u00f6t\u00fc niyetle y\u00f6nlendirilir, yap\u0131lan bask\u0131, i\u015fkence \u015feyinde o \u015fah\u0131s istemese dahi, kesinlikle art\u0131k \u00f6rg\u00fcte kar\u015f\u0131 bir yol \u00e7izmek mecburiyetinde kal\u0131r.\u201d<\/p>\n<p style=\"text-align: justify;\"><strong>-\u201cTET\u0130\u011e\u0130 \u00c7EKENLER DE \u0130NFAZ ED\u0130L\u0130R\u201d-<\/strong><\/p>\n<p style=\"text-align: justify;\">\u201cResmi elbiseyle infaz edilecek \u015fah\u0131slar\u0131n al\u0131nd\u0131\u011f\u0131n\u0131, infazdan sonra zaten zaten fazla ki\u015finin infaza kat\u0131lmad\u0131\u011f\u0131n\u0131 biliyorum en fazla 3 ki\u015fi kat\u0131l\u0131r. Pi\u015fmanl\u0131k yasas\u0131ndan yararlananlar var. Onlar her zaman zor durumda b\u0131rak\u0131lmas\u0131 i\u00e7in onlara tetkik \u00e7ektirirler. Bu zaten faili me\u00e7hullerin \u00e7\u0131kaca\u011f\u0131na ben inanm\u0131yorum; \u00e7\u00fcnk\u00fc neticesinde teti\u011fi \u00e7ekenler de infaz edilir.\u201d<\/p>\n<p style=\"text-align: justify;\"><span style=\"color: #888888;\">Kaynak : Vatan<\/span><\/p>\n","protected":false},"excerpt":{"rendered":"<p style=\"text-align: center;\">\n<p style=\"text-align: justify;\">&#8216;Menfaat timi g\u00f6rev veriyor tetik timi infaz ediyordu&#8217;<\/p>\n<p style=\"text-align: justify;\">Diyarbak\u0131r\u2019da g\u00f6r\u00fclen J\u0130TEM davas\u0131, G\u00fcneydo\u011fu\u2019da i\u015flenen faili me\u00e7hul cinayetleri tekrar g\u00fcndeme getirdi. TBMM Susurluk Ara\u015ft\u0131rma Komisyonuna Y\u00fcksekova \u00e7etesini ilk kez anlatan ve Ye\u015fil kod adl\u0131 Mahmut Y\u0131ld\u0131r\u0131m\u2019\u0131 de\u015fifre eden H\u00fcseyin O\u011fuz\u2019un ifadeleri G\u00fcneydo\u011fu\u2019daki faili me\u00e7hul cinayetlere \u0131\u015f\u0131k tutuyor. O\u011fuz, verdi\u011fi <\/p>\n","protected":false},"author":1,"featured_media":0,"comment_status":"open","ping_status":"closed","sticky":false,"template":"","format":"standard","meta":{"footnotes":""},"categories":[105],"tags":[],"class_list":["post-11964","post","type-post","status-publish","format-standard","hentry","category-gundem","odd"],"_links":{"self":[{"href":"http:\/\/www.korhanyilmaz.com\/index.php?rest_route=\/wp\/v2\/posts\/11964","targetHints":{"allow":["GET"]}}],"collection":[{"href":"http:\/\/www.korhanyilmaz.com\/index.php?rest_route=\/wp\/v2\/posts"}],"about":[{"href":"http:\/\/www.korhanyilmaz.com\/index.php?rest_route=\/wp\/v2\/types\/post"}],"author":[{"embeddable":true,"href":"http:\/\/www.korhanyilmaz.com\/index.php?rest_route=\/wp\/v2\/users\/1"}],"replies":[{"embeddable":true,"href":"http:\/\/www.korhanyilmaz.com\/index.php?rest_route=%2Fwp%2Fv2%2Fcomments&post=11964"}],"version-history":[{"count":0,"href":"http:\/\/www.korhanyilmaz.com\/index.php?rest_route=\/wp\/v2\/posts\/11964\/revisions"}],"wp:attachment":[{"href":"http:\/\/www.korhanyilmaz.com\/index.php?rest_route=%2Fwp%2Fv2%2Fmedia&parent=11964"}],"wp:term":[{"taxonomy":"category","embeddable":true,"href":"http:\/\/www.korhanyilmaz.com\/index.php?rest_route=%2Fwp%2Fv2%2Fcategories&post=11964"},{"taxonomy":"post_tag","embeddable":true,"href":"http:\/\/www.korhanyilmaz.com\/index.php?rest_route=%2Fwp%2Fv2%2Ftags&post=11964"}],"curies":[{"name":"wp","href":"https:\/\/api.w.org\/{rel}","templated":true}]}}