{"id":11958,"date":"2009-07-23T10:02:47","date_gmt":"2009-07-23T07:02:47","guid":{"rendered":"http:\/\/www.korhanyilmaz.com\/?p=11958"},"modified":"2009-07-23T10:02:47","modified_gmt":"2009-07-23T07:02:47","slug":"adli-tiptan-sok-bir-rapor-daha","status":"publish","type":"post","link":"http:\/\/www.korhanyilmaz.com\/?p=11958","title":{"rendered":"Adli T\u0131p&#039;tan \u015fok bir rapor daha"},"content":{"rendered":"<p style=\"text-align: center;\"><a href=\"http:\/\/www.korhanyilmaz.com\/wp-content\/uploads\/2009\/07\/230720091002108897290.jpg\"  class=\"lightview\"><img loading=\"lazy\" decoding=\"async\" class=\"aligncenter size-full wp-image-11959\" src=\"http:\/\/www.korhanyilmaz.com\/wp-content\/uploads\/2009\/07\/230720091002108897290.jpg\" alt=\"\" width=\"329\" height=\"210\" \/><\/a><\/p>\n<p style=\"text-align: justify;\">M\u00fcnevver&#8217;in 6 t\u0131rna\u011f\u0131nda Garipo\u011flu ailesinden iki erke\u011fe ait DNA, 4 t\u0131rna\u011f\u0131nda ise bir kad\u0131na ait DNA bulundu<\/p>\n<p style=\"text-align: justify;\">Adli T\u0131p Kurumu, M\u00fcnevver Karabulut cinayetiyle ilgili haz\u0131rlad\u0131\u011f\u0131 kapsaml\u0131 raporu soru\u015fturmay\u0131 y\u00fcr\u00fcten \u0130stanbul Cumhuriyet Savc\u0131l\u0131\u011f\u0131&#8217;na g\u00f6nderdi. Rapora g\u00f6re; M\u00fcnevver Karabulut&#8217;un 6 t\u0131rna\u011f\u0131nda Garipo\u011flu ailesinden iki erke\u011fe ait DNA bulundu. Gen\u00e7 k\u0131z\u0131n 4 t\u0131rna\u011f\u0131nda da bir kad\u0131na ait DNA \u00f6rneklerine rastland\u0131.<\/p>\n<p style=\"text-align: justify;\">Bah\u00e7e\u015fehir&#8217;deki villada 3 Mart&#8217;ta ba\u015f\u0131 kesilerek \u00f6ld\u00fcr\u00fclen ve cesedi Etiler&#8217;de bir \u00e7\u00f6p konteyn\u0131r\u0131na at\u0131lan M\u00fcnevver Karabulut cinayetiyle ilgili olarak Adli T\u0131p Kurumu&#8217;nun haz\u0131rlad\u0131\u011f\u0131 kapsaml\u0131 otopsi raporu 52 g\u00fcn\u00fcn ard\u0131ndan soru\u015fturmay\u0131 y\u00fcr\u00fcten \u0130stanbul Cumhuriyet Savc\u0131s\u0131 Faruk Er\u015fen Y\u0131lmaz&#8217;a \u00f6nceki g\u00fcn g\u00f6nderildi. Ak\u015fam Gazetesi&#8217;nden Ercan \u00d6zt\u00fcrk&#8217;\u00fcn haberine g\u00f6re, 29 sayfal\u0131k yeni raporda ilkinde yer almayan ilgin\u00e7 detaylar da yer ald\u0131. M\u00fcnevver&#8217;in cesedi \u00fczerinde yap\u0131lan incelemede, t\u0131rnaklar\u0131n\u0131n takma oldu\u011fu, bunlardan 6&#8217;s\u0131nda katil zanl\u0131s\u0131 Cem Garipo\u011flu&#8217;nun ailesinden iki erke\u011fe ait DNA saptan\u0131rken, 4 t\u0131rna\u011f\u0131nda da bir kad\u0131na ait DNA \u00f6rneklerine rastland\u0131. <!--more--><\/p>\n<p style=\"text-align: justify;\">Adli T\u0131p taraf\u0131ndan haz\u0131rlanan 29 sayfal\u0131k raporda, cinayetin tek b\u0131\u00e7akla i\u015flendi\u011fi belirtildi. Raporda gen\u00e7 k\u0131z\u0131n cesedinin par\u00e7alanmas\u0131nda kullan\u0131lan testerenin sap\u0131, kafas\u0131n\u0131n bulundu\u011fu po\u015fet ile olay yerinde bulunan bir ba\u015fka po\u015fetten al\u0131nan DNA \u00f6rnekleri, evde \u00e7ama\u015f\u0131r sepetinin i\u00e7inde bulunan e\u015fofmandaki \u00f6rnekler ile uyum sa\u011flad\u0131\u011f\u0131 anlat\u0131ld\u0131.<\/p>\n<p style=\"text-align: justify;\"><strong>GAR\u0130PO\u011eLU A\u0130LES\u0130NE A\u0130T &#8216;Y-STR KROMOZOMU&#8217; <\/strong><\/p>\n<p style=\"text-align: justify;\">M\u00fcnevver&#8217;in sol sutyeni i\u00e7inde yap\u0131lan incelemede ise yine zanl\u0131 Cem Garipo\u011flu ailesinin erkek bireylerine ait Y-STR kromozomu bulundu. Raporda, bu kromozomun, cinayet sonras\u0131 kay\u0131plara kar\u0131\u015fan Cem&#8217;e ait olabilece\u011fine dikkat \u00e7ekildi.<\/p>\n<p style=\"text-align: justify;\"><strong><em>Otopside sperm bula\u015ft\u0131ran teknisyen g\u00f6revden al\u0131nd\u0131. <\/em><\/strong><\/p>\n<p style=\"text-align: justify;\">M\u00fcnevver Karabulut&#8217;un i\u00e7 \u00e7ama\u015f\u0131r\u0131na otopsi s\u0131ras\u0131nda sperm bula\u015ft\u0131ran teknisyenin ge\u00e7ti\u011fimiz hafta g\u00f6revden al\u0131nd\u0131\u011f\u0131 \u00f6\u011frenildi. Yakla\u015f\u0131k 10 y\u0131ld\u0131r Adli T\u0131p Kurumu&#8217;nda \u00e7al\u0131\u015ft\u0131\u011f\u0131 \u00f6\u011frenilen teknisyenin, mevcut teknisyenler i\u00e7inde en tecr\u00fcbelisi oldu\u011fu belirtildi. \u0130smi verilmeyen teknisyenin Mardin&#8217;in Maz\u0131da\u011f\u0131 K\u00f6y\u00fc&#8217;nde meydana gelen katliam\u0131 incelemek \u00fczere \u0130stanbul&#8217;dan g\u00f6nderilen tek teknisyen oldu\u011fu ifade edildi.<\/p>\n<p style=\"text-align: justify;\"><strong>10 UZMAN \u0130NCELEYECEK <\/strong><\/p>\n<p style=\"text-align: justify;\">Bu arada, Cumhurba\u015fkan\u0131 Abdullah G\u00fcl&#8217;\u00fcn talimat\u0131yla Y\u00fcksek Denetleme Kurulu&#8217;ndan (YDK) 10 uzman \u00f6n\u00fcm\u00fczdeki hafta Adli T\u0131p Kurumu&#8217;nda incelemeler yapacak.10 uzman, Adli T\u0131p Kurumu&#8217;nun son 3 y\u0131l\u0131n\u0131 mercek alt\u0131na alacak.<\/p>\n<p style=\"text-align: justify;\"><span style=\"color: #888888;\">Kaynak : Vatan<\/span><\/p>\n","protected":false},"excerpt":{"rendered":"<p style=\"text-align: center;\">\n<p style=\"text-align: justify;\">M\u00fcnevver&#8217;in 6 t\u0131rna\u011f\u0131nda Garipo\u011flu ailesinden iki erke\u011fe ait DNA, 4 t\u0131rna\u011f\u0131nda ise bir kad\u0131na ait DNA bulundu<\/p>\n<p style=\"text-align: justify;\">Adli T\u0131p Kurumu, M\u00fcnevver Karabulut cinayetiyle ilgili haz\u0131rlad\u0131\u011f\u0131 kapsaml\u0131 raporu soru\u015fturmay\u0131 y\u00fcr\u00fcten \u0130stanbul Cumhuriyet Savc\u0131l\u0131\u011f\u0131&#8217;na g\u00f6nderdi. Rapora g\u00f6re; M\u00fcnevver Karabulut&#8217;un 6 t\u0131rna\u011f\u0131nda Garipo\u011flu ailesinden iki erke\u011fe ait DNA bulundu. Gen\u00e7 k\u0131z\u0131n <\/p>\n","protected":false},"author":1,"featured_media":0,"comment_status":"open","ping_status":"closed","sticky":false,"template":"","format":"standard","meta":{"footnotes":""},"categories":[105],"tags":[],"class_list":["post-11958","post","type-post","status-publish","format-standard","hentry","category-gundem","odd"],"_links":{"self":[{"href":"http:\/\/www.korhanyilmaz.com\/index.php?rest_route=\/wp\/v2\/posts\/11958","targetHints":{"allow":["GET"]}}],"collection":[{"href":"http:\/\/www.korhanyilmaz.com\/index.php?rest_route=\/wp\/v2\/posts"}],"about":[{"href":"http:\/\/www.korhanyilmaz.com\/index.php?rest_route=\/wp\/v2\/types\/post"}],"author":[{"embeddable":true,"href":"http:\/\/www.korhanyilmaz.com\/index.php?rest_route=\/wp\/v2\/users\/1"}],"replies":[{"embeddable":true,"href":"http:\/\/www.korhanyilmaz.com\/index.php?rest_route=%2Fwp%2Fv2%2Fcomments&post=11958"}],"version-history":[{"count":0,"href":"http:\/\/www.korhanyilmaz.com\/index.php?rest_route=\/wp\/v2\/posts\/11958\/revisions"}],"wp:attachment":[{"href":"http:\/\/www.korhanyilmaz.com\/index.php?rest_route=%2Fwp%2Fv2%2Fmedia&parent=11958"}],"wp:term":[{"taxonomy":"category","embeddable":true,"href":"http:\/\/www.korhanyilmaz.com\/index.php?rest_route=%2Fwp%2Fv2%2Fcategories&post=11958"},{"taxonomy":"post_tag","embeddable":true,"href":"http:\/\/www.korhanyilmaz.com\/index.php?rest_route=%2Fwp%2Fv2%2Ftags&post=11958"}],"curies":[{"name":"wp","href":"https:\/\/api.w.org\/{rel}","templated":true}]}}