{"id":11951,"date":"2009-07-22T20:01:50","date_gmt":"2009-07-22T17:01:50","guid":{"rendered":"http:\/\/www.korhanyilmaz.com\/?p=11951"},"modified":"2009-07-22T20:01:50","modified_gmt":"2009-07-22T17:01:50","slug":"istiklaldeki-cinayette-sok-ifade","status":"publish","type":"post","link":"http:\/\/www.korhanyilmaz.com\/?p=11951","title":{"rendered":"\u0130stiklal&#039;deki cinayette \u015fok ifade"},"content":{"rendered":"<p style=\"text-align: center;\"><img loading=\"lazy\" decoding=\"async\" class=\"aligncenter size-full wp-image-11952\" src=\"http:\/\/www.korhanyilmaz.com\/wp-content\/uploads\/2009\/07\/istiklal.jpg\" alt=\"\" width=\"307\" height=\"236\" \/><\/p>\n<p style=\"text-align: justify;\">\u0130stiklal Caddesi\u2019ndeki Alman turist Gregor Kerkeling cinayetinin \u015f\u00fcphelisi \u0130brahim Akyol &#8220;kasten adam \u00f6ld\u00fcrmek&#8221; su\u00e7undan tutuklan\u0131rken, polis sorgusunda verdi\u011fi ifade kafalar\u0131 kar\u0131\u015ft\u0131rd\u0131. Akyol&#8217;un ifadesinde &#8220;o g\u00fcn bir Hristiyan \u00f6ld\u00fcrmek istiyordum&#8221; dedi\u011fi \u00f6\u011frenildi.<\/p>\n<p style=\"text-align: justify;\">Beyo\u011flu&#8217;nda 2 g\u00fcn \u00f6nce Almanya uyruklu Gregor Kerkeling&#8217;i b\u0131\u00e7aklayarak \u00f6ld\u00fcrd\u00fc\u011f\u00fc iddias\u0131yla g\u00f6zalt\u0131na al\u0131nan \u0130brahim A, \u00e7\u0131kar\u0131ld\u0131\u011f\u0131 n\u00f6bet\u00e7i mahkemece tutukland\u0131.<\/p>\n<p style=\"text-align: justify;\">\u0130stiklal Caddesi&#8217;nde Kerkeling&#8217;i (52) b\u0131\u00e7aklayarak \u00f6ld\u00fcrd\u00fc\u011f\u00fc gerek\u00e7esiyle yakalanan \u0130brahim A (26), \u0130stanbul Asayi\u015f \u015eube M\u00fcd\u00fcrl\u00fc\u011f\u00fc Cinayet B\u00fcro Amirli\u011fi&#8217;ndeki i\u015flemlerinin tamamlanmas\u0131n\u0131n ard\u0131ndan Beyo\u011flu Adliyesine sevk edildi. <!--more--><\/p>\n<p style=\"text-align: justify;\">Cumhuriyet Savc\u0131s\u0131 Yunus Akg\u00fcnd\u00fcz taraf\u0131ndan yakla\u015f\u0131k 2 saat sorgulanan \u0130brahim A, tutuklanma istemiyle n\u00f6bet\u00e7i mahkemeye g\u00f6nderildi.<\/p>\n<p style=\"text-align: justify;\">\u0130brahim A, burada yeniden yap\u0131lan sorgusunun ard\u0131ndan &#8220;kasten adam \u00f6ld\u00fcrmek&#8221; su\u00e7undan tutukland\u0131.<\/p>\n<p style=\"text-align: justify;\">\u0130brahim A&#8217;n\u0131n savc\u0131l\u0131ktaki sorgusunda, Kerkeling&#8217;i \u00f6ld\u00fcrd\u00fc\u011f\u00fcn\u00fc itiraf etti\u011fi bildirildi.<\/p>\n<p style=\"text-align: justify;\">\u0130brahim Akyol\u2019un savc\u0131ya verdi\u011fi ifadede &#8220;o g\u00fcn bir Hristiyan \u00f6ld\u00fcrmek istiyordum, kiliseleri geziyordum, bu ki\u015fiyi g\u00f6rd\u00fcm \u00f6ld\u00fcrd\u00fcm&#8221; \u015feklinde ifade verdi\u011fi \u00f6\u011frenildi.<\/p>\n<p style=\"text-align: justify;\">Olaydan k\u0131sa s\u00fcre sonra yakalanan \u0130brahim Akyol\u2019un ilk ifadesinde ise para istedim vermeyince \u00f6ld\u00fcrd\u00fcm&#8221; \u015feklinde konu\u015ftu\u011fu belirtilmi\u015fti.<\/p>\n<p style=\"text-align: justify;\">\u00d6te yandan \u0130brahim Akyol&#8217;un Rus uyruklu bir kad\u0131nla evli oldu\u011fu ve 15 ya\u015f\u0131ndan bu yana kuaf\u00f6rl\u00fck yapt\u0131\u011f\u0131 ortaya \u00e7\u0131kt\u0131.<\/p>\n<p style=\"text-align: justify;\">Bu arada \u00f6ld\u00fcr\u00fclen ve i\u015fadam\u0131 oldu\u011fu iddia edilen Gregor Kerkeling&#8217;in Almanya&#8217;da hapisten ka\u00e7t\u0131ktan sonra T\u00fcrkiye&#8217;ye geldi\u011fi ortaya \u00e7\u0131kt\u0131.<\/p>\n<p style=\"text-align: justify;\">Kelkering&#8217;in M\u00fcnster hapishanesinde birka\u00e7 hafta yatt\u0131ktan sonra cezas\u0131n\u0131 tamamlamadan hapisten ka\u00e7\u0131p ortadan kayboldu\u011funu do\u011frulad\u0131.<\/p>\n<p style=\"text-align: justify;\">M\u00fcnster Savc\u0131s\u0131 Stefan Lechtape, Kerkeling&#8217;in tutuklama emriyle aranan bir ki\u015fi oldu\u011funu belirtti.<\/p>\n<p style=\"text-align: justify;\">Lechtape, Kerkeling&#8217;in doland\u0131r\u0131c\u0131l\u0131k su\u00e7undan 2 ila 3 y\u0131l cezaevinde kalmas\u0131n\u0131n gerekti\u011fini, ancak mahkeme karar\u0131ndan birka\u00e7 hafta sonra ortadan kayboldu\u011funu, cezaevinden nas\u0131l ka\u00e7t\u0131\u011f\u0131n\u0131n hen\u00fcz belirlenemedi\u011fini kaydetti.<\/p>\n<p style=\"text-align: justify;\"><strong><em>Evli ve 2 \u00e7ocu\u011fu varm\u0131\u015f<\/em><\/strong><\/p>\n<p style=\"text-align: justify;\">Kom\u015fular\u0131ndan al\u0131nan bilgiye g\u00f6re Almanya&#8217;da e\u015fi ve iki \u00e7ocu\u011fu da oldu\u011fu \u00f6\u011frenilen Kerkeling&#8217;in T\u00fcrkiye&#8217;de kendini i\u015fadam\u0131 olarak tan\u0131tt\u0131\u011f\u0131 belirtildi.<\/p>\n<p style=\"text-align: justify;\">Evine haciz gelen Kelkering&#8217;in 2008&#8217;e kadar oturdu\u011fu evinin a\u00e7\u0131k art\u0131rmada oldu\u011fu \u00f6\u011frenildi.<\/p>\n<p style=\"text-align: justify;\"><em><strong>Olay kasabada \u00fcz\u00fcnt\u00fc yaratt\u0131<\/strong><\/em><\/p>\n<p style=\"text-align: justify;\">\u0130stanbul&#8217;da i\u015flenen cinayet, Almanya&#8217;daki Billerbeck kasabas\u0131nda b\u00fcy\u00fck \u00fcz\u00fcnt\u00fc ile kar\u015f\u0131lan\u0131yor. Az say\u0131da T\u00fcrk&#8217;\u00fcn ya\u015fad\u0131\u011f\u0131 kasabada ve Kelkering&#8217;in 2008&#8217;de terketti\u011fi evinin \u00e7evresinde d\u00fcnden beri bir sessizlik hakim.<\/p>\n<p style=\"text-align: justify;\">Kasabada ya\u015fayan T\u00fcrkler ya\u015fanan ac\u0131 olaya \u00e7ok \u00fcz\u00fcl\u00fcyor. T\u00fcrkler hem kom\u015fular\u0131n\u0131 hem de T\u00fcrkiye&#8217;nin imaj\u0131n\u0131 d\u00fc\u015f\u00fcn\u00fcyor:  &#8220;Tabii ki insan\u0131 \u00fcz\u00fcyor b\u00f6yle olaylar. Hele hele 50 cent i\u00e7in yap\u0131lan, daha do\u011frusu yap\u0131lmamas\u0131 gereken bir \u015fey.&#8221;<\/p>\n<p style=\"text-align: justify;\">Almanlar ise cinayetle ilgili T\u00fcrkiye&#8217;yi su\u00e7laman\u0131n yanl\u0131\u015f oydu\u011fu kan\u0131s\u0131nda: &#8220;Bu olay T\u00fcrkiye&#8217;de oldu, ama Almanya&#8217;da da ba\u015f\u0131na gelebilirdi. Bu adam Billerbeck&#8217;te oturuyordu buray\u0131 terketti, evi a\u00e7\u0131k artt\u0131rmaya sunuldu. B\u00fcy\u00fck bir ihtimalle T\u00fcrkiye&#8217;ye yeni bir ba\u015flang\u0131\u00e7 i\u00e7in gitti. Duydu\u011fumuza g\u00f6re sald\u0131rgan para istemi\u015f, vermeyince de b\u0131\u00e7akla sald\u0131rm\u0131\u015f, bu bence bir delilik. Tabi ki onun i\u00e7in \u00fcz\u00fcl\u00fcyoruz, \u00f6l\u00fcm her zaman k\u00f6t\u00fcd\u00fcr ama olay\u0131n sonucunu beklememiz gerekiyor. T\u00fcrkleri bu y\u00fczden itham edemeyiz, \u015funu a\u00e7\u0131k\u00e7a s\u00f6ylemek gerekir, bu olay\u0131 tasvip etmiyorum.&#8221;<\/p>\n<p style=\"text-align: justify;\"><em><strong>Paraya \u00f6nem vermezdi<\/strong><\/em><\/p>\n<p style=\"text-align: justify;\">\u00d6len Gregor Kerkeling&#8217;in evinin yan\u0131nda bulunan \u00c7in restoran\u0131n\u0131n sahibi Chau Jianhua ise olay\u0131n \u00fcz\u00fcnt\u00fcs\u00fcn\u00fc hala ya\u015fad\u0131\u011f\u0131n\u0131 dile getirerek, &#8220;Gregor Kerkeling bize bazen yeme\u011fe gelirdi. Paraya pek \u00f6nem vermeyen bir insand\u0131. D\u0131\u015far\u0131dan bak\u0131nca da iyi birine benziyordu. Kom\u015fu olarak b\u00f6yle bir \u015fey duymak \u00e7ok \u00fcz\u00fcc\u00fc&#8221; dedi.<\/p>\n<p style=\"text-align: justify;\">42 ya\u015f\u0131ndaki Gregr Kerkeling, \u0130stanbul&#8217;da dola\u015ft\u0131\u011f\u0131 s\u0131rada, akli dengesinin bozuk oldu\u011fu belirtilen \u0130brahim A. (26) adl\u0131 bir ki\u015fi taraf\u0131ndan b\u0131\u00e7aklanmas\u0131 sonucu \u00f6nceki g\u00fcn \u00f6lm\u00fc\u015ft\u00fc.<\/p>\n<p style=\"text-align: justify;\"><span style=\"color: #888888;\">CNN T\u00dcRK<\/span><\/p>\n","protected":false},"excerpt":{"rendered":"<p style=\"text-align: center;\">\n<p style=\"text-align: justify;\">\u0130stiklal Caddesi\u2019ndeki Alman turist Gregor Kerkeling cinayetinin \u015f\u00fcphelisi \u0130brahim Akyol &#8220;kasten adam \u00f6ld\u00fcrmek&#8221; su\u00e7undan tutuklan\u0131rken, polis sorgusunda verdi\u011fi ifade kafalar\u0131 kar\u0131\u015ft\u0131rd\u0131. Akyol&#8217;un ifadesinde &#8220;o g\u00fcn bir Hristiyan \u00f6ld\u00fcrmek istiyordum&#8221; dedi\u011fi \u00f6\u011frenildi.<\/p>\n<p style=\"text-align: justify;\">Beyo\u011flu&#8217;nda 2 g\u00fcn \u00f6nce Almanya uyruklu Gregor Kerkeling&#8217;i b\u0131\u00e7aklayarak \u00f6ld\u00fcrd\u00fc\u011f\u00fc iddias\u0131yla g\u00f6zalt\u0131na al\u0131nan \u0130brahim A, \u00e7\u0131kar\u0131ld\u0131\u011f\u0131 n\u00f6bet\u00e7i <\/p>\n","protected":false},"author":1,"featured_media":0,"comment_status":"open","ping_status":"closed","sticky":false,"template":"","format":"standard","meta":{"footnotes":""},"categories":[105],"tags":[],"class_list":["post-11951","post","type-post","status-publish","format-standard","hentry","category-gundem","odd"],"_links":{"self":[{"href":"http:\/\/www.korhanyilmaz.com\/index.php?rest_route=\/wp\/v2\/posts\/11951","targetHints":{"allow":["GET"]}}],"collection":[{"href":"http:\/\/www.korhanyilmaz.com\/index.php?rest_route=\/wp\/v2\/posts"}],"about":[{"href":"http:\/\/www.korhanyilmaz.com\/index.php?rest_route=\/wp\/v2\/types\/post"}],"author":[{"embeddable":true,"href":"http:\/\/www.korhanyilmaz.com\/index.php?rest_route=\/wp\/v2\/users\/1"}],"replies":[{"embeddable":true,"href":"http:\/\/www.korhanyilmaz.com\/index.php?rest_route=%2Fwp%2Fv2%2Fcomments&post=11951"}],"version-history":[{"count":0,"href":"http:\/\/www.korhanyilmaz.com\/index.php?rest_route=\/wp\/v2\/posts\/11951\/revisions"}],"wp:attachment":[{"href":"http:\/\/www.korhanyilmaz.com\/index.php?rest_route=%2Fwp%2Fv2%2Fmedia&parent=11951"}],"wp:term":[{"taxonomy":"category","embeddable":true,"href":"http:\/\/www.korhanyilmaz.com\/index.php?rest_route=%2Fwp%2Fv2%2Fcategories&post=11951"},{"taxonomy":"post_tag","embeddable":true,"href":"http:\/\/www.korhanyilmaz.com\/index.php?rest_route=%2Fwp%2Fv2%2Ftags&post=11951"}],"curies":[{"name":"wp","href":"https:\/\/api.w.org\/{rel}","templated":true}]}}