{"id":11944,"date":"2009-07-22T23:13:33","date_gmt":"2009-07-22T20:13:33","guid":{"rendered":"http:\/\/www.korhanyilmaz.com\/?p=11944"},"modified":"2009-07-22T23:13:33","modified_gmt":"2009-07-22T20:13:33","slug":"jitem-cinayetleri-itinayla-ortbas-edilir","status":"publish","type":"post","link":"http:\/\/www.korhanyilmaz.com\/?p=11944","title":{"rendered":"J\u0130TEM cinayetleri itinayla \u00f6rtbas edilir&#8230;"},"content":{"rendered":"<p style=\"text-align: center;\"><a href=\"http:\/\/www.korhanyilmaz.com\/wp-content\/uploads\/2009\/07\/fft5_mf213354.Jpeg\"  class=\"lightview\"><img loading=\"lazy\" decoding=\"async\" class=\"aligncenter size-full wp-image-11945\" src=\"http:\/\/www.korhanyilmaz.com\/wp-content\/uploads\/2009\/07\/fft5_mf213354.Jpeg\" alt=\"\" width=\"306\" height=\"204\" \/><\/a><\/p>\n<p style=\"text-align: justify;\">*Ramazan El\u00e7i&#8217;ye &#8216;PKK hesapla\u015fmas\u0131nda \u00f6ld\u00fc&#8217; s\u00fcs\u00fc verilmesi, Be\u015fir Bayar&#8217;\u0131n &#8216;PKK&#8217;yla \u00e7at\u0131\u015fmada \u00f6ld\u00fc\u011f\u00fcn\u00fcn&#8217; a\u00e7\u0131klanmas\u0131, \u0130zzet Pad\u0131r ve Abdullah \u00d6zdemir&#8217;in g\u00f6zalt\u0131nda ortadan kaybolmas\u0131&#8230;<\/p>\n<p style=\"text-align: justify;\">*Cizre&#8217;de 1993-1995 y\u0131llar\u0131nda J\u0130TEM cinayetleriyle ilgili Albay Temiz\u00f6z ve alt\u0131 ki\u015fiye a\u00e7\u0131lan dava, adaletin nas\u0131l uyutuldu\u011funu g\u00f6sterdi. \u0130ddiaya g\u00f6re cinayetlerin \u00fcst\u00fc \u00f6zenle kapat\u0131l\u0131yordu.<\/p>\n<p style=\"text-align: justify;\">\u0130STANBUL &#8211; Cizre\u2019de 1993 &#8211; 1995 y\u0131llar\u0131 aras\u0131nda J\u0130TEM cinayetleriyle ilgili Albay Cemal Temiz\u00f6z ile \u00fc\u00e7\u00fc itiraf\u00e7\u0131 alt\u0131 ki\u015fi hakk\u0131nda a\u00e7\u0131lan dava, adaletin 15 y\u0131ld\u0131r uyudu\u011fu korkun\u00e7 ger\u00e7e\u011fini ortaya \u00e7\u0131kard\u0131. Diyarbak\u0131r Cumhuriyet Savc\u0131s\u0131 Erg\u00fcn Tokg\u00f6z taraf\u0131ndan haz\u0131rlanan iddianamede t\u00fcm ayr\u0131nt\u0131lar\u0131yla ele al\u0131nan ve pek \u00e7o\u011fu \u00e7ok say\u0131da ki\u015finin g\u00f6z\u00fc \u00f6n\u00fcnde i\u015flenen 20 cinayetle ilgili y\u0131llar \u00f6nce yap\u0131lan ba\u015fvuru ve su\u00e7 duyurular\u0131 i\u00e7in ya hi\u00e7bir i\u015flem ger\u00e7ekle\u015ftirilmedi\u011fi ya da g\u00f6r\u00fcn\u00fc\u015fte bir soru\u015fturma a\u00e7\u0131lm\u0131\u015fsa bile adlar\u0131 b\u00f6lgede ya\u015fayan herkesin malumu olan faillerin \u00fczerine gidilmedi\u011fi anla\u015f\u0131ld\u0131. Faillerin \u00fczerine gidilmemesinin ancak korku filmlerinde g\u00f6r\u00fclebilecek bir nedeni vard\u0131. \u0130ddianameye g\u00f6re, bu faili me\u00e7hul cinayetlerin arkas\u0131ndaki ki\u015fi olan Cizre \u0130l\u00e7e Jandarma Komutan\u0131 olan Cemal Temiz\u00f6z, ayn\u0131 zamanda bu cinayetlerle ilgili soru\u015fturmalar\u0131 da y\u00fcr\u00fct\u00fcyordu.<!--more--><\/p>\n<p style=\"text-align: justify;\">Kayseri Alay Jandarma Komutan\u0131 Cemal Temiz\u00f6z, korucuba\u015f\u0131 Kamil Atak, korucular Tamer Atak ve Kakel Atak ile itiraf\u00e7\u0131lar Adem Yak\u0131n, H\u0131d\u0131r Altu\u011f ve F\u0131rat Alt\u0131n\u2019\u0131n (Abd\u00fclhakim G\u00fcven) 11 Eyl\u00fcl 2009\u2019da Diyarbak\u0131r \u00d6zel Yetkili A\u011f\u0131r Ceza Mahkemesi\u2019nde h\u00e2kim kar\u015f\u0131s\u0131na \u00e7\u0131kaca\u011f\u0131 J\u0130TEM davas\u0131n\u0131n iddianamesinde, sonradan ifadelerini geri \u00e7ektikleri a\u00e7\u0131klanan iki de gizli tan\u0131k var. Davan\u0131n giz- li tan\u0131klar\u0131 \u2018Sokak Lambas\u0131\u2019 ile \u2018T\u00fckenmez Kalem\u2019in davada yarg\u0131lanan \u00fc\u00e7 itiraf\u00e7\u0131dan ikisi oldu\u011fu \u015fimdiden anla\u015f\u0131ld\u0131. \u0130ddianame, savc\u0131l\u0131\u011f\u0131n Cemal Temiz\u00f6z\u2019\u00fcn emriyle i\u015flendi\u011fi iddia edilen cinayetler konusunda sadece gizli tan\u0131klar\u0131n ifadeleriyle yetinmedi\u011fini, ayr\u0131nt\u0131l\u0131 bir soru\u015fturma yapt\u0131\u011f\u0131n\u0131 g\u00f6steriyor. \u0130ddianamede, gizli tan\u0131klar\u0131n isimlerini an\u0131msamad\u0131\u011f\u0131 kurbanlarla ilgili yap\u0131lan ara\u015ft\u0131rma sonucunda, \u00f6ld\u00fcr\u00fclenlerin isimleri, biri hari\u00e7 \u015f\u00f6yle: Ramazan El\u00e7i, Ramazan Uykur, Abdullah Efelti, \u0130brahim Adak, Mehmet G\u00fcrri \u00d6zer, \u0130brahim Dan\u0131\u015f, Abdurrahman Af\u015far, Abdurrahman Akyol, \u0130hsan Arslan, Be\u015fir Bayar, Abdurrazak Binzet, \u0130zzet Pad\u0131r, Abdullah \u00d6zdemir, Mustafa Ayd\u0131n, S\u00fcleyman Gasyak, Abdulaziz Gasyak, \u00d6mer Candoruk, Yahya Akman, Abdulhamit D\u00fcd\u00fck ile yabanc\u0131 uyruklu kimli\u011fi belirsiz erkek \u015fah\u0131s.<\/p>\n<p style=\"text-align: justify;\"><em><strong>\u00d6rt\u00fclen cinayetler<\/strong><\/em><\/p>\n<p style=\"text-align: justify;\">Bu cinayetlerin baz\u0131lar\u0131yla ilgili iddianameye yans\u0131yan \u00e7arp\u0131c\u0131 notlar, adaletin hangi y\u00f6ntemler kullan\u0131larak uyutuldu\u011funu da g\u00f6steriyor:<\/p>\n<p style=\"text-align: justify;\">* Ramazan El\u00e7i\u2019nin \u2018i\u00e7 hesapla\u015fma\u2019 s\u00fcs\u00fc verilerek \u00f6ld\u00fcr\u00fclmesi: Cizre Silopi Karayolu \u00fczerinde \u015eahin Dinlenme Tesisleri olarak bilinen terk edilmi\u015f benzinlik i\u00e7erisinde 14 \u015eubat 1994\u2019te ate\u015fli silahla \u00f6ld\u00fcr\u00fclm\u00fc\u015f olan ki\u015fiyle ilgili y\u00fcr\u00fct\u00fclen soru\u015fturma, adaletin b\u00f6lgede nas\u0131l i\u015fledi\u011fini g\u00f6stermesi bak\u0131m\u0131ndan son derece \u00e7arp\u0131c\u0131. Soru\u015fturma evrak\u0131na g\u00f6re kimli\u011fi belirsiz olarak g\u00f6m\u00fclen bu ki\u015fi, PKK taraf\u0131ndan \u2018i\u00e7 hesapla\u015fma sonucu\u2019 \u00f6ld\u00fcr\u00fclm\u00fc\u015f g\u00f6r\u00fcn\u00fcyordu. \u00dcstelik dosyaya olay an\u0131nda ele ge\u00e7en bo\u015f kovan ve mermi \u00e7ekirdekleriyle ilgili Diyarbak\u0131r Kri -minal Polis Laboratuvar\u0131\u2019nda ekspertiz raporu bile d\u00fczenlenmi\u015f ve dosya kapat\u0131lm\u0131\u015ft\u0131. Ancak Ramazan El\u00e7i\u2019nin e\u015fi Ke rime El\u00e7i 8 Haziran 2005\u2019te savc\u0131l\u0131\u011fa bu ki\u015finin kendi kocas\u0131 oldu\u011fu ve g\u00f6zalt\u0131nda \u00f6ld\u00fcr\u00fcld\u00fc\u011f\u00fc y\u00f6n\u00fcnde ba\u015fvurunca ortal\u0131k kar\u0131\u015ft\u0131. \u00c7\u00fcnk\u00fc Ramazan El\u00e7i, N\u00fcfus M\u00fcd\u00fcrl\u00fc\u011f\u00fc kay\u0131tlar\u0131na \u2018kalp krizi sonucu \u00f6l\u00fcm\u2019 \u015feklinde kaydedilmi\u015fti. Savc\u0131l\u0131k bu kay\u0131ttan yola \u00e7\u0131karak Kerime El\u00e7i hakk\u0131nda \u2018su\u00e7 uydurma\u2019 su\u00e7undan su\u00e7 duyurusu bile yapt\u0131. Ancak Diyarbak\u0131r Ba\u015fsavc\u0131l\u0131\u011f\u0131 Kerime El\u00e7i\u2019nin ortaya att\u0131\u011f\u0131 iddialar\u0131 da ara\u015ft\u0131rd\u0131. Ve sonu\u00e7ta, kimli\u011fi belirsiz ki\u015finin Ramazan El\u00e7i oldu\u011fu, kalp krizi de\u011fil kur\u015funla \u00f6ld\u00fc\u011f\u00fc ve cinayetin PKK taraf\u0131ndan i\u015flenmedi\u011fi ortaya \u00e7\u0131kt\u0131. Haz\u0131rlanan J\u0130TEM iddianamesinde El\u00e7i\u2019nin, Cemal Temiz\u00f6z\u2019\u00fcn emriyle \u00f6ld\u00fcr\u00fcld\u00fc\u011f\u00fc \u00f6ne s\u00fcr\u00fcl\u00fcyor.<\/p>\n<p style=\"text-align: justify;\">* Be\u015fir Bayar\u2019\u0131n PKK ile \u00e7at\u0131\u015fma s\u00fcs\u00fc verilerek \u00f6ld\u00fcr\u00fclmesi: Korucuba\u015f\u0131 Kamil Atak\u2019\u0131n karde\u015fi olan tan\u0131k Mehmet Nuri Binzet\u2019in ifadesine g\u00f6re 1993 y\u0131l\u0131 aral\u0131k ay\u0131n\u0131n 12-13\u2019\u00fcnde Be\u015fir Bayar, ge\u00e7ici k\u00f6y korucusu Bayram Polat taraf\u0131ndan PKK\u2019ya yard\u0131m etti\u011fi iddias\u0131yla evinden \u00e7\u0131kar\u0131larak \u00f6ld\u00fcr\u00fcld\u00fc ve cesedi yol ortas\u0131nda b\u0131rak\u0131ld\u0131. Olaya PKK ile \u00e7at\u0131\u015fma s\u00fcs\u00fc verilmesine kar\u015f\u0131n herkes Be\u015fir Bayar\u2019\u0131n Bayram Polat taraf\u0131ndan \u00f6ld\u00fcr\u00fcld\u00fc\u011f\u00fcn\u00fc biliyordu.<\/p>\n<p style=\"text-align: justify;\">* \u0130hsan (\u0130skan) Aslan\u2019\u0131n Hizbullah s\u0131\u011f\u0131na\u011f\u0131nda \u00f6ld\u00fcr\u00fclmesi: Tan\u0131k Mehmet Nuri Binzet, \u0130hsan Aslan\u2019\u0131n kalabal\u0131k bir ge\u00e7ici k\u00f6y korucusu ile kar\u0131s\u0131n\u0131n g\u00f6zleri \u00f6n\u00fcnde evinden al\u0131nd\u0131\u011f\u0131n\u0131 daha sonra Hizbullah\u2019a ait bir s\u0131\u011f\u0131nakta Abdulhakim G\u00fcven, Adem Yan\u0131k ve Selim hoca taraf\u0131ndan \u00f6ld\u00fcr\u00fcld\u00fc\u011f\u00fcn\u00fc anlat\u0131yor. Binzet, \u201cKimin \u00f6ld\u00fcrd\u00fc\u011f\u00fcn\u00fc kimse s\u00f6ylemedi ancak Adem\u2019in y\u00fcz\u00fcn\u00fcn halinden ve silah\u0131n\u0131 toplamas\u0131ndan silah\u0131 onun s\u0131kt\u0131\u011f\u0131n\u0131 anlad\u0131m\u201d diyor.<\/p>\n<p style=\"text-align: justify;\">* \u0130zzet Pad\u0131r ve Abdullah \u00d6zdemir\u2019in \u00f6ld\u00fcr\u00fclmesi: 20 Haziran 1994 tarihinde Abdullah \u00d6zdemir\u2019in annesi Leyla \u00d6zdemir ve \u0130zzet Pad\u0131r\u2019\u0131n annesi Han\u0131m Pad\u0131r Silopi Cumhuriyet Ba\u015fsavc\u0131l\u0131\u011f\u0131\u2019na ba\u015fvurarak Cizre \u0130l\u00e7e Jandarma Karakol Komutanl\u0131\u011f\u0131\u2019ndan gelen g\u00f6revlilerin k\u00f6yden o\u011fullar\u0131n\u0131 06 Haziran 1994\u2019te ald\u0131klar\u0131n\u0131 ve bir daha kendilerinden haber alamad\u0131klar\u0131n\u0131 iddia etti. Silopi Cumhuriyet Savc\u0131l\u0131\u011f\u0131\u2019n\u0131n bilgisine ba\u015fvurdu\u011fu ki\u015filer de bu iddialar\u0131 do\u011frulad\u0131 ve g\u00f6zalt\u0131na alan ki\u015filer aras\u0131nda itiraf\u00e7\u0131 J\u0130TEM mensuplar\u0131 olan Abd\u00fclhakim G\u00fcven ile Bedran (Adem Yak\u0131n) isimli \u015fah\u0131slar\u0131n bulundu\u011funu da s\u00f6yledi. Bu s\u00fcrecin devam\u0131nda Han\u0131m ve Delal 15 A\u011fustos 1994\u2019te savc\u0131l\u0131\u011fa ayn\u0131 iddialarla yeniden m\u00fcracaatta bulundu. Bu ba\u015fvurulardan sonra Cizre \u0130l\u00e7e Jandarma Komutanl\u0131\u011f\u0131 13 Eyl\u00fcl 1994\u2019te Cemal Temiz\u00f6z imzal\u0131 yaz\u0131yla Abdullah \u00d6zdemir ve \u0130zzet Pad\u0131r\u2019\u0131n 06 Haziran 1994\u2019te g\u00f6zalt\u0131na al\u0131nd\u0131\u011f\u0131n\u0131 do\u011frulamakla birlikte \u2018haklar\u0131nda herhangi bir kay\u0131t bulunmad\u0131\u011f\u0131\u2019 gerek\u00e7esiyle bir g\u00fcn sonra serbest b\u0131rak\u0131ld\u0131klar\u0131n\u0131 savundu. Temiz\u00f6z, savc\u0131l\u0131\u011fa g\u00f6nderdi\u011fi yaz\u0131ya, yakalama ve sal\u0131verme ve ifade tutanaklar\u0131n\u0131 da ekledi. Ancak tutanaklar\u0131n as\u0131llar\u0131 olmad\u0131\u011f\u0131 gibi, \u00fczerlerinde tarih de yoktu. \u00dcstelik sorgulaman\u0131n hangi g\u00f6revliler taraf\u0131ndan yap\u0131ld\u0131\u011f\u0131 da belli de\u011fildi.Savc\u0131l\u0131k tutanaklar\u0131n as\u0131llar\u0131n\u0131 ve imzal\u0131 n\u00fcshalar\u0131n\u0131 istedi. Bu arada ba\u015fka tan\u0131klar\u0131n da ifadelerine ba\u015fvurdu. 19 Haziran 1998\u2019de Silopi Cumhuriyet Savc\u0131l\u0131\u011f\u0131 yetkisizlik karar\u0131 ile dosyay\u0131 Cizre Ba\u015fsavc\u0131l\u0131\u011f\u0131\u2019na g\u00f6nderdi. Cizre Savc\u0131l\u0131\u011f\u0131 ise 30 Mart 2001\u2019de takipsizlik karar\u0131 verdi. Ancak 2009\u2019da yani olay\u0131n meydana geldi\u011fi tarihten tam 15 y\u0131l sonra yeniden ba\u015flat\u0131lan soru\u015fturmada, hem tan\u0131k Mehmet Nuri Binzet\u2019in hem de itiraf\u00e7\u0131 gizli tan\u0131klar\u0131n ifadesi, izzet Pad\u0131r ve Abdullah \u00d6zdemir\u2019in g\u00f6zalt\u0131nda kaybedildi\u011fini do\u011frulad\u0131. Savc\u0131, Cemal Temiz\u00f6z\u2019\u00fcn \u2018g\u00f6zalt\u0131ndan sal\u0131verme\u2019 tutana\u011f\u0131n\u0131n ger\u00e7ek olmad\u0131\u011f\u0131n\u0131 da saptad\u0131.<\/p>\n<p style=\"text-align: justify;\">* Ramazan Uykur\u2019un \u00f6ld\u00fcr\u00fclmesi: \u015eubat 1994 g\u00fcn\u00fc Nusaybin caddesi Timur Torna isimli d\u00fckkan\u0131n \u00f6n\u00fcnde maktul Ramazan Uykur\u2019un ate\u015fli silahla \u00f6ld\u00fcr\u00fcld\u00fc\u011f\u00fc, ayn\u0131 g\u00fcn haz\u0131rlanan otopsi raporu ile belirlenirken olay yerinden Kala\u015fnikof marka t\u00fcfe\u011fe ve tabancaya ait mermi ve bo\u015f kovanlar ele ge\u00e7irildi. Olay tarihinde tan\u0131k olarak hem savc\u0131l\u0131k hem de kolluk\u00e7a Mehmet Uykur dinlendi.<\/p>\n<p style=\"text-align: justify;\">Tan\u0131k beyan\u0131nda gelen arac\u0131n plakas\u0131z beyaz Renault marka oldu\u011funu, amcas\u0131n\u0131 arabadaki \u015fah\u0131slar\u0131n araca \u00e7ekmeye \u00e7al\u0131\u015ft\u0131\u011f\u0131n\u0131, amcas\u0131n\u0131n direndi\u011fini, bu s\u0131rada bu \u015fah\u0131slar\u0131n amcas\u0131na ate\u015f etmeye ba\u015flad\u0131\u011f\u0131n\u0131, birisinin elinde tabanca di\u011ferinde Kala\u015fnikof t\u00fcfek oldu\u011funu g\u00f6rd\u00fc\u011f\u00fcn\u00fc, daha sonra amcas\u0131n\u0131n yere d\u00fc\u015ft\u00fc\u011f\u00fcn\u00fc, ate\u015f eden \u015fah\u0131slar\u0131n araca binerek uzakla\u015ft\u0131klar\u0131n\u0131 anlatt\u0131. Ayr\u0131ca kolluk ifadesinde olay an\u0131nda yan\u0131nda \u00f6ld\u00fcr\u00fclen Ramazan\u2019\u0131n o\u011flu \u0130smet Uykur\u2019un da oldu\u011funu s\u00f6ylese de bu \u015fahs\u0131n soru\u015fturmada ifadesi al\u0131nmad\u0131.<\/p>\n<p style=\"text-align: justify;\">31 May\u0131s 1994\u2019te faillerin belirlenememesi \u00fczerine evrak daimi aramaya al\u0131nd\u0131. Ba\u015fka bir deyimle \u00fczeri kapat\u0131lan bu cinayetin soru\u015fturmas\u0131, yine 15 y\u0131l sonra yani 13 \u015eubat 2009\u2019da tan\u0131k Mehmet Nuri Binzet ifade verince ancak a\u00e7\u0131labildi. Binzet ve gizli tan\u0131klar\u0131n ifadeleri \u00fczerine tan\u0131k Mehmet Uykur tekrar dinlenince, katillerin kimli\u011fi netle\u015fti. Daha \u00f6nce korktu\u011fu i\u00e7in ifadesinde katillerin kimli\u011fini gizleyen Mehmet Uykur bu kez k\u00f6y korucular\u0131 Tamer Atak ile Kukel Atak\u2019\u0131 te\u015fhis etti.<\/p>\n<p style=\"text-align: justify;\">* Abdullah Efelti\u2019nin \u00f6ld\u00fcr\u00fclmesi: 13 May\u0131s 1995\u2019te Cizre Nusaybin karayolu \u00fczerinde Varl\u0131k k\u00f6y\u00fc yak\u0131nlar\u0131nda topra\u011fa g\u00f6m\u00fcl\u00fc vaziyette bir ceset bulundu. Bu olaydan \u00f6nce 30 Mart 1995\u2019te Mesut Efelti\u2019nin Silopi Ba\u015fsavc\u0131l\u0131\u011f\u0131\u2019na bir ba\u015fvurusu olmu\u015ftu. Mesut Efelti\u2019nin anlat\u0131m\u0131na g\u00f6re, biri plakas\u0131z iki Toros marka binek tipi beyaz taksi k\u00f6ylerine gelerek babas\u0131n\u0131 24 \u015eubat 1995\u2019te al\u0131p g\u00f6t\u00fcrm\u00fc\u015ft\u00fc. Gelen \u015fah\u0131slar sivildi ve \u2018tim ya da J\u0130TEM\u2019 denilen ki\u015filere benziyorlard\u0131. Mesut Efelti ba\u015fka ba\u015fvurusunda farkl\u0131 iddialar da ortaya atm\u0131\u015ft\u0131: Tan\u0131d\u0131k bir pa\u015fa sayesinde Abdullah Efelti\u2019nin \u0130l\u00e7e Jandarma Komutanl\u0131\u011f\u0131\u2019nda g\u00f6zalt\u0131nda oldu\u011funu ve Cemal (Temiz\u00f6z) binba\u015f\u0131n\u0131n da bundan haberdar oldu\u011funu \u00f6\u011frenmi\u015flerdi. Kimseye husumetleri yoktu ama Cemal binba\u015f\u0131 ile Cizre Belediye Ba\u015fkan\u0131 Kamil Atak\u2019\u0131 k\u0131zd\u0131racak bir \u015fey yapm\u0131\u015flar, Atak\u2019la s\u00fcrt\u00fc\u015fmesi olan Salih \u015e\u0131k\u2019tan 3 bin d\u00f6n\u00fcm b\u00fcy\u00fckl\u00fc\u011f\u00fcnde bir tarla kiralam\u0131\u015flard\u0131. Atak ve Temiz\u00f6z bu tarlan\u0131n s\u00fcr\u00fclmesini istemiyordu. \u00c7\u00fcnk\u00fc Salih \u015e\u0131k\u2019\u0131n belediye ba\u015fkanl\u0131\u011f\u0131 se\u00e7iminde Kamil Atak\u2019\u0131n kar\u015f\u0131s\u0131na aday olarak \u00e7\u0131kmas\u0131n\u0131 istememi\u015flerdi. Hatta Cemal Temiz\u00f6z odas\u0131s\u0131na \u00e7ekti\u011fi Salih \u015e\u0131k\u2019a \u201cSen \u00f6leceksin, sen se\u00e7ime girmeyeceksin\u201d demi\u015fti. Mesut Efelti\u2019ye g\u00f6re babas\u0131 Abdullah Efelti tam da bu nedenle g\u00f6zalt\u0131na al\u0131nm\u0131\u015f olabilirdi. Bu ara\u015ft\u0131rmalar yap\u0131l\u0131rken Abdullah<\/p>\n<p style=\"text-align: justify;\">Efelti\u2019nin e\u015fi Besna Efelti, 30 May\u0131s 1995\u2019te cesedin kocas\u0131na ait oldu\u011funu te\u015fhis etti. Ama Efelti olay\u0131nda da soru\u015fturman\u0131n yarg\u0131lama konusu yap\u0131labilmesi i\u00e7in 15 y\u0131l ge\u00e7mesi gerekti.<\/p>\n<p style=\"text-align: justify;\"><em><strong>\u0130ddia: \u00d6nce \u00f6ld\u00fcr sonra soru\u015ftur<\/strong><\/em><\/p>\n<p style=\"text-align: justify;\">\u0130ddianamede anlat\u0131lanlara g\u00f6re Cizre\u2019de i\u015flenen cinayetlerle ilgili soru\u015fturmalar\u0131n t\u0131kanmas\u0131n\u0131n en \u00f6nemli nedeni, cinayet emirlerini veren ile cinayetleri soru\u015fturan\u0131n ayn\u0131 ki\u015fi olmas\u0131. Cizre \u0130l\u00e7e Jandarma Komutan\u0131 Cemal Temiz\u00f6z\u2019\u00fcn talimat\u0131yla cinayetler i\u015fleniyor ard\u0131ndan bu cinayetlerle ilgili haz\u0131rl\u0131k tahkikat\u0131 yine Cemal Temiz\u00f6z taraf\u0131ndan yap\u0131l\u0131yordu. Bu \u015fekilde \u00fczeri \u00f6rt\u00fclen cinayetlerden biri de S\u00fcleyman Gasyak, Yahya Akman, \u00d6mer Candoruk ve Abd\u00fclaziz Gasyak\u2019\u0131n \u00f6ld\u00fcr\u00fclmeleri olay\u0131.<\/p>\n<p style=\"text-align: justify;\"><em><strong>\u0130ddianamedeki cinayetler<\/strong><\/em><\/p>\n<p style=\"text-align: justify;\">Bu olay iddianamede \u015f\u00f6yle anlat\u0131l\u0131yor:<\/p>\n<p style=\"text-align: justify;\">\u201c8 Mart 1994 g\u00fcn\u00fc Bozalan k\u00f6y\u00fc Kiri\u015f mezras\u0131 k\u0131rsal\u0131nda yukar\u0131da ismi belirtilen \u015fah\u0131slar\u0131n Kiri\u015f mezras\u0131nda topra\u011fa g\u00f6m\u00fclm\u00fc\u015f vaziyette bulunduklar\u0131, yap\u0131lan otopsi sonucunda ate\u015fli silah yaralanmas\u0131na ba\u011fl\u0131 olarak \u00f6ld\u00fcr\u00fcld\u00fckleri tespit edilmi\u015f ve olay yerinden bo\u015f kovanlar elde edilmi\u015f ve bo\u015f kovanlarla ilgili kriminal rapor al\u0131nm\u0131\u015f, olayda iki ayr\u0131 silah kullan\u0131ld\u0131\u011f\u0131 belirlenmi\u015ftir. Cesetleri bulunan bu \u015fah\u0131slarla ilgili tahkikat Cizre Cumhuriyet Ba\u015fsavc\u0131l\u0131\u011f\u0131\u2019n\u0131n talimat\u0131 \u00fczerine Cizre \u0130l\u00e7e Jandarma Komutanl\u0131\u011f\u0131\u2019nca yap\u0131lm\u0131\u015ft\u0131r. Tahkikatta sadece olay yeri tespit tutana\u011f\u0131 ve olay yerinin krokisi d\u00fczenlenerek \u015f\u00fcpheli Cemal Temiz\u00f6z imzal\u0131 \u00fcst yaz\u0131s\u0131yla Cumhuriyet Ba\u015fsavc\u0131l\u0131\u011f\u0131m\u0131za g\u00f6nderilmi\u015ftir. \u00d6ld\u00fcr\u00fclen \u015fah\u0131slar\u0131n kimlikleri belirlenmi\u015f olmas\u0131na ra\u011fmen herhangi bir yak\u0131n\u0131n\u0131n bilgisine ba\u015fvurulmam\u0131\u015f ve olay yeri tespit tutana\u011f\u0131nda \u00f6ld\u00fcr\u00fclen \u015fah\u0131slar\u0131n Ke\u00e7\u00e7an Hesinan A\u015fireti\u2019nin ge\u00e7ici k\u00f6y korucusu olmalar\u0131 nedeniyle korkutmak amac\u0131yla bu i\u015ften cayd\u0131r\u0131lmak maksad\u0131yla PKK Ter\u00f6r \u00d6rg\u00fct\u00fc\u2019ne mensup ter\u00f6ristlerce i\u015flendi\u011fi \u015feklinde yaz\u0131lm\u0131\u015f, bu olayla ilgili kimsenin bilgisine ba\u015fvurulmam\u0131\u015ft\u0131r. Bu haliyle evrak g\u00f6revsizlik karar\u0131 verilerek Devlet G\u00fcvenlik Mahkemesi Diyarbak\u0131r Cumhuriyet Ba\u015fsavc\u0131l\u0131\u011f\u0131\u2019na g\u00f6nderilmi\u015ftir. Ard\u0131ndan evrak daimi aramaya al\u0131nm\u0131\u015f, \u00f6ld\u00fcr\u00fclen \u015fah\u0131slar\u0131n yak\u0131nlar\u0131 11 Temmuz 2002 tarihinde ba\u015fvurmalar\u0131 an\u0131na kadar \u015f\u00fcphelilerin belirlenmelerine y\u00f6nelik herhangi bir delile ula\u015f\u0131lamam\u0131\u015ft\u0131r.\u201d<\/p>\n<p style=\"text-align: justify;\">Yine iddianameye g\u00f6re olay hi\u00e7 de Temiz\u00f6z\u2019\u00fcn bildirdi\u011fi gibi ya\u015fanmam\u0131\u015ft\u0131. \u015eik\u00e2yet\u00e7ilerden Abd\u00fclaziz Gasyak\u2019\u0131n abisi Sabri Gasyak, 17 Temmuz 2007\u2019de savc\u0131l\u0131\u011fa verdi\u011fi ifadede, \u2018olay g\u00fcn\u00fc Abdulaziz, S\u00fcleyman ve Yahya\u2019n\u0131n \u00fc\u00e7\u00fc birlikte Silopi\u2019ye gitmek amac\u0131yla \u00d6mer Candoruk isimli taksicinin arac\u0131 ile yola \u00e7\u0131kt\u0131klar\u0131n\u0131, ancak geri d\u00f6nmediklerini, ayn\u0131 g\u00fcn Agit Malgaz\u2019\u0131n kendisine BOTA\u015e jandarma arama noktas\u0131nda yak\u0131nlar\u0131n\u0131n g\u00f6zalt\u0131na al\u0131nd\u0131\u011f\u0131n\u0131 s\u00f6yledi\u011fini, bunun \u00fczerine emniyet ve jandarmada ve kaymakaml\u0131kta akrabalar\u0131n\u0131 sorduklar\u0131n\u0131 ancak bir sonu\u00e7 alamad\u0131klar\u0131n\u0131, iddia edildi\u011fi \u015fekilde yak\u0131nlar\u0131n PKK ter\u00f6r \u00f6rg\u00fct\u00fc mensuplar\u0131nca \u00f6ld\u00fcr\u00fclmedi\u011fini, ayr\u0131ca yak\u0131nlar\u0131n\u0131n korucu olmad\u0131\u011f\u0131n\u0131, ancak korucu olmalar\u0131 i\u00e7in emniyet ve jandarma istihbarat birimlerince bask\u0131ya maruz kald\u0131klar\u0131n\u0131, ayr\u0131ca bu olayla ilgili emniyet ve jandarma istihbarat birimlerince \u015fik\u00e2yet\u00e7i olmamalar\u0131 i\u00e7in tehdit edildiklerini, ayr\u0131ca olayda kaybolan arac\u0131n bir daha bulunamad\u0131\u011f\u0131n\u0131, arac\u0131n il\u00e7ede jandarma istihbarat elemanlar\u0131nca kullan\u0131ld\u0131\u011f\u0131n\u0131 g\u00f6rd\u00fc\u011f\u00fcn\u00fc, ancak tehdit alt\u0131nda olduklar\u0131 i\u00e7in bunu bir yere s\u00f6yleyemediklerini, arac\u0131n plakas\u0131n\u0131n s\u00fcrekli olarak de\u011fi\u015ftirildi\u011fini, bu tehditler nedeniyle bu g\u00fcne kadar m\u00fcracaat edemediklerini, BOTA\u015e jandarma karakol arama noktas\u0131nda yak\u0131nlar\u0131n\u0131n Bedran ve Hakim G\u00fcven\u2019in aralar\u0131nda bulundu\u011fu \u015fah\u0131slar\u0131n g\u00f6zalt\u0131na al\u0131p \u00f6ld\u00fcrd\u00fcklerini, bu \u015fah\u0131slardan \u015fik\u00e2yet\u00e7i oldu\u011funu\u2019 s\u00f6yl\u00fcyordu.<\/p>\n<p style=\"text-align: justify;\">Olayla ilgili bilgisi bulunan di\u011fer tan\u0131klar da Sabri Gasyak\u2019\u0131n beyan\u0131n\u0131 do\u011fruluyordu.<\/p>\n<p style=\"text-align: justify;\"><span style=\"color: #888888;\">Kaynak : Ertu\u011frul Mavio\u011flu &#8211; Radikal<\/span><\/p>\n","protected":false},"excerpt":{"rendered":"<p style=\"text-align: center;\">\n<p style=\"text-align: justify;\">*Ramazan El\u00e7i&#8217;ye &#8216;PKK hesapla\u015fmas\u0131nda \u00f6ld\u00fc&#8217; s\u00fcs\u00fc verilmesi, Be\u015fir Bayar&#8217;\u0131n &#8216;PKK&#8217;yla \u00e7at\u0131\u015fmada \u00f6ld\u00fc\u011f\u00fcn\u00fcn&#8217; a\u00e7\u0131klanmas\u0131, \u0130zzet Pad\u0131r ve Abdullah \u00d6zdemir&#8217;in g\u00f6zalt\u0131nda ortadan kaybolmas\u0131&#8230;<\/p>\n<p style=\"text-align: justify;\">*Cizre&#8217;de 1993-1995 y\u0131llar\u0131nda J\u0130TEM cinayetleriyle ilgili Albay Temiz\u00f6z ve alt\u0131 ki\u015fiye a\u00e7\u0131lan dava, adaletin nas\u0131l uyutuldu\u011funu g\u00f6sterdi. \u0130ddiaya g\u00f6re cinayetlerin \u00fcst\u00fc \u00f6zenle kapat\u0131l\u0131yordu.<\/p>\n<p style=\"text-align: justify;\">\u0130STANBUL &#8211; <\/p>\n","protected":false},"author":1,"featured_media":0,"comment_status":"open","ping_status":"closed","sticky":false,"template":"","format":"standard","meta":{"footnotes":""},"categories":[105],"tags":[],"class_list":["post-11944","post","type-post","status-publish","format-standard","hentry","category-gundem","odd"],"_links":{"self":[{"href":"http:\/\/www.korhanyilmaz.com\/index.php?rest_route=\/wp\/v2\/posts\/11944","targetHints":{"allow":["GET"]}}],"collection":[{"href":"http:\/\/www.korhanyilmaz.com\/index.php?rest_route=\/wp\/v2\/posts"}],"about":[{"href":"http:\/\/www.korhanyilmaz.com\/index.php?rest_route=\/wp\/v2\/types\/post"}],"author":[{"embeddable":true,"href":"http:\/\/www.korhanyilmaz.com\/index.php?rest_route=\/wp\/v2\/users\/1"}],"replies":[{"embeddable":true,"href":"http:\/\/www.korhanyilmaz.com\/index.php?rest_route=%2Fwp%2Fv2%2Fcomments&post=11944"}],"version-history":[{"count":0,"href":"http:\/\/www.korhanyilmaz.com\/index.php?rest_route=\/wp\/v2\/posts\/11944\/revisions"}],"wp:attachment":[{"href":"http:\/\/www.korhanyilmaz.com\/index.php?rest_route=%2Fwp%2Fv2%2Fmedia&parent=11944"}],"wp:term":[{"taxonomy":"category","embeddable":true,"href":"http:\/\/www.korhanyilmaz.com\/index.php?rest_route=%2Fwp%2Fv2%2Fcategories&post=11944"},{"taxonomy":"post_tag","embeddable":true,"href":"http:\/\/www.korhanyilmaz.com\/index.php?rest_route=%2Fwp%2Fv2%2Ftags&post=11944"}],"curies":[{"name":"wp","href":"https:\/\/api.w.org\/{rel}","templated":true}]}}