{"id":11940,"date":"2009-07-22T23:10:03","date_gmt":"2009-07-22T20:10:03","guid":{"rendered":"http:\/\/www.korhanyilmaz.com\/?p=11940"},"modified":"2009-07-22T23:10:03","modified_gmt":"2009-07-22T20:10:03","slug":"demirele-anlattim-devlet-oldurmez-dedi","status":"publish","type":"post","link":"http:\/\/www.korhanyilmaz.com\/?p=11940","title":{"rendered":"&#039;Demirel&#039;e anlatt\u0131m, &#039;Devlet \u00f6ld\u00fcrmez&#039; dedi&#039;"},"content":{"rendered":"<p style=\"text-align: center;\"><a href=\"http:\/\/www.korhanyilmaz.com\/wp-content\/uploads\/2009\/07\/fft28_mf213374.Jpeg\"  class=\"lightview\"><img loading=\"lazy\" decoding=\"async\" class=\"aligncenter size-full wp-image-11941\" src=\"http:\/\/www.korhanyilmaz.com\/wp-content\/uploads\/2009\/07\/fft28_mf213374.Jpeg\" alt=\"\" width=\"306\" height=\"204\" \/><\/a><\/p>\n<p style=\"text-align: justify;\">Eski Hakk\u00e2ri milletvekili Esat Canan, &#8216;Ormanc\u0131k&#8217;ta 1994 y\u0131l\u0131nda 12 ki\u015finin \u00f6ld\u00fcr\u00fclmesi&#8217; olay\u0131n\u0131 d\u00f6nemin Cumhurba\u015fkan\u0131 S\u00fcleyman Demirel&#8217;e iletti\u011fini ve \u201cDevlet vatanda\u015f\u0131n\u0131 \u00f6ld\u00fcrmez\u201d cevab\u0131n\u0131 ald\u0131\u011f\u0131n\u0131 iddia etti.<\/p>\n<p style=\"text-align: justify;\">\u015eemdinli\u2019deki Derecik \u0130\u00e7 G\u00fcvenlik Tabur Komutanl\u0131\u011f\u0131\u2019nda 1994- 95 y\u0131llar\u0131nda askerlik yapan bir ki\u015finin, 12 korucunun, Tabur Komutanl\u0131\u011f\u0131 i\u00e7inde \u00f6ld\u00fcr\u00fcl\u00fcp ayn\u0131 birlik i\u00e7inde g\u00f6m\u00fcld\u00fc\u011f\u00fcn\u00fc iddia etmesiyle ilgili a\u00e7\u0131klamada bulunan 19 ve 22. d\u00f6nem Hakk\u00e2ri Milletvekili Esat Canan, olay\u0131n bilinen bir olay oldu\u011funu, konuyu Meclis g\u00fcndemine getirmek i\u00e7in TBMM\u2019de a\u00e7l\u0131k grevi bile yapt\u0131\u011f\u0131n\u0131 ancak g\u00fcndeme getirmeyi ba\u015faramad\u0131\u011f\u0131n\u0131 s\u00f6yledi.<!--more--><\/p>\n<p style=\"text-align: justify;\"><em><strong>\u2018\u0130ddia de\u011fil herkes\u00e7e bilinen bir olay\u2019<\/strong><\/em><\/p>\n<p style=\"text-align: justify;\">Derecik\u2019te iddia edilen olay\u0131n, \u2018iddia de\u011fil ya\u015fanm\u0131\u015f herkes\u00e7e bilinen bir olay oldu\u011funu\u2019 savunan Esat Canan, \u201cHerkes \u00e7ok iyi biliyor ki o d\u00f6nem \u00e7ok karanl\u0131k bir d\u00f6nemdir. O kadar faili me\u00e7hul cinayet vard\u0131 ki hangisi ne zaman ya\u015fand\u0131, \u00e7ok iyi bilinmiyor. Y\u00fcksekova Tabur Komutanl\u0131\u011f\u0131 niye g\u00fcndeme gelmiyor, ara\u015ft\u0131r\u0131ls\u0131n Yurtseven ailesinin \u00fc\u00e7 ferdi Y\u00fcksekova Taburu\u2019nda g\u00f6m\u00fclm\u00fc\u015f. O d\u00f6nem ben SHP\u2019den Hakk\u00e2ri milletvekiliydim. Bize her g\u00fcn bir yerden bir faili me\u00e7hul haberi gelirdi\u201d dedi. O d\u00f6nemde \u015eemdinli\u2019nin Derecik beldesine ba\u011fl\u0131 Ortaklar k\u00f6y\u00fcn\u00fcn Ormanc\u0131k mezras\u0131nda b\u00f6yle bir olay\u0131n ya\u015fand\u0131\u011f\u0131 duyumu \u00fczerine \u015eemdinli\u2019ye ge\u00e7ti\u011fini anlatan Canan \u015f\u00f6yle dedi:<\/p>\n<p style=\"text-align: justify;\">\u201cVatanda\u015flar \u015fik\u00e2yetlerini dile getirdi. Ben de konuyu g\u00fcndeme ta\u015f\u0131mak i\u00e7in bas\u0131nla payla\u015ft\u0131m. Ancak bir t\u00fcrl\u00fc konuyu g\u00fcndemde tutmay\u0131 ba\u015faramad\u0131k. TBMM\u2019de bir g\u00fcnl\u00fck a\u00e7l\u0131k grevi eylemi yapt\u0131m. Daha sonra DYP- SHP Koalisyon H\u00fck\u00fcmeti\u2019nin \u0130nsan Haklar\u0131ndan Sorumlu Bakan\u0131 Algan Hacalo\u011flu\u2019nu \u015eemdinli\u2019ye getirdim, vatanda\u015flar\u0131 bizzat dinledi.\u201d<\/p>\n<p style=\"text-align: justify;\">Ba\u015fka \u00e7aresi kalmad\u0131\u011f\u0131 i\u00e7in konuyu d\u00f6nemin Cumhurba\u015fkan\u0131 S\u00fcleyman Demirel\u2019e de iletti\u011fini belirten Canan, g\u00f6r\u00fc\u015fmeyi \u015f\u00f6yle aktard\u0131:<\/p>\n<p style=\"text-align: justify;\">\u201cDemirel\u2019in bana verdi\u011fi cevap \u015f\u00f6yle oldu: \u2018B\u00f6yle bir \u015fey yok, devlet insan \u00f6ld\u00fcrmez, vatanda\u015f\u0131n\u0131 hi\u00e7bir \u015fekilde \u00f6ld\u00fcrmez.\u2019 H\u00fck\u00fcmetin SHP kanad\u0131 olay\u0131n \u00fcst\u00fcnde durmaya \u00e7al\u0131\u015ft\u0131ysa da d\u00f6nemin Ba\u015fbakan\u0131 Tansu \u00c7iller bu t\u00fcr sorunlar\u0131n h\u00fck\u00fcmetin g\u00fcndemine getirilmesini istemiyordu.\u201d<\/p>\n<p style=\"text-align: justify;\"><span style=\"color: #888888;\">DHA<\/span><\/p>\n","protected":false},"excerpt":{"rendered":"<p style=\"text-align: center;\">\n<p style=\"text-align: justify;\">Eski Hakk\u00e2ri milletvekili Esat Canan, &#8216;Ormanc\u0131k&#8217;ta 1994 y\u0131l\u0131nda 12 ki\u015finin \u00f6ld\u00fcr\u00fclmesi&#8217; olay\u0131n\u0131 d\u00f6nemin Cumhurba\u015fkan\u0131 S\u00fcleyman Demirel&#8217;e iletti\u011fini ve \u201cDevlet vatanda\u015f\u0131n\u0131 \u00f6ld\u00fcrmez\u201d cevab\u0131n\u0131 ald\u0131\u011f\u0131n\u0131 iddia etti.<\/p>\n<p style=\"text-align: justify;\">\u015eemdinli\u2019deki Derecik \u0130\u00e7 G\u00fcvenlik Tabur Komutanl\u0131\u011f\u0131\u2019nda 1994- 95 y\u0131llar\u0131nda askerlik yapan bir ki\u015finin, 12 korucunun, Tabur Komutanl\u0131\u011f\u0131 i\u00e7inde \u00f6ld\u00fcr\u00fcl\u00fcp ayn\u0131 birlik i\u00e7inde g\u00f6m\u00fcld\u00fc\u011f\u00fcn\u00fc <\/p>\n","protected":false},"author":1,"featured_media":0,"comment_status":"open","ping_status":"closed","sticky":false,"template":"","format":"standard","meta":{"footnotes":""},"categories":[105],"tags":[],"class_list":["post-11940","post","type-post","status-publish","format-standard","hentry","category-gundem","odd"],"_links":{"self":[{"href":"http:\/\/www.korhanyilmaz.com\/index.php?rest_route=\/wp\/v2\/posts\/11940","targetHints":{"allow":["GET"]}}],"collection":[{"href":"http:\/\/www.korhanyilmaz.com\/index.php?rest_route=\/wp\/v2\/posts"}],"about":[{"href":"http:\/\/www.korhanyilmaz.com\/index.php?rest_route=\/wp\/v2\/types\/post"}],"author":[{"embeddable":true,"href":"http:\/\/www.korhanyilmaz.com\/index.php?rest_route=\/wp\/v2\/users\/1"}],"replies":[{"embeddable":true,"href":"http:\/\/www.korhanyilmaz.com\/index.php?rest_route=%2Fwp%2Fv2%2Fcomments&post=11940"}],"version-history":[{"count":0,"href":"http:\/\/www.korhanyilmaz.com\/index.php?rest_route=\/wp\/v2\/posts\/11940\/revisions"}],"wp:attachment":[{"href":"http:\/\/www.korhanyilmaz.com\/index.php?rest_route=%2Fwp%2Fv2%2Fmedia&parent=11940"}],"wp:term":[{"taxonomy":"category","embeddable":true,"href":"http:\/\/www.korhanyilmaz.com\/index.php?rest_route=%2Fwp%2Fv2%2Fcategories&post=11940"},{"taxonomy":"post_tag","embeddable":true,"href":"http:\/\/www.korhanyilmaz.com\/index.php?rest_route=%2Fwp%2Fv2%2Ftags&post=11940"}],"curies":[{"name":"wp","href":"https:\/\/api.w.org\/{rel}","templated":true}]}}