{"id":11934,"date":"2009-07-22T21:55:26","date_gmt":"2009-07-22T18:55:26","guid":{"rendered":"http:\/\/www.korhanyilmaz.com\/?p=11934"},"modified":"2009-07-22T21:55:26","modified_gmt":"2009-07-22T18:55:26","slug":"o-sozun-muhatabi-akp-teskilati-mi","status":"publish","type":"post","link":"http:\/\/www.korhanyilmaz.com\/?p=11934","title":{"rendered":"O S\u00f6z\u00fcn Muhatab\u0131 AKP Te\u015fkilat\u0131 m\u0131?"},"content":{"rendered":"<p style=\"text-align: center;\"><img loading=\"lazy\" decoding=\"async\" class=\"aligncenter size-full wp-image-11935\" src=\"http:\/\/www.korhanyilmaz.com\/wp-content\/uploads\/2009\/07\/ak.jpg\" alt=\"\" width=\"324\" height=\"177\" \/><\/p>\n<p style=\"text-align: justify;\">Ba\u015fbakan Erdo\u011fan\u2019\u0131n ge\u00e7en Pazar g\u00fcn\u00fc Ankara \u0130l Kongresinde s\u00f6yledi\u011fi s\u00f6zlere davulcular derneklerinden tepkiler geldi. Ba\u015fbakanl\u0131k da konuyla ilgili bir a\u00e7\u0131klama yaparak, \u201cBa\u015fbakan\u2019\u0131n bu ama\u00e7la yapt\u0131\u011f\u0131 \u00f6zel bir denetleme s\u00f6z konusu de\u011fil. Yapt\u0131\u011f\u0131 seyahatlerde edindi\u011fi izlenimleri ifade etti. \u00d6zel bir yer veya mekan kastedilmedi\u201d dedi.<\/p>\n<p style=\"text-align: justify;\">Milliyet gazetesi Nail G\u00fcreli ise konuyu mizahi bir a\u00e7\u0131dan ele ald\u0131 ve Ba\u015fbakan\u0131n bu s\u00f6zleriyle AKP te\u015fkilat\u0131n\u0131 hedef ald\u0131\u011f\u0131n\u0131, \u00e7\u00fcnk\u00fc kandi ba\u015f\u0131na b\u0131rak\u0131lan te\u015fkilat\u0131n kongrelerde y\u00f6netimin istemedi\u011fi ikinci bir aday \u00e7\u0131kard\u0131\u011f\u0131n\u0131 yazd\u0131.<\/p>\n<p style=\"text-align: justify;\">Nail G\u00fcreli\u2019nin bug\u00fcnk\u00fc yaz\u0131s\u0131n\u0131n \u201cDavulcu\u201d ba\u015fl\u0131kl\u0131 b\u00f6l\u00fcm\u00fc \u015f\u00f6yle: <!--more--><\/p>\n<p style=\"text-align: justify;\">Ba\u015flar\u0131 s\u0131k\u0131\u015f\u0131nca g\u00fcndeme yeni bir madde \u00fcfl\u00fcyorlar ya; son konu davulcuyla zurnac\u0131. Neymi\u015f efendim?<\/p>\n<p style=\"text-align: justify;\">Kendi ba\u015f\u0131na b\u0131rak\u0131lan \u00e7ocuk ya davulcuya ya zurnac\u0131ya gidermi\u015f!<\/p>\n<p style=\"text-align: justify;\">Roman vatanda\u015flar\u0131m\u0131z ve de bilumum davulcu ile zurnac\u0131 sanat\u00e7\u0131m\u0131z bu lafa ne der, bilemeyiz. \u0130ki kilo bulgur bir kilo pirince tav olup yine bu laf\u0131n erbab\u0131na m\u0131 oy verirler dersiniz?<\/p>\n<p style=\"text-align: justify;\">Ba\u015fka derdimiz yok ya, \u015fimdi bu lafla kimin kastedildi\u011fini bulmak i\u00e7in m\u00fcneccimlik yapanlar var.<\/p>\n<p style=\"text-align: justify;\">Acaba sevgilisinin evinde hunharca \u00f6ld\u00fcr\u00fclen M\u00fcnevver\u2019e mi dokundurma yap\u0131yormu\u015f?<\/p>\n<p style=\"text-align: justify;\">Hay\u0131r efendim! Onun derdi parti te\u015fkilat\u0131yla. Te\u015fkilat\u0131 kendi ba\u015f\u0131na b\u0131rakt\u0131n m\u0131, kongrede ikinci bir aday \u00e7\u0131kar\u0131yorlar. Kendi ba\u015flar\u0131na b\u0131raksan o aday se\u00e7ilecek.<\/p>\n<p style=\"text-align: justify;\">B\u00f6yle \u015fey olur mu?<\/p>\n<p style=\"text-align: justify;\">Demokrasi dedi\u011finde, patronun g\u00f6sterece\u011fi tek aday se\u00e7(tir)ilir. Se\u00e7tirilinceye kadar da kongre mongre ertelenir.<\/p>\n<p style=\"text-align: justify;\">\u0130\u015fte, o davulcu zurnac\u0131 laf\u0131n\u0131n esas\u0131 budur.<\/p>\n<p style=\"text-align: justify;\">Bu davulcu zurnac\u0131 \u015fiar\u0131 gere\u011fince, yarg\u0131y\u0131 da kendi ba\u015f\u0131na b\u0131rakmayacaks\u0131n.<\/p>\n<p style=\"text-align: justify;\">Elbistan cezaevinde 14 y\u0131ld\u0131r yatan G\u00fcler Zere kansere yakalanacak, \u00f6l\u00fcmc\u00fcl d\u00f6rd\u00fcnc\u00fc evresine gelecek, zorunlu tedavi i\u00e7in dahi k\u0131z\u0131 sal\u0131vermeyeceksin.<\/p>\n<p style=\"text-align: justify;\">Ya Kuddusi Okk\u0131r?<\/p>\n<p style=\"text-align: justify;\">Neyle su\u00e7land\u0131\u011f\u0131 belli olmadan adam\u0131 i\u00e7eri atacaks\u0131n. Kansere yakalanacak; hastane hastane dola\u015ft\u0131r\u0131p \u00f6l\u00fcm\u00fcne be\u015f g\u00fcn kala b\u0131rakacaks\u0131n. Bu \u00f6l\u00fcm\u00fcn sorumlular\u0131 hakk\u0131nda soru\u015fturma a\u00e7t\u0131rtmayacaks\u0131n.<\/p>\n<p style=\"text-align: justify;\">\u00d6te yanda, uydurma bir \u201cgizli tan\u0131k\u201d ifadesiyle, as\u0131ls\u0131z ihbarlarla insanlar\u0131 i\u00e7eri alacaks\u0131n. Sonra bir tan\u0131k, san\u0131k olunca, nas\u0131l sat\u0131n al\u0131nd\u0131\u011f\u0131n\u0131 itiraf edip ilk ifadesinden vazge\u00e7ecek.<\/p>\n<p style=\"text-align: justify;\">Bu hukuk skandallar\u0131 kar\u015f\u0131s\u0131nda, davulcu zurnac\u0131 pi\u015fkinli\u011fiyle nutuk atacaks\u0131n!<\/p>\n<p style=\"text-align: justify;\">\u0130\u015fsizlikten, ge\u00e7im s\u0131k\u0131nt\u0131s\u0131ndan k\u0131vrananlara \u00e7\u00f6z\u00fcm bulaca\u011f\u0131na davulcuyla zurnac\u0131yla g\u00fcndem de\u011fi\u015ftirmeye bakacaks\u0131n.<\/p>\n<p style=\"text-align: justify;\">Pes!<\/p>\n<p style=\"text-align: justify;\"><span style=\"color: #888888;\"><em>Odatv.com<\/em><\/span><\/p>\n<p style=\"text-align: justify;\"><span style=\"color: #888888;\"><em>22 Temmuz 2009<\/em><\/span><\/p>\n","protected":false},"excerpt":{"rendered":"<p style=\"text-align: center;\">\n<p style=\"text-align: justify;\">Ba\u015fbakan Erdo\u011fan\u2019\u0131n ge\u00e7en Pazar g\u00fcn\u00fc Ankara \u0130l Kongresinde s\u00f6yledi\u011fi s\u00f6zlere davulcular derneklerinden tepkiler geldi. Ba\u015fbakanl\u0131k da konuyla ilgili bir a\u00e7\u0131klama yaparak, \u201cBa\u015fbakan\u2019\u0131n bu ama\u00e7la yapt\u0131\u011f\u0131 \u00f6zel bir denetleme s\u00f6z konusu de\u011fil. Yapt\u0131\u011f\u0131 seyahatlerde edindi\u011fi izlenimleri ifade etti. \u00d6zel bir yer veya mekan kastedilmedi\u201d dedi.<\/p>\n<p style=\"text-align: justify;\">Milliyet gazetesi Nail G\u00fcreli <\/p>\n","protected":false},"author":1,"featured_media":0,"comment_status":"open","ping_status":"closed","sticky":false,"template":"","format":"standard","meta":{"footnotes":""},"categories":[105],"tags":[],"class_list":["post-11934","post","type-post","status-publish","format-standard","hentry","category-gundem","odd"],"_links":{"self":[{"href":"http:\/\/www.korhanyilmaz.com\/index.php?rest_route=\/wp\/v2\/posts\/11934","targetHints":{"allow":["GET"]}}],"collection":[{"href":"http:\/\/www.korhanyilmaz.com\/index.php?rest_route=\/wp\/v2\/posts"}],"about":[{"href":"http:\/\/www.korhanyilmaz.com\/index.php?rest_route=\/wp\/v2\/types\/post"}],"author":[{"embeddable":true,"href":"http:\/\/www.korhanyilmaz.com\/index.php?rest_route=\/wp\/v2\/users\/1"}],"replies":[{"embeddable":true,"href":"http:\/\/www.korhanyilmaz.com\/index.php?rest_route=%2Fwp%2Fv2%2Fcomments&post=11934"}],"version-history":[{"count":0,"href":"http:\/\/www.korhanyilmaz.com\/index.php?rest_route=\/wp\/v2\/posts\/11934\/revisions"}],"wp:attachment":[{"href":"http:\/\/www.korhanyilmaz.com\/index.php?rest_route=%2Fwp%2Fv2%2Fmedia&parent=11934"}],"wp:term":[{"taxonomy":"category","embeddable":true,"href":"http:\/\/www.korhanyilmaz.com\/index.php?rest_route=%2Fwp%2Fv2%2Fcategories&post=11934"},{"taxonomy":"post_tag","embeddable":true,"href":"http:\/\/www.korhanyilmaz.com\/index.php?rest_route=%2Fwp%2Fv2%2Ftags&post=11934"}],"curies":[{"name":"wp","href":"https:\/\/api.w.org\/{rel}","templated":true}]}}