{"id":11926,"date":"2009-07-22T18:31:19","date_gmt":"2009-07-22T16:31:19","guid":{"rendered":"http:\/\/www.korhanyilmaz.com\/?p=11926"},"modified":"2009-07-22T18:31:19","modified_gmt":"2009-07-22T16:31:19","slug":"erdoganin-aciklamalari-dtpyi-tatmin-etmedi","status":"publish","type":"post","link":"http:\/\/www.korhanyilmaz.com\/?p=11926","title":{"rendered":"Erdo\u011fan&#039;\u0131n a\u00e7\u0131klamalar\u0131 DTP&#039;yi tatmin etmedi"},"content":{"rendered":"<p style=\"text-align: justify;\">\n<div id=\"attachment_11927\" style=\"width: 302px\" class=\"wp-caption aligncenter\"><img loading=\"lazy\" decoding=\"async\" aria-describedby=\"caption-attachment-11927\" class=\"size-full wp-image-11927\" title=\"DTP E\u015f ba\u015fkan\u0131 Emine Ayna\" src=\"http:\/\/www.korhanyilmaz.com\/wp-content\/uploads\/2009\/07\/emine_ayna_yfctm.jpg\" alt=\"DTP E\u015fba\u015fkan\u0131 Emine Ayna\" width=\"292\" height=\"221\" \/><p id=\"caption-attachment-11927\" class=\"wp-caption-text\">DTP E\u015f ba\u015fkan\u0131 Emine Ayna<\/p><\/div>\n<p>DTP E\u015fba\u015fkan\u0131 Emine Ayna K\u00fcrt Sorunu&#8217;nun \u00e7\u00f6z\u00fcm\u00fc i\u00e7in \u00f6n\u015fart\u0131n \u0130mral\u0131&#8217;n\u0131n muhatap al\u0131nmas\u0131 oldu\u011funu s\u00f6yl\u00fcyor.\n<\/p>\n<p style=\"text-align: justify;\">ANKARA &#8211; Demokratik Toplum Partisi Ba\u015fbakan Erdo\u011fan&#8217;\u0131n a\u00e7\u0131klamalar\u0131nda arad\u0131\u011f\u0131n\u0131 bulamad\u0131.<\/p>\n<p style=\"text-align: justify;\">DTP E\u015fba\u015fkan\u0131 Emine Ayna K\u00fcrt Sorunu&#8217;nun \u00e7\u00f6z\u00fcm\u00fcnde olmazsa olmazlar\u0131n\u0131, devletin \u00d6calan&#8217;la muhatapl\u0131\u011f\u0131 olarak vurguluyor.<\/p>\n<p style=\"text-align: justify;\">Ayna &#8220;Siz bunu K\u00fcrtlerle konu\u015fmay\u0131p, M\u0130T, MGK, Genelkurmay&#8217;la konu\u015fuyorsunuz. Bunda bir s\u0131k\u0131nt\u0131 var. \u00d6calan&#8217;\u0131n muhatap al\u0131nmas\u0131 akil insanlar arac\u0131l\u0131\u011f\u0131yla, bir gazeteci arac\u0131l\u0131\u011f\u0131yla, bir devlet g\u00f6revlisi arac\u0131l\u0131\u011f\u0131yla olabilir. Ba\u015fbakan ya da cumhurba\u015fkan\u0131 do\u011frudan g\u00f6r\u00fc\u015febilir.&#8221;  dedi.<\/p>\n<p style=\"text-align: justify;\">Ayna, G\u00fcneydo\u011fu&#8217;da ter\u00f6r \u00f6rg\u00fct\u00fcne y\u00f6nelik operasyonlara ara verilmesinin bile muhatapl\u0131k olarak kabul edilebilece\u011fini s\u00f6yl\u00fcyor.<\/p>\n<p style=\"text-align: justify;\">DTP 15 A\u011fustos&#8217;ta Abdullah \u00d6calan&#8217;\u0131n a\u00e7\u0131klayaca\u011f\u0131 yol haritas\u0131 \u00f6ncesi konuyla ilgili son geli\u015fmeleri haftasonu Diyarbak\u0131r&#8217;daki K\u00fcrt \u00c7al\u0131\u015ftay\u0131&#8217;nda bir kez daha masaya yat\u0131racak.<\/p>\n<p style=\"text-align: justify;\"><span style=\"color: #888888;\">NTVMSNBC<\/span><\/p>\n<p style=\"text-align: justify;\">\n","protected":false},"excerpt":{"rendered":"<p style=\"text-align: justify;\">\n<p id=\"caption-attachment-11927\" class=\"wp-caption-text\">DTP E\u015f ba\u015fkan\u0131 Emine Ayna<\/p>\n<p>DTP E\u015fba\u015fkan\u0131 Emine Ayna K\u00fcrt Sorunu&#8217;nun \u00e7\u00f6z\u00fcm\u00fc i\u00e7in \u00f6n\u015fart\u0131n \u0130mral\u0131&#8217;n\u0131n muhatap al\u0131nmas\u0131 oldu\u011funu s\u00f6yl\u00fcyor. <\/p>\n<p style=\"text-align: justify;\">ANKARA &#8211; Demokratik Toplum Partisi Ba\u015fbakan Erdo\u011fan&#8217;\u0131n a\u00e7\u0131klamalar\u0131nda arad\u0131\u011f\u0131n\u0131 bulamad\u0131.<\/p>\n<p style=\"text-align: justify;\">DTP E\u015fba\u015fkan\u0131 Emine Ayna K\u00fcrt Sorunu&#8217;nun \u00e7\u00f6z\u00fcm\u00fcnde olmazsa olmazlar\u0131n\u0131, devletin \u00d6calan&#8217;la muhatapl\u0131\u011f\u0131 olarak vurguluyor.<\/p>\n<p style=\"text-align:  \n\n","protected":false},"author":1,"featured_media":0,"comment_status":"open","ping_status":"closed","sticky":false,"template":"","format":"standard","meta":{"footnotes":""},"categories":[105],"tags":[],"class_list":["post-11926","post","type-post","status-publish","format-standard","hentry","category-gundem","odd"],"_links":{"self":[{"href":"http:\/\/www.korhanyilmaz.com\/index.php?rest_route=\/wp\/v2\/posts\/11926","targetHints":{"allow":["GET"]}}],"collection":[{"href":"http:\/\/www.korhanyilmaz.com\/index.php?rest_route=\/wp\/v2\/posts"}],"about":[{"href":"http:\/\/www.korhanyilmaz.com\/index.php?rest_route=\/wp\/v2\/types\/post"}],"author":[{"embeddable":true,"href":"http:\/\/www.korhanyilmaz.com\/index.php?rest_route=\/wp\/v2\/users\/1"}],"replies":[{"embeddable":true,"href":"http:\/\/www.korhanyilmaz.com\/index.php?rest_route=%2Fwp%2Fv2%2Fcomments&post=11926"}],"version-history":[{"count":0,"href":"http:\/\/www.korhanyilmaz.com\/index.php?rest_route=\/wp\/v2\/posts\/11926\/revisions"}],"wp:attachment":[{"href":"http:\/\/www.korhanyilmaz.com\/index.php?rest_route=%2Fwp%2Fv2%2Fmedia&parent=11926"}],"wp:term":[{"taxonomy":"category","embeddable":true,"href":"http:\/\/www.korhanyilmaz.com\/index.php?rest_route=%2Fwp%2Fv2%2Fcategories&post=11926"},{"taxonomy":"post_tag","embeddable":true,"href":"http:\/\/www.korhanyilmaz.com\/index.php?rest_route=%2Fwp%2Fv2%2Ftags&post=11926"}],"curies":[{"name":"wp","href":"https:\/\/api.w.org\/{rel}","templated":true}]}}