{"id":11922,"date":"2009-07-22T17:14:45","date_gmt":"2009-07-22T14:14:45","guid":{"rendered":"http:\/\/www.korhanyilmaz.com\/?p=11922"},"modified":"2009-07-22T17:14:45","modified_gmt":"2009-07-22T14:14:45","slug":"berlusconi-anlamissinizdir-ben-aziz-degilim","status":"publish","type":"post","link":"http:\/\/www.korhanyilmaz.com\/?p=11922","title":{"rendered":"Berlusconi: Anlam\u0131\u015fs\u0131n\u0131zd\u0131r, ben aziz de\u011filim!"},"content":{"rendered":"<div id=\"attachment_11923\" style=\"width: 310px\" class=\"wp-caption aligncenter\"><a href=\"http:\/\/www.korhanyilmaz.com\/wp-content\/uploads\/2009\/07\/090417-Berlusconi-G\u00fcl\u00fcyor-VM.hmedium.jpg\"  class=\"lightview\"><img loading=\"lazy\" decoding=\"async\" aria-describedby=\"caption-attachment-11923\" class=\"size-full wp-image-11923\" src=\"http:\/\/www.korhanyilmaz.com\/wp-content\/uploads\/2009\/07\/090417-Berlusconi-G\u00fcl\u00fcyor-VM.hmedium.jpg\" alt=\"\" width=\"300\" height=\"206\" \/><\/a><p id=\"caption-attachment-11923\" class=\"wp-caption-text\">\u0130talya Ba\u015fbakan\u0131 Silvio Berlusconi<\/p><\/div>\n<p style=\"text-align: justify;\">ROMA &#8211; \u0130talya Ba\u015fbakan\u0131 Silvio Berlusconi, bir eskort kad\u0131nla yapt\u0131\u011f\u0131 konu\u015fmalara ili\u015fkin ses kay\u0131tlar\u0131n\u0131n yay\u0131mlanmas\u0131na esprili bir \u00fcslupla tepki g\u00f6stererek, &#8220;aziz&#8221; olmad\u0131\u011f\u0131n\u0131 s\u00f6yledi.<\/p>\n<p style=\"text-align: justify;\">Urago D&#8217;Oglio beldesinde, Brescia-Milano otoban\u0131n\u0131n in\u015fas\u0131 i\u00e7in kurulan \u015fantiyenin a\u00e7\u0131l\u0131\u015f\u0131nda konu\u015fan Berlusconi, La Repubblica gazetesinin \u00f6zel hayat\u0131ndan hareketle haftalard\u0131r kendisi aleyhinde bir kampanya y\u00fcr\u00fctt\u00fc\u011f\u00fcn\u00fc ima ederek, &#8220;kendisinin aziz olmad\u0131\u011f\u0131n\u0131 La Repubblica gazetesindekilerin de anlayaca\u011f\u0131n\u0131 umdu\u011funu&#8221; belirtti.<\/p>\n<p style=\"text-align: justify;\">Lombardia B\u00f6lgesi Ba\u015fkan\u0131 Roberto Formigoni&#8217;nin \u015fantiye a\u00e7\u0131l\u0131\u015f\u0131nda &#8220;b\u00f6lgeyi adam etme&#8221; bi\u00e7iminde bir ifade kullanmas\u0131na kar\u015f\u0131 \u00e7\u0131kan Berlusconi, &#8220;Bu, ho\u015f bir ifade de\u011fil. Zira bu b\u00f6lgede \u00e7ok say\u0131da ho\u015f k\u0131z ve kad\u0131n yat\u0131r\u0131mc\u0131 da var&#8221; diye konu\u015ftu.<!--more--><\/p>\n<p style=\"text-align: justify;\">Berlusconi, bu ifadeleriyle kendisini dinleyenlerden b\u00fcy\u00fck alk\u0131\u015f almas\u0131n\u0131n ard\u0131ndan, &#8220;Ben aziz de\u011filim. Bunu anlam\u0131\u015f durumdas\u0131n\u0131z. Umar\u0131m bunu La Repubblica gazetesindekiler de anlar&#8221; ifadelerini kulland\u0131.<\/p>\n<p style=\"text-align: justify;\">\u00d6te yandan, Berlusconi fazla b\u00fcy\u00fctmemeye \u00f6zen g\u00f6sterse de, L&#8217;Espresso dergisi ve La Repubblica&#8217;n\u0131n resmi web sayfalar\u0131nda yay\u0131mlanan ses kay\u0131tlar\u0131 d\u0131\u015f bas\u0131nda da ilgi uyand\u0131rmaya devam ediyor.<\/p>\n<p style=\"text-align: justify;\">Barili eskortlardan biri olan 42 ya\u015f\u0131ndaki Patrizia D&#8217;Addario ile Berlusconi aras\u0131ndaki ili\u015fkiyi konu alan ses kay\u0131tlar\u0131nda cinsel i\u00e7erikli ifadeler de yer al\u0131yor.<\/p>\n<p style=\"text-align: justify;\">Tarihi 2008 Ekim ay\u0131n\u0131 g\u00f6steren bir ses kayd\u0131nda Barili i\u015f adam\u0131 Gianpaolo Tarantini, 73 ya\u015f\u0131ndaki Berlusconi&#8217;nin Roma&#8217;daki evine e\u011flenceye g\u00f6nderdi\u011fi D&#8217;Addario&#8217;ya, &#8220;Sana 1000 Euro&#8217;yu ben verdim. Geceyi onunla ge\u00e7irirsen hediyeyi o verecek. Ancak bak, o prezervatif kullanmaz&#8221; bi\u00e7iminde bir uyar\u0131 da bulunuyor.<\/p>\n<p style=\"text-align: justify;\"><span style=\"color: #888888;\">NTVMSNBC<\/span><\/p>\n","protected":false},"excerpt":{"rendered":"<p id=\"caption-attachment-11923\" class=\"wp-caption-text\">\u0130talya Ba\u015fbakan\u0131 Silvio Berlusconi<\/p>\n<p style=\"text-align: justify;\">ROMA &#8211; \u0130talya Ba\u015fbakan\u0131 Silvio Berlusconi, bir eskort kad\u0131nla yapt\u0131\u011f\u0131 konu\u015fmalara ili\u015fkin ses kay\u0131tlar\u0131n\u0131n yay\u0131mlanmas\u0131na esprili bir \u00fcslupla tepki g\u00f6stererek, &#8220;aziz&#8221; olmad\u0131\u011f\u0131n\u0131 s\u00f6yledi.<\/p>\n<p style=\"text-align: justify;\">Urago D&#8217;Oglio beldesinde, Brescia-Milano otoban\u0131n\u0131n in\u015fas\u0131 i\u00e7in kurulan \u015fantiyenin a\u00e7\u0131l\u0131\u015f\u0131nda konu\u015fan Berlusconi, La Repubblica gazetesinin \u00f6zel hayat\u0131ndan hareketle haftalard\u0131r kendisi aleyhinde bir <\/p>\n","protected":false},"author":1,"featured_media":0,"comment_status":"open","ping_status":"closed","sticky":false,"template":"","format":"standard","meta":{"footnotes":""},"categories":[3],"tags":[],"class_list":["post-11922","post","type-post","status-publish","format-standard","hentry","category-dunya","odd"],"_links":{"self":[{"href":"http:\/\/www.korhanyilmaz.com\/index.php?rest_route=\/wp\/v2\/posts\/11922","targetHints":{"allow":["GET"]}}],"collection":[{"href":"http:\/\/www.korhanyilmaz.com\/index.php?rest_route=\/wp\/v2\/posts"}],"about":[{"href":"http:\/\/www.korhanyilmaz.com\/index.php?rest_route=\/wp\/v2\/types\/post"}],"author":[{"embeddable":true,"href":"http:\/\/www.korhanyilmaz.com\/index.php?rest_route=\/wp\/v2\/users\/1"}],"replies":[{"embeddable":true,"href":"http:\/\/www.korhanyilmaz.com\/index.php?rest_route=%2Fwp%2Fv2%2Fcomments&post=11922"}],"version-history":[{"count":0,"href":"http:\/\/www.korhanyilmaz.com\/index.php?rest_route=\/wp\/v2\/posts\/11922\/revisions"}],"wp:attachment":[{"href":"http:\/\/www.korhanyilmaz.com\/index.php?rest_route=%2Fwp%2Fv2%2Fmedia&parent=11922"}],"wp:term":[{"taxonomy":"category","embeddable":true,"href":"http:\/\/www.korhanyilmaz.com\/index.php?rest_route=%2Fwp%2Fv2%2Fcategories&post=11922"},{"taxonomy":"post_tag","embeddable":true,"href":"http:\/\/www.korhanyilmaz.com\/index.php?rest_route=%2Fwp%2Fv2%2Ftags&post=11922"}],"curies":[{"name":"wp","href":"https:\/\/api.w.org\/{rel}","templated":true}]}}