{"id":11918,"date":"2009-07-22T18:36:38","date_gmt":"2009-07-22T16:36:38","guid":{"rendered":"http:\/\/www.korhanyilmaz.com\/?p=11918"},"modified":"2009-07-22T18:36:38","modified_gmt":"2009-07-22T16:36:38","slug":"erdogan-soz-ola-kestire-basi","status":"publish","type":"post","link":"http:\/\/www.korhanyilmaz.com\/?p=11918","title":{"rendered":"Erdo\u011fan: S\u00f6z ola kestire ba\u015f\u0131!"},"content":{"rendered":"<div id=\"attachment_11919\" style=\"width: 189px\" class=\"wp-caption alignleft\"><a href=\"http:\/\/www.korhanyilmaz.com\/wp-content\/uploads\/2009\/07\/erdobabad.widec.jpg\"  class=\"lightview\"><img loading=\"lazy\" decoding=\"async\" aria-describedby=\"caption-attachment-11919\" class=\"size-full wp-image-11919\" style=\"margin: 0px 10px;\" src=\"http:\/\/www.korhanyilmaz.com\/wp-content\/uploads\/2009\/07\/erdobabad.widec.jpg\" alt=\"\" width=\"179\" height=\"248\" \/><\/a><p id=\"caption-attachment-11919\" class=\"wp-caption-text\">Recep Tayyip Erdo\u011fan<\/p><\/div>\n<p style=\"text-align: justify;\">Ba\u015fbakan Erdo\u011fan, K\u00fcrt A\u00e7\u0131l\u0131m\u0131 konusunda son yap\u0131lan Milli G\u00fcvenlik Kurulu toplant\u0131s\u0131n\u0131n ard\u0131ndan \u0130\u00e7i\u015fleri Bakanl\u0131\u011f\u0131&#8217;n\u0131n at\u0131lacak ad\u0131mlar konusunda yeni bir \u00e7al\u0131\u015fma ba\u015flatt\u0131\u011f\u0131n\u0131 a\u00e7\u0131klad\u0131. \u0130\u00e7i\u015fleri Bakanl\u0131\u011f\u0131&#8217;n\u0131n Genelkurmay, M\u0130T ve b\u00f6lge milletvekilleriyle g\u00f6r\u00fc\u015ferek bir \u00e7al\u0131\u015fma yapaca\u011f\u0131n\u0131 s\u00f6yleyen Erdo\u011fan, &#8220;ondan sonra da s\u00f6ylem birli\u011fi i\u00e7inde bunu kamuoyuna a\u00e7\u0131klayaca\u011f\u0131z&#8221; dedi. Erdo\u011fan, K\u00fcrt A\u00e7\u0131l\u0131m\u0131 konusunda beyanlarda bulunan partisinin milletvekillerini de &#8220;s\u00f6z ola kestire ba\u015f\u0131&#8221; s\u00f6zleriyle uyard\u0131.<\/p>\n<p style=\"text-align: justify;\">ANKARA &#8211; Ba\u015fbakan Recep Tayyip Erdo\u011fan ile D\u0131\u015fi\u015fleri Bakan\u0131 Ahmet Davuto\u011flu Halep&#8217;e gitti. Suriye Devlet Ba\u015fkan\u0131 Be\u015far Esad ile yap\u0131lacak g\u00f6r\u00fc\u015fmelerin g\u00fcndeminde, Suriye ve \u0130srail aras\u0131nda T\u00fcrkiye&#8217;nin arabuluculu\u011fundaki g\u00f6r\u00fc\u015fmelerin yeniden ba\u015flat\u0131lmas\u0131 ve Ortado\u011fu ile ilgili geli\u015fmeler var.<\/p>\n<p style=\"text-align: justify;\">G\u00fcn\u00fcbirlik ziyaret kapsam\u0131nda Erdo\u011fan&#8217;a Halep \u00dcniversitesinde fahri doktora \u00fcnvan\u0131 verilecek. Erdo\u011fan, Suriye Devlet Ba\u015fkan\u0131 Be\u015far Esat ile de biraraya gelecek.<\/p>\n<p style=\"text-align: justify;\">G\u00f6r\u00fc\u015fmelerin en \u00f6nemli g\u00fcndem maddesi \u0130srail ile Suriye aras\u0131ndaki g\u00f6r\u00fc\u015fmelerin yeniden ba\u015flat\u0131lmas\u0131. Ankara Suriye ile temaslar\u0131n\u0131 s\u00fcrd\u00fcrken israil&#8217;i de biran \u00f6nce yeniden g\u00f6r\u00fc\u015fme masas\u0131na gelmeye ikna etmeye \u00e7al\u0131\u015f\u0131yor. G\u00f6r\u00fc\u015fmelerde Esat&#8217;\u0131n Bak\u00fc ve Erivan ziyaretlerinde edindi\u011fi izlenimlerin de g\u00fcndeme gelmesi bekleniyor.<\/p>\n<p style=\"text-align: justify;\">Erdo\u011fan Esenbo\u011fa Havaliman\u0131nda bas\u0131n mensuplar\u0131n\u0131n g\u00fcndemle ilgili sorular\u0131n\u0131 yan\u0131tlad\u0131. <!--more--><\/p>\n<p style=\"text-align: justify;\"><strong>HSYK&#8217;DA \u0130STENMEYEN GEL\u0130\u015eMELER OLDU<\/strong><\/p>\n<p style=\"text-align: justify;\">Erdo\u011fan HSYK&#8217;n\u0131n yaz kararnamesi ile ilgili tart\u0131\u015fmalara de\u011findi. Erdo\u011fan &#8220;Detaylar\u0131na girecek de\u011filim. Nokta konulmu\u015f de\u011fil. Bu kararnameler Adalet Bakanl\u0131\u011f\u0131&#8217;n\u0131n haz\u0131rl\u0131\u011f\u0131yla olur. Adalet Bakanl\u0131\u011f\u0131 haz\u0131rl\u0131\u011f\u0131 yapar, HSYK&#8217;ya takdim eder. HSYK inceler. Konu tamamlan\u0131r.<\/p>\n<p style=\"text-align: justify;\">Ancak bu s\u00fcre\u00e7 i\u00e7inde istenmeyen geli\u015fmeler oldu. Adalet Bakanl\u0131\u011f\u0131 \u00e7al\u0131\u015fmas\u0131 d\u0131\u015f\u0131nda bir \u00e7al\u0131\u015fma ortaya \u00e7\u0131kt\u0131. Bu biraz farkl\u0131yd\u0131. \u015eimdi de\u011ferlendirecek de\u011filim. Bir \u00e7ok hakim ve savc\u0131 atama kararlar\u0131n\u0131 bekliyordu. 1300 civar\u0131nda hakim ve savc\u0131 i\u00e7in mutabakata var\u0131ld\u0131. Temennim o ki Adalet Bakanl\u0131\u011f\u0131 listesiyle ilgili \u00e7al\u0131\u015fma da sonland\u0131r\u0131l\u0131r. Herkes gidece\u011fi yere gitmi\u015f olur.&#8221; dedi.<\/p>\n<p style=\"text-align: justify;\"><strong>K\u00dcRT A\u00c7ILIMI \u0130\u00c7\u0130N VEK\u0130LLER\u0130N\u0130 UYARDI<\/strong><\/p>\n<p style=\"text-align: justify;\">Ba\u015fbakan Recep Tayyip Erdo\u011fan, K\u00fcrt a\u00e7\u0131l\u0131m\u0131 ve AKP&#8217;li milletvekillerinin beyanlar\u0131 konusunda da sorular\u0131 yan\u0131tlad\u0131.<\/p>\n<p style=\"text-align: justify;\">Erdo\u011fan, bas\u0131n mensuplar\u0131n\u0131n &#8221;K\u00fcrt sorununun \u00e7\u00f6z\u00fcm\u00fcne ili\u015fkin son g\u00fcnlerde \u00f6zellikle AK Parti milletvekillerinden bir dizi a\u00e7\u0131klama geldi. \u00d6zellikle baz\u0131 modellerin devletin zirvesinde ele al\u0131nd\u0131\u011f\u0131 y\u00f6n\u00fcnde a\u00e7\u0131klamalar vard\u0131. 15 A\u011fustos&#8217;tan \u00f6nce de h\u00fck\u00fcmetin bu konuda bir paket ya da \u00e7\u00f6z\u00fcme ili\u015fkin yeni ad\u0131mlar atabilece\u011fi y\u00f6n\u00fcnde yorumlar da var. Bu y\u00f6nde bir \u00e7al\u0131\u015fma var m\u0131? Bu konuyla ilgili son durum nedir?&#8221; sorusuna \u015fu yan\u0131t\u0131 verdi:<\/p>\n<p style=\"text-align: justify;\">&#8221;K\u00fcrt a\u00e7\u0131l\u0131m\u0131 ile alakal\u0131 olarak g\u00fcndeme getirilen konu bizim iktidar\u0131m\u0131z s\u00fcrecisinde ele ald\u0131\u011f\u0131m\u0131z bir meseledir. Bu, bizim partimizi kurdu\u011fumuz g\u00fcnden itibaren, e\u011fer parti program\u0131m\u0131z\u0131 \u015f\u00f6yle bir okuma imkan\u0131n\u0131z olursa, b\u00f6yle bir f\u0131rsat\u0131n\u0131z olursa, orada bu konuyla ilgili \u00e7ok a\u00e7\u0131k, net 1.5 sayfal\u0131k bir a\u00e7\u0131klamay\u0131 g\u00f6receksiniz.<\/p>\n<p style=\"text-align: justify;\">Ben bunun ad\u0131 \u00fczerinde, ba\u015fl\u0131k \u00fczerinde konu\u015facak de\u011filim. Buna ister &#8216;K\u00fcrt sorunu&#8217; deyin, ister &#8216;G\u00fcneydo\u011fu sorunu&#8217; deyin, ister &#8216;Do\u011fu sorunu&#8217; deyin, isterse yine son olarak adland\u0131r\u0131lan &#8216;K\u00fcrt a\u00e7\u0131l\u0131m\u0131&#8217; diyelim, ne dersek diyelim, bunun \u00fczerinde bir \u00e7al\u0131\u015fmay\u0131 ba\u015flatt\u0131k. Nitekim 2005 y\u0131l\u0131nda biliyorsunuz Diyarbak\u0131r konu\u015fmam var. Diyarbak\u0131r konu\u015fmamda bug\u00fcn tart\u0131\u015f\u0131lan bir \u00e7ok mesele o zaman taraf\u0131mdan dile getirildi. O zaman ele\u015ftirenlerin hepsi sa\u011folsunlar ayn\u0131 \u015feyleri konu\u015fmaya ba\u015flad\u0131lar. Siyaset\u00e7isi de ayn\u0131 \u015fekilde entellekt\u00fcel kesimi de hepsi bunu konu\u015fuyor.<\/p>\n<p style=\"text-align: justify;\">Biz belli mesafeler ald\u0131k. Tabii biz siyaset\u00e7iler olarak nerede neyi yapt\u0131\u011f\u0131m\u0131z\u0131, kimle neyi yapt\u0131\u011f\u0131m\u0131z\u0131, yapmakta oldu\u011fumuzu a\u00e7\u0131klamak durumunda de\u011filiz. Biz sadece sonucu konu\u015fuyoruz. Ortada eserlerimiz var bizim. &#8216;Bu eserler nedir?&#8217; dedi\u011finiz zaman, k\u00fclt\u00fcrel sorunlarda neleri ba\u015fard\u0131k? Ne deniliyordu? \u0130\u015fte televizyon, radyo, \u015fu, bu falan konu\u015fuluyordu. \u0130ktidar\u0131m\u0131z TRT \u015ee\u015f olay\u0131n\u0131 ger\u00e7ekle\u015ftirmek suretiyle 24 saat b\u00f6lge, b\u00f6lge d\u0131\u015f\u0131, tamamen orada art\u0131k TRT yay\u0131n yapmaktad\u0131r ve bu yay\u0131nda bir zenginlik s\u00f6z konusudur. Her ge\u00e7en g\u00fcn de bu zenginlik artarak devam etmektedir. Daha sonra radyo devreye girmi\u015ftir. Bunu daha da geli\u015ftirme \u00e7al\u0131\u015fmalar\u0131 \u00fczerinde duruyoruz.&#8221;<\/p>\n<p style=\"text-align: justify;\">Ayn\u0131 \u015fekilde \u00fcniversitelerde de \u00e7al\u0131\u015fmalar\u0131n ba\u015flad\u0131\u011f\u0131n\u0131 hat\u0131rlatan Ba\u015fbakan Erdo\u011fan, K\u00fcrt\u00e7eyi \u00f6\u011frenmek isteyenler i\u00e7in \u00fcniversitelerde K\u00fcrt Dili ve Edebiyat\u0131 b\u00f6l\u00fcmlerinin ihdas edildi\u011fini s\u00f6yledi.<\/p>\n<p style=\"text-align: justify;\">Erdo\u011fan &#8220;\u015eu anda da h\u00fck\u00fcmet olarak bundan bir hafta \u00f6nce MGK \u00fcyesi arkada\u015flar\u0131mla bu konuda bir \u00e7al\u0131\u015fma ba\u015flatt\u0131k ve bu \u00e7al\u0131\u015fmay\u0131 ba\u015flatt\u0131ktan sonra da i\u00e7 g\u00fcvenlikte malum bu i\u015fin sorumlusu \u0130\u00e7i\u015fleri Bakanl\u0131\u011f\u0131m\u0131zd\u0131r, \u0130\u00e7i\u015fleri Bakanl\u0131\u011f\u0131m\u0131za bu g\u00f6revi verdik ve b\u00fct\u00fcn ilgili bakanl\u0131klarla \u0130\u00e7i\u015fleri Bakanl\u0131\u011f\u0131m\u0131z g\u00f6r\u00fc\u015fmelerini yap\u0131yor, yapacak. Haz\u0131rl\u0131klar\u0131n\u0131 yapacak. Kurumlarla yapacak. Bunda Genelkurmay&#8217;\u0131yd\u0131, M\u0130T&#8217;di, vesaire, t\u00fcm bunlarla g\u00f6r\u00fc\u015fmelerini yapmak suretiyle, bunun yan\u0131nda b\u00f6lge milletvekilleriyle g\u00f6r\u00fc\u015fmelerini yapacak.<\/p>\n<p style=\"text-align: justify;\">Bize olgun, bu noktada belli bir hakikaten toparlaman\u0131n oldu\u011fu bir \u00e7al\u0131\u015fmay\u0131 getirecek ve bunun \u00fczerinde bizler nihai de\u011ferlendirmelerimizi yapaca\u011f\u0131z ve ondan sonra da bir s\u00f6ylem birli\u011fi i\u00e7erisinde kamuya bunu a\u00e7\u0131klayaca\u011f\u0131z.<\/p>\n<p style=\"text-align: justify;\"><strong>S\u00d6Z OLA KEST\u0130RE BA\u015eI<\/strong><\/p>\n<p style=\"text-align: justify;\">Tabii \u015fu anda \u00e7ok ki\u015filer \u00e7\u0131k\u0131yor konu\u015fuyor, konu\u015fmal\u0131. Demokratik bir \u00fclkedir herkes konu\u015fabilir. Buna diyebilecek bir \u015feyimiz yok. Ben \u015fahsen partimin milletvekillerinin bu s\u00f6ylem birli\u011fini zedeleyecek a\u00e7\u0131klamalarda bulunmas\u0131na da ben do\u011frusu ho\u015f bakmam. \u00c7\u00fcnk\u00fc bizim bir s\u00f6ylem birli\u011fi i\u00e7erisinde olmam\u0131z laz\u0131m. Bug\u00fcne kadar ne \u00e7ektiysek bu s\u00f6ylem birli\u011fini bozacak ifadelerden \u00e7ektik. \u00c7\u00fcnk\u00fc ifadede bir c\u00fcmle b\u00fct\u00fcn birlikteli\u011fimizi, biliyorsunuz &#8216;s\u00f6z ola kestire ba\u015f\u0131&#8217; olur ki biz buna gitmek istemiyoruz.&#8221;<\/p>\n<p style=\"text-align: justify;\"><strong>Y\u00d6K HAKSIZLI\u011eI G\u0130DERD\u0130<\/strong><\/p>\n<p style=\"text-align: justify;\">Erdo\u011fan Y\u00d6K&#8217;\u00fcn meslek liselerine katsay\u0131 fark\u0131n\u0131 kald\u0131ran karar\u0131yla, e\u011fitim \u00f6zg\u00fcrl\u00fc\u011f\u00fc alan\u0131nda haks\u0131zl\u0131\u011f\u0131 giderdi\u011fini s\u00f6yledi. Erdo\u011fan &#8220;Binlerce meslek lisesi mezununun ma\u011fdur edildi\u011fi s\u00fcreci d\u00fczelttikleri i\u00e7in kendilerine te\u015fekk\u00fcr ediyorum.&#8221; dedi.<\/p>\n<p style=\"text-align: justify;\"><span style=\"color: #888888;\">NTVMSNBC<\/span><\/p>\n","protected":false},"excerpt":{"rendered":"<p id=\"caption-attachment-11919\" class=\"wp-caption-text\">Recep Tayyip Erdo\u011fan<\/p>\n<p style=\"text-align: justify;\">Ba\u015fbakan Erdo\u011fan, K\u00fcrt A\u00e7\u0131l\u0131m\u0131 konusunda son yap\u0131lan Milli G\u00fcvenlik Kurulu toplant\u0131s\u0131n\u0131n ard\u0131ndan \u0130\u00e7i\u015fleri Bakanl\u0131\u011f\u0131&#8217;n\u0131n at\u0131lacak ad\u0131mlar konusunda yeni bir \u00e7al\u0131\u015fma ba\u015flatt\u0131\u011f\u0131n\u0131 a\u00e7\u0131klad\u0131. \u0130\u00e7i\u015fleri Bakanl\u0131\u011f\u0131&#8217;n\u0131n Genelkurmay, M\u0130T ve b\u00f6lge milletvekilleriyle g\u00f6r\u00fc\u015ferek bir \u00e7al\u0131\u015fma yapaca\u011f\u0131n\u0131 s\u00f6yleyen Erdo\u011fan, &#8220;ondan sonra da s\u00f6ylem birli\u011fi i\u00e7inde bunu kamuoyuna a\u00e7\u0131klayaca\u011f\u0131z&#8221; dedi. Erdo\u011fan, K\u00fcrt A\u00e7\u0131l\u0131m\u0131 <\/p>\n","protected":false},"author":1,"featured_media":0,"comment_status":"open","ping_status":"closed","sticky":false,"template":"","format":"standard","meta":{"footnotes":""},"categories":[105],"tags":[],"class_list":["post-11918","post","type-post","status-publish","format-standard","hentry","category-gundem","odd"],"_links":{"self":[{"href":"http:\/\/www.korhanyilmaz.com\/index.php?rest_route=\/wp\/v2\/posts\/11918","targetHints":{"allow":["GET"]}}],"collection":[{"href":"http:\/\/www.korhanyilmaz.com\/index.php?rest_route=\/wp\/v2\/posts"}],"about":[{"href":"http:\/\/www.korhanyilmaz.com\/index.php?rest_route=\/wp\/v2\/types\/post"}],"author":[{"embeddable":true,"href":"http:\/\/www.korhanyilmaz.com\/index.php?rest_route=\/wp\/v2\/users\/1"}],"replies":[{"embeddable":true,"href":"http:\/\/www.korhanyilmaz.com\/index.php?rest_route=%2Fwp%2Fv2%2Fcomments&post=11918"}],"version-history":[{"count":0,"href":"http:\/\/www.korhanyilmaz.com\/index.php?rest_route=\/wp\/v2\/posts\/11918\/revisions"}],"wp:attachment":[{"href":"http:\/\/www.korhanyilmaz.com\/index.php?rest_route=%2Fwp%2Fv2%2Fmedia&parent=11918"}],"wp:term":[{"taxonomy":"category","embeddable":true,"href":"http:\/\/www.korhanyilmaz.com\/index.php?rest_route=%2Fwp%2Fv2%2Fcategories&post=11918"},{"taxonomy":"post_tag","embeddable":true,"href":"http:\/\/www.korhanyilmaz.com\/index.php?rest_route=%2Fwp%2Fv2%2Ftags&post=11918"}],"curies":[{"name":"wp","href":"https:\/\/api.w.org\/{rel}","templated":true}]}}