{"id":11914,"date":"2009-07-22T14:34:55","date_gmt":"2009-07-22T11:34:55","guid":{"rendered":"http:\/\/www.korhanyilmaz.com\/?p=11914"},"modified":"2009-07-22T14:34:55","modified_gmt":"2009-07-22T11:34:55","slug":"deniz-fenerine-savsatta-buyuk-tepki","status":"publish","type":"post","link":"http:\/\/www.korhanyilmaz.com\/?p=11914","title":{"rendered":"Deniz Feneri&#039;ne \u015eav\u015fat&#039;ta b\u00fcy\u00fck tepki"},"content":{"rendered":"<p style=\"text-align: center;\"><a style=\"'lightview'\" title=\":: :: autosize: true, keyboard: false, overlayClose:true, menubar: false \" href=\"http:\/\/www.korhanyilmaz.com\/wp-content\/uploads\/2009\/07\/fener.jpg\"  class=\"lightview\"><img loading=\"lazy\" decoding=\"async\" class=\"size-full wp-image-11915 aligncenter\" src=\"http:\/\/www.korhanyilmaz.com\/wp-content\/uploads\/2009\/07\/fener.jpg\" alt=\"\" width=\"346\" height=\"266\" \/><\/a><\/p>\n<p style=\"text-align: justify;\">Artvin \u015eav\u015fat&#8217;taki sel felaketzedelerine yard\u0131m i\u00e7in gitti\u011fi belirtilen Deniz Feneri Derne\u011fi arac\u0131na halk tepki g\u00f6sterdi.<\/p>\n<p style=\"text-align: justify;\">\u015eav\u015fat il\u00e7esinde meydana gelen sel ma\u011fdurlar\u0131 ve yak\u0131nlar\u0131 kaymakaml\u0131k binas\u0131 \u00f6n\u00fcnde eylem yapt\u0131.<\/p>\n<p style=\"text-align: justify;\">Eylemin oldu\u011fu yere Deniz Feneri Derne\u011fi arac\u0131 gelince halk, &#8220;Devlet g\u00fcnlerdir yard\u0131m yapmad\u0131 da, soyguncu sen niye geldin?&#8221; s\u00f6zleriyle tepki g\u00f6sterdi.<\/p>\n<p style=\"text-align: justify;\">Topluluk araca do\u011fru y\u00fcr\u00fcd\u00fc. Kalabal\u0131\u011f\u0131n tepkisinden korkan ara\u00e7 i\u00e7indeki 2 ki\u015fi kaymakaml\u0131\u011fa s\u0131\u011f\u0131nd\u0131. <!--more--><\/p>\n<p style=\"text-align: justify;\">Baz\u0131 gen\u00e7ler arac\u0131n \u00fczerine &#8220;Y\u00fczy\u0131l\u0131n soygun hareketi ve soyguncular defolun&#8221; yaz\u0131s\u0131 yazd\u0131.<\/p>\n<p style=\"text-align: justify;\">Gen\u00e7lerin bu davran\u0131\u015f\u0131 \u00fczerine polis olaya m\u00fcdahale etti.<\/p>\n<p style=\"text-align: justify;\">Deniz Feneri&#8217;nden yap\u0131lan a\u00e7\u0131klamada, s\u00f6z konusu arac\u0131n getirdi\u011fi yard\u0131m\u0131 da\u011f\u0131tmak \u00fczere \u015eav\u015fat\u2019ta bulundu\u011fu, ara\u00e7ta yakla\u015f\u0131k 6 bin liral\u0131k yard\u0131m malzemesi bulundu\u011fu belirtildi. Dernek,s\u00f6z konusu yard\u0131mlar\u0131n Kaymakaml\u0131\u011f\u0131n olu\u015fturdu\u011fu havuza teslim edildi\u011fini bildirdi.<\/p>\n<p style=\"text-align: justify;\"><span style=\"color: #888888;\"><em>CNN T\u00dcRK<\/em><\/span><\/p>\n","protected":false},"excerpt":{"rendered":"<p style=\"text-align: center;\">\n<p style=\"text-align: justify;\">Artvin \u015eav\u015fat&#8217;taki sel felaketzedelerine yard\u0131m i\u00e7in gitti\u011fi belirtilen Deniz Feneri Derne\u011fi arac\u0131na halk tepki g\u00f6sterdi.<\/p>\n<p style=\"text-align: justify;\">\u015eav\u015fat il\u00e7esinde meydana gelen sel ma\u011fdurlar\u0131 ve yak\u0131nlar\u0131 kaymakaml\u0131k binas\u0131 \u00f6n\u00fcnde eylem yapt\u0131.<\/p>\n<p style=\"text-align: justify;\">Eylemin oldu\u011fu yere Deniz Feneri Derne\u011fi arac\u0131 gelince halk, &#8220;Devlet g\u00fcnlerdir yard\u0131m yapmad\u0131 da, soyguncu sen niye geldin?&#8221; <\/p>\n","protected":false},"author":1,"featured_media":0,"comment_status":"open","ping_status":"closed","sticky":false,"template":"","format":"standard","meta":{"footnotes":""},"categories":[105],"tags":[],"class_list":["post-11914","post","type-post","status-publish","format-standard","hentry","category-gundem","odd"],"_links":{"self":[{"href":"http:\/\/www.korhanyilmaz.com\/index.php?rest_route=\/wp\/v2\/posts\/11914","targetHints":{"allow":["GET"]}}],"collection":[{"href":"http:\/\/www.korhanyilmaz.com\/index.php?rest_route=\/wp\/v2\/posts"}],"about":[{"href":"http:\/\/www.korhanyilmaz.com\/index.php?rest_route=\/wp\/v2\/types\/post"}],"author":[{"embeddable":true,"href":"http:\/\/www.korhanyilmaz.com\/index.php?rest_route=\/wp\/v2\/users\/1"}],"replies":[{"embeddable":true,"href":"http:\/\/www.korhanyilmaz.com\/index.php?rest_route=%2Fwp%2Fv2%2Fcomments&post=11914"}],"version-history":[{"count":0,"href":"http:\/\/www.korhanyilmaz.com\/index.php?rest_route=\/wp\/v2\/posts\/11914\/revisions"}],"wp:attachment":[{"href":"http:\/\/www.korhanyilmaz.com\/index.php?rest_route=%2Fwp%2Fv2%2Fmedia&parent=11914"}],"wp:term":[{"taxonomy":"category","embeddable":true,"href":"http:\/\/www.korhanyilmaz.com\/index.php?rest_route=%2Fwp%2Fv2%2Fcategories&post=11914"},{"taxonomy":"post_tag","embeddable":true,"href":"http:\/\/www.korhanyilmaz.com\/index.php?rest_route=%2Fwp%2Fv2%2Ftags&post=11914"}],"curies":[{"name":"wp","href":"https:\/\/api.w.org\/{rel}","templated":true}]}}