{"id":11904,"date":"2009-07-22T18:03:18","date_gmt":"2009-07-22T15:03:18","guid":{"rendered":"http:\/\/www.korhanyilmaz.com\/?p=11904"},"modified":"2009-07-22T18:03:18","modified_gmt":"2009-07-22T15:03:18","slug":"elazig-saldirisi-zanlisi-baba-ve-2-oglu-yakalandi","status":"publish","type":"post","link":"http:\/\/www.korhanyilmaz.com\/?p=11904","title":{"rendered":"Elaz\u0131\u011f sald\u0131r\u0131s\u0131 zanl\u0131s\u0131 baba ve 2 o\u011flu yakaland\u0131"},"content":{"rendered":"<p><img loading=\"lazy\" decoding=\"async\" class=\"alignleft size-full wp-image-11905\" style=\"margin: 2px 10px;\" src=\"http:\/\/www.korhanyilmaz.com\/wp-content\/uploads\/2009\/07\/elazig.grid-4x3.jpg\" alt=\"\" width=\"186\" height=\"257\" \/><\/p>\n<p style=\"text-align: justify;\">Elaz\u0131\u011f&#8217;\u0131n Baskil il\u00e7esi Karaali k\u00f6y\u00fcnde 6 ki\u015finin \u00f6l\u00fcm\u00fcyle sonu\u00e7lanan silahl\u0131 sald\u0131r\u0131y\u0131 yapt\u0131klar\u0131 iddias\u0131yla aranan Ha\u015fim Y\u00fckselen ve iki o\u011flu yakaland\u0131.<\/p>\n<p style=\"text-align: justify;\">ELAZI\u011e &#8211; Saat 17.00 s\u0131ralar\u0131nda iki jandarma komando b\u00f6l\u00fc\u011f\u00fc Yal\u0131ndamlar K\u00f6y\u00fc Karacada\u011f Mevkiinde zanl\u0131lar\u0131 tespit etti.<\/p>\n<p style=\"text-align: justify;\">Zanl\u0131lara teslim ol \u00e7a\u011fr\u0131s\u0131 yap\u0131ld\u0131 ve ikaz ate\u015fi a\u00e7\u0131ld\u0131.<\/p>\n<p style=\"text-align: justify;\">Teslim olmayan zanl\u0131lar ka\u00e7maya ba\u015flad\u0131. komandolar, k\u0131sa s\u00fcren bir kovalamaca sonucunda zanl\u0131lar\u0131 yakalad\u0131. Zanl\u0131lar\u0131n adliyeye sevkedilmesi bekleniyor.<\/p>\n<p style=\"text-align: justify;\">Bu arada sald\u0131r\u0131da hayat\u0131n\u0131 kaybedenler, Buhan mezras\u0131nda k\u0131l\u0131nan cenaze namaz\u0131ndan sonra topra\u011fa verildi.<\/p>\n<p style=\"text-align: justify;\">Buhan mezras\u0131nda d\u00fcn sabah Ha\u015fim Y\u00fckselen ile iki o\u011flu, evlerinden \u00e7\u0131karak \u00e7evrede g\u00f6rd\u00fckleri herkese ate\u015f edip, 6 ki\u015fiyi \u00f6ld\u00fcrm\u00fc\u015f 7 ki\u015fi de yaralam\u0131\u015ft\u0131.<\/p>\n<p style=\"text-align: justify;\"><span style=\"color: #888888;\"><em>ntvmsnbc<\/em><\/span><\/p>\n","protected":false},"excerpt":{"rendered":"<\/p>\n<p style=\"text-align: justify;\">Elaz\u0131\u011f&#8217;\u0131n Baskil il\u00e7esi Karaali k\u00f6y\u00fcnde 6 ki\u015finin \u00f6l\u00fcm\u00fcyle sonu\u00e7lanan silahl\u0131 sald\u0131r\u0131y\u0131 yapt\u0131klar\u0131 iddias\u0131yla aranan Ha\u015fim Y\u00fckselen ve iki o\u011flu yakaland\u0131.<\/p>\n<p style=\"text-align: justify;\">ELAZI\u011e &#8211; Saat 17.00 s\u0131ralar\u0131nda iki jandarma komando b\u00f6l\u00fc\u011f\u00fc Yal\u0131ndamlar K\u00f6y\u00fc Karacada\u011f Mevkiinde zanl\u0131lar\u0131 tespit etti.<\/p>\n<p style=\"text-align: justify;\">Zanl\u0131lara teslim ol \u00e7a\u011fr\u0131s\u0131 yap\u0131ld\u0131 ve ikaz ate\u015fi a\u00e7\u0131ld\u0131.<\/p>\n<p style=\"text-align: justify;\">Teslim <\/p>\n","protected":false},"author":1,"featured_media":0,"comment_status":"open","ping_status":"closed","sticky":false,"template":"","format":"standard","meta":{"footnotes":""},"categories":[105],"tags":[],"class_list":["post-11904","post","type-post","status-publish","format-standard","hentry","category-gundem","odd"],"_links":{"self":[{"href":"http:\/\/www.korhanyilmaz.com\/index.php?rest_route=\/wp\/v2\/posts\/11904","targetHints":{"allow":["GET"]}}],"collection":[{"href":"http:\/\/www.korhanyilmaz.com\/index.php?rest_route=\/wp\/v2\/posts"}],"about":[{"href":"http:\/\/www.korhanyilmaz.com\/index.php?rest_route=\/wp\/v2\/types\/post"}],"author":[{"embeddable":true,"href":"http:\/\/www.korhanyilmaz.com\/index.php?rest_route=\/wp\/v2\/users\/1"}],"replies":[{"embeddable":true,"href":"http:\/\/www.korhanyilmaz.com\/index.php?rest_route=%2Fwp%2Fv2%2Fcomments&post=11904"}],"version-history":[{"count":0,"href":"http:\/\/www.korhanyilmaz.com\/index.php?rest_route=\/wp\/v2\/posts\/11904\/revisions"}],"wp:attachment":[{"href":"http:\/\/www.korhanyilmaz.com\/index.php?rest_route=%2Fwp%2Fv2%2Fmedia&parent=11904"}],"wp:term":[{"taxonomy":"category","embeddable":true,"href":"http:\/\/www.korhanyilmaz.com\/index.php?rest_route=%2Fwp%2Fv2%2Fcategories&post=11904"},{"taxonomy":"post_tag","embeddable":true,"href":"http:\/\/www.korhanyilmaz.com\/index.php?rest_route=%2Fwp%2Fv2%2Ftags&post=11904"}],"curies":[{"name":"wp","href":"https:\/\/api.w.org\/{rel}","templated":true}]}}