{"id":11892,"date":"2009-07-22T17:25:14","date_gmt":"2009-07-22T15:25:14","guid":{"rendered":"http:\/\/www.korhanyilmaz.com\/?p=11892"},"modified":"2009-07-22T17:25:14","modified_gmt":"2009-07-22T15:25:14","slug":"suikast-timlerinin-hedefleri-kimler","status":"publish","type":"post","link":"http:\/\/www.korhanyilmaz.com\/?p=11892","title":{"rendered":"Suikast timlerinin hedefleri kimler?"},"content":{"rendered":"<p style=\"text-align: center;\"><a href=\"http:\/\/www.korhanyilmaz.com\/wp-content\/uploads\/2009\/07\/220720091724382400427.jpg\"  class=\"lightview\"><img loading=\"lazy\" decoding=\"async\" class=\"size-full wp-image-11893 aligncenter\" src=\"http:\/\/www.korhanyilmaz.com\/wp-content\/uploads\/2009\/07\/220720091724382400427.jpg\" alt=\"\" width=\"329\" height=\"210\" \/><\/a><\/p>\n<p style=\"text-align: justify;\">Ergenekon&#8217;un 3. iddianamesi art\u0131k mahkemede. \u0130ddanamenin en dikkat \u00e7eken b\u00f6l\u00fcmleri, \u00f6rg\u00fct\u00fcn planlad\u0131\u011f\u0131 \u00f6ne s\u00fcr\u00fclen eylemlerle ilgili<\/p>\n<p style=\"text-align: justify;\">CNN T\u00fcrk&#8217;\u00fcn haberine g\u00f6re, mahkemenin \u00f6n\u00fcnde 15 g\u00fcnl\u00fck bir inceleme s\u00fcresi bulunan iddianamede \u015fu ifadeler yer al\u0131yor: Eski \u00d6zel Harekat\u00e7\u0131 \u0130brahim \u015eahin&#8217;e ba\u011fl\u0131 suikast timleri olu\u015fturulmu\u015f ve \u00f6nemli isimler hedef al\u0131nm\u0131\u015f. \u0130\u015fte iddianamenin ayr\u0131nt\u0131lar\u0131&#8230;<\/p>\n<p style=\"text-align: justify;\">\u0130ddianame, savc\u0131l\u0131\u011f\u0131n Ergenekon ad\u0131n\u0131 verdi\u011fi \u00f6rg\u00fct\u00fcn ger\u00e7ekle\u015ftirdi\u011fi ileri s\u00fcr\u00fclen silahl\u0131 eylemleri kaps\u0131yor. O eylemler de, ger\u00e7ekle\u015ftirilenler ve engellenenler olarak ikiye ayr\u0131l\u0131yor.<\/p>\n<p style=\"text-align: justify;\">\u0130ddianamede Ergenekon&#8217;un silahl\u0131 eylem gruplar\u0131 ayr\u0131nt\u0131lar\u0131 ile anlat\u0131lm\u0131\u015f. Gruplar\u0131n lideri ise \u0130brahim \u015eahin. \u0130ddiaya g\u00f6re \u015eahin&#8217;e ba\u011fl\u0131 12 suikast timi var. Bu timler ayr\u0131 ayr\u0131 h\u00fccreler bi\u00e7iminde olu\u015fturulmu\u015f. <!--more--><\/p>\n<p style=\"text-align: justify;\">Suikast timlerindeki asker ve polisler, operasyonel birimlerden se\u00e7ilmi\u015f. Hem polisler, hem de askerler \u00f6zel harekat\u00e7\u0131lardan olu\u015fuyor.<\/p>\n<p style=\"text-align: justify;\">Peki bu isimler nas\u0131l biraraya getirildi? \u0130ddianamede bunun da yan\u0131t\u0131 veriliyor. Savc\u0131lara g\u00f6re, zan\u0131larla \u00f6nce baz\u0131 devlet g\u00f6revlileri temas kurmu\u015f, onlara, &#8220;Devlet ad\u0131na \u00e7ok \u00f6nemli ve gizli bir g\u00f6reve se\u00e7ildi\u011fini&#8221; s\u00f6ylemi\u015f. Bu \u00e7ok \u00f6nemli ve gizli g\u00f6reve de \u0130brahim \u015eahin&#8217;in komuta etti\u011fini belirtilmi\u015f.<\/p>\n<p style=\"text-align: justify;\">Hemen ard\u0131ndan da \u0130brahim \u015eahin devreye girmi\u015f. Suikast timlerinde g\u00f6revlendirilenleri listelemi\u015f. Listeye de S1 ismini vermi\u015f.<\/p>\n<p style=\"text-align: justify;\">\u0130ddianameye g\u00f6re, bu timlerin ba\u015f\u0131nda asl\u0131nda Muzaffer Tekin olacakt\u0131. Ancak o tutuklan\u0131nca, g\u00f6rev \u0130brahim \u015eahin&#8217;e verildi.<\/p>\n<p style=\"text-align: justify;\">Suikast timlerinin hedef listesi kabar\u0131k. O listenin en ba\u015f\u0131nda da Ermeni cemaatinin dini lideri Mesrob Mutafyan var.<\/p>\n<p style=\"text-align: justify;\">Mutafyan&#8217;a d\u00fczenlenecek suikast, t\u00fcm ayr\u0131nt\u0131lar\u0131yla planlanm\u0131\u015f. Kumkap\u0131&#8217;da d\u00fczenlenen suikastin krokileri haz\u0131rlanm\u0131\u015f. Mutafyan&#8217;\u0131n arac\u0131n\u0131n kiliseye ne zaman girdi\u011fi, ne zaman \u00e7\u0131kt\u0131\u011f\u0131, hangi g\u00fczergah\u0131 takip etti\u011fi detaylar\u0131yla not al\u0131nm\u0131\u015f. Hatta foto\u011fraflar\u0131 \u00e7ekilmi\u015f, dosyaya konulmu\u015f.<\/p>\n<p style=\"text-align: justify;\">Mutafyan\u0131n arac\u0131n\u0131n nas\u0131l ve ka\u00e7 ki\u015fi taraf\u0131ndan ate\u015f alt\u0131na al\u0131naca\u011f\u0131, at\u0131lacak el bombas\u0131 say\u0131s\u0131, gerekirse Law silah\u0131n\u0131n nereden ate\u015flene\u011fi, suikast\u00e7ilerin ka\u00e7\u0131\u015f istikametleri, ka\u00e7\u0131\u015fta kullan\u0131lacak otomobili kimlerin \u00e7alaca\u011f\u0131 bile planda anlat\u0131lm\u0131\u015f.<\/p>\n<p style=\"text-align: justify;\">Suikast timlerinin bir ba\u015fka hedefi de Alevi Dedesi Ali Balk\u0131z. Onunla ilgili plan da olduk\u00e7a ayr\u0131nt\u0131l\u0131. Evinin foto\u011fraflar\u0131, bulundu\u011fu b\u00f6lgenin krokileri, arac\u0131na \u00f6nce bombay\u0131 atacak, sonra silahla tarayacak sald\u0131rgan\u0131n duraca\u011f\u0131 nokta.<\/p>\n<p style=\"text-align: justify;\">Hatta sald\u0131rgan\u0131n, beklerken i\u00e7ece\u011fi sigaralar\u0131n say\u0131s\u0131 bile planda yer alm\u0131\u015f.<\/p>\n<p style=\"text-align: justify;\">Listedeki en \u00f6nemli isim ise Ba\u015fbakan Tayyip Erdo\u011fan. Erdo\u011fan&#8217;a y\u00f6nelik suikast plan\u0131n\u0131n adresi ise, Yarbay Mustafa D\u00f6nmez&#8217;in ajandas\u0131. O plana g\u00f6re Ba\u015fbakan&#8217;\u0131n arac\u0131 Law silah\u0131 ile Ankara&#8217;da vurulacakt\u0131. \u0130ddialar, D\u00f6nmez&#8217;in de \u015eahin&#8217;e ba\u011fl\u0131 \u00e7al\u0131\u015ft\u0131\u011f\u0131 y\u00f6n\u00fcnde.<\/p>\n<p style=\"text-align: justify;\">Tabii ad\u0131 \u00fcst\u00fcnde iddianame&#8230; Yani bunlar\u0131n hepsi, \u015fimdilik iddiadan ibaret. Do\u011fru olup olmad\u0131\u011f\u0131na ise, mahkeme karar verecek.<\/p>\n<p style=\"text-align: justify;\"><span style=\"color: #888888;\"><em>CNN T\u00dcRK<\/em><\/span><\/p>\n","protected":false},"excerpt":{"rendered":"<p style=\"text-align: center;\">\n<p style=\"text-align: justify;\">Ergenekon&#8217;un 3. iddianamesi art\u0131k mahkemede. \u0130ddanamenin en dikkat \u00e7eken b\u00f6l\u00fcmleri, \u00f6rg\u00fct\u00fcn planlad\u0131\u011f\u0131 \u00f6ne s\u00fcr\u00fclen eylemlerle ilgili<\/p>\n<p style=\"text-align: justify;\">CNN T\u00fcrk&#8217;\u00fcn haberine g\u00f6re, mahkemenin \u00f6n\u00fcnde 15 g\u00fcnl\u00fck bir inceleme s\u00fcresi bulunan iddianamede \u015fu ifadeler yer al\u0131yor: Eski \u00d6zel Harekat\u00e7\u0131 \u0130brahim \u015eahin&#8217;e ba\u011fl\u0131 suikast timleri olu\u015fturulmu\u015f ve \u00f6nemli isimler hedef al\u0131nm\u0131\u015f. \u0130\u015fte <\/p>\n","protected":false},"author":1,"featured_media":0,"comment_status":"open","ping_status":"closed","sticky":false,"template":"","format":"standard","meta":{"footnotes":""},"categories":[105],"tags":[],"class_list":["post-11892","post","type-post","status-publish","format-standard","hentry","category-gundem","odd"],"_links":{"self":[{"href":"http:\/\/www.korhanyilmaz.com\/index.php?rest_route=\/wp\/v2\/posts\/11892","targetHints":{"allow":["GET"]}}],"collection":[{"href":"http:\/\/www.korhanyilmaz.com\/index.php?rest_route=\/wp\/v2\/posts"}],"about":[{"href":"http:\/\/www.korhanyilmaz.com\/index.php?rest_route=\/wp\/v2\/types\/post"}],"author":[{"embeddable":true,"href":"http:\/\/www.korhanyilmaz.com\/index.php?rest_route=\/wp\/v2\/users\/1"}],"replies":[{"embeddable":true,"href":"http:\/\/www.korhanyilmaz.com\/index.php?rest_route=%2Fwp%2Fv2%2Fcomments&post=11892"}],"version-history":[{"count":0,"href":"http:\/\/www.korhanyilmaz.com\/index.php?rest_route=\/wp\/v2\/posts\/11892\/revisions"}],"wp:attachment":[{"href":"http:\/\/www.korhanyilmaz.com\/index.php?rest_route=%2Fwp%2Fv2%2Fmedia&parent=11892"}],"wp:term":[{"taxonomy":"category","embeddable":true,"href":"http:\/\/www.korhanyilmaz.com\/index.php?rest_route=%2Fwp%2Fv2%2Fcategories&post=11892"},{"taxonomy":"post_tag","embeddable":true,"href":"http:\/\/www.korhanyilmaz.com\/index.php?rest_route=%2Fwp%2Fv2%2Ftags&post=11892"}],"curies":[{"name":"wp","href":"https:\/\/api.w.org\/{rel}","templated":true}]}}