{"id":11888,"date":"2009-07-22T09:44:57","date_gmt":"2009-07-22T06:44:57","guid":{"rendered":"http:\/\/www.korhanyilmaz.com\/?p=11888"},"modified":"2009-07-22T09:44:57","modified_gmt":"2009-07-22T06:44:57","slug":"bilal-erdogan-terhis-oldu","status":"publish","type":"post","link":"http:\/\/www.korhanyilmaz.com\/?p=11888","title":{"rendered":"Bilal Erdo\u011fan 21 G\u00fcn sonra terhis oldu.."},"content":{"rendered":"<p style=\"text-align: center;\"><a href=\"http:\/\/www.korhanyilmaz.com\/wp-content\/uploads\/2009\/07\/220720091102467440605.jpg\"  class=\"lightview\"><img loading=\"lazy\" decoding=\"async\" class=\"size-full wp-image-11896 aligncenter\" src=\"http:\/\/www.korhanyilmaz.com\/wp-content\/uploads\/2009\/07\/220720091102467440605.jpg\" alt=\"\" width=\"329\" height=\"210\" \/><\/a><\/p>\n<p style=\"text-align: center;\">\n<p style=\"text-align: justify;\">Ba\u015fbakan Recep Tayyip Erdo\u011fan&#8217;\u0131n o\u011flu Bilal Erdo\u011fan, vatani g\u00f6revini yapt\u0131\u011f\u0131 Burdur 58. Piyade Er E\u011fitim Alay Komutanl\u0131\u011f\u0131&#8217;ndan terhis oldu.<\/p>\n<p style=\"text-align: justify;\">Ba\u015fbakan Erdo\u011fan&#8217;\u0131n k\u00fc\u00e7\u00fck o\u011flu Bilal Erdo\u011fan, 21 g\u00fcn yapt\u0131\u011f\u0131 d\u00f6viz bedelli askerli\u011fini tamamlad\u0131.<\/p>\n<p style=\"text-align: justify;\">6 bin 200 askerle 115. d\u00f6nem bedelli erler aras\u0131nda yer alan Erdo\u011fan, s\u0131rt\u0131nda T\u00fcrk bayra\u011f\u0131 ile birli\u011finden \u00e7\u0131kt\u0131.<\/p>\n<p style=\"text-align: justify;\">Erdo\u011fan birli\u011finden ayr\u0131lmadan \u00f6nce Burdur Valisi \u0130brahim \u00d6z\u00e7imenG\u00dcN ve Alay Komutan\u0131 K\u0131demli Albay Mehmet Hayta ile vedala\u015ft\u0131. <!--more--><\/p>\n<p style=\"text-align: justify;\">Birli\u011finden \u00e7\u0131karken baz\u0131 arkada\u015flar\u0131 ile vedala\u015fan, askerlerle tokala\u015fan Erdo\u011fan, &#8220;Vatani g\u00f6revimizi tamamlad\u0131k. \u00c7ok te\u015fekk\u00fcr ederim sizlere de. Burada bulundu\u011fumuz s\u00fcre i\u00e7inde nazik davrand\u0131n\u0131z. \u015eimdi de yolumuza \u00e7\u0131kaca\u011f\u0131z. 21 g\u00fcn \u00e7ok iyi ge\u00e7ti, hi\u00e7bir s\u0131k\u0131nt\u0131 olmad\u0131. \u00c7ok te\u015fekk\u00fcrler&#8221; dedi.<\/p>\n<p style=\"text-align: justify;\">Bilal Erdo\u011fan&#8217;\u0131 kap\u0131da Ba\u015fbakanl\u0131k koruma ekibi kar\u015f\u0131lad\u0131. Erdo\u011fan, koruma ekibiyle birlikte Burdur&#8217;dan ayr\u0131larak Antalya&#8217;ya ge\u00e7ti.<\/p>\n<p style=\"text-align: justify;\">TMSF Ba\u015fkan\u0131 Ahmet Ert\u00fcrk&#8217;\u00fcn o\u011flu Mustafa Ert\u00fcrk de Burdur&#8217;da yapt\u0131\u011f\u0131 d\u00f6viz bedelli askerlik g\u00f6revini tamamlayarak terhis olan askerler aras\u0131nda yer ald\u0131.<\/p>\n<p style=\"text-align: justify;\">Bu sezon Be\u015fikta\u015f&#8217;a transfer olan milli futbolcu Nihat Kahveci&#8217;nin ise iki g\u00fcn ge\u00e7 teslim oldu\u011fu i\u00e7in cuma g\u00fcn\u00fc terhis olaca\u011f\u0131 \u00f6\u011frenildi.<\/p>\n<p style=\"text-align: justify;\"><span style=\"color: #888888;\"><em>CNN T\u00dcRK<\/em><\/span><\/p>\n","protected":false},"excerpt":{"rendered":"<p style=\"text-align: center;\">\n<p style=\"text-align: center;\">\n<p style=\"text-align: justify;\">Ba\u015fbakan Recep Tayyip Erdo\u011fan&#8217;\u0131n o\u011flu Bilal Erdo\u011fan, vatani g\u00f6revini yapt\u0131\u011f\u0131 Burdur 58. Piyade Er E\u011fitim Alay Komutanl\u0131\u011f\u0131&#8217;ndan terhis oldu.<\/p>\n<p style=\"text-align: justify;\">Ba\u015fbakan Erdo\u011fan&#8217;\u0131n k\u00fc\u00e7\u00fck o\u011flu Bilal Erdo\u011fan, 21 g\u00fcn yapt\u0131\u011f\u0131 d\u00f6viz bedelli askerli\u011fini tamamlad\u0131.<\/p>\n<p style=\"text-align: justify;\">6 bin 200 askerle 115. d\u00f6nem bedelli erler aras\u0131nda yer alan <\/p>\n","protected":false},"author":1,"featured_media":0,"comment_status":"open","ping_status":"closed","sticky":false,"template":"","format":"standard","meta":{"footnotes":""},"categories":[105],"tags":[],"class_list":["post-11888","post","type-post","status-publish","format-standard","hentry","category-gundem","odd"],"_links":{"self":[{"href":"http:\/\/www.korhanyilmaz.com\/index.php?rest_route=\/wp\/v2\/posts\/11888","targetHints":{"allow":["GET"]}}],"collection":[{"href":"http:\/\/www.korhanyilmaz.com\/index.php?rest_route=\/wp\/v2\/posts"}],"about":[{"href":"http:\/\/www.korhanyilmaz.com\/index.php?rest_route=\/wp\/v2\/types\/post"}],"author":[{"embeddable":true,"href":"http:\/\/www.korhanyilmaz.com\/index.php?rest_route=\/wp\/v2\/users\/1"}],"replies":[{"embeddable":true,"href":"http:\/\/www.korhanyilmaz.com\/index.php?rest_route=%2Fwp%2Fv2%2Fcomments&post=11888"}],"version-history":[{"count":0,"href":"http:\/\/www.korhanyilmaz.com\/index.php?rest_route=\/wp\/v2\/posts\/11888\/revisions"}],"wp:attachment":[{"href":"http:\/\/www.korhanyilmaz.com\/index.php?rest_route=%2Fwp%2Fv2%2Fmedia&parent=11888"}],"wp:term":[{"taxonomy":"category","embeddable":true,"href":"http:\/\/www.korhanyilmaz.com\/index.php?rest_route=%2Fwp%2Fv2%2Fcategories&post=11888"},{"taxonomy":"post_tag","embeddable":true,"href":"http:\/\/www.korhanyilmaz.com\/index.php?rest_route=%2Fwp%2Fv2%2Ftags&post=11888"}],"curies":[{"name":"wp","href":"https:\/\/api.w.org\/{rel}","templated":true}]}}