{"id":11884,"date":"2009-07-20T17:22:12","date_gmt":"2009-07-20T14:22:12","guid":{"rendered":"http:\/\/www.korhanyilmaz.com\/?p=11884"},"modified":"2009-07-20T17:22:12","modified_gmt":"2009-07-20T14:22:12","slug":"yarsavdan-yemek-fotografina-yanit","status":"publish","type":"post","link":"http:\/\/www.korhanyilmaz.com\/?p=11884","title":{"rendered":"YARSAV&#039;dan yemek foto\u011fraf\u0131na yan\u0131t"},"content":{"rendered":"<p style=\"text-align: center;\"><img loading=\"lazy\" decoding=\"async\" class=\"size-full wp-image-11885 aligncenter\" title=\"Yarg\u0131\u00e7lar ve Savc\u0131lar Birli\u011fi (YARSAV) Ba\u015fkan\u0131 \u00d6mer Faruk Emina\u011fao\u011flu\" src=\"http:\/\/www.korhanyilmaz.com\/wp-content\/uploads\/2009\/07\/090720-\u00d6mer-Faruk-Emina\u011fao\u011flu-VM.widec.jpg\" alt=\"Yarg\u0131\u00e7lar ve Savc\u0131lar Birli\u011fi (YARSAV) Ba\u015fkan\u0131 \u00d6mer Faruk Emina\u011fao\u011flu\" width=\"298\" height=\"213\" \/><\/p>\n<p style=\"text-align: justify;\">Gazetelerde Ergenekon san\u0131klar\u0131 ve HSYK \u00fcyeleri ile yemek yerken foto\u011fraflar\u0131 \u00e7\u0131kan YARSAV Ba\u015fkan\u0131, istihbarat birimlerinin siyasi ama\u00e7larla kullan\u0131ld\u0131\u011f\u0131n\u0131 belirtti.<\/p>\n<p style=\"text-align: justify;\">ANKARA &#8211; Ergenekon san\u0131klar\u0131 ve HSYK \u00fcyeleri ile yemek yerken g\u00f6r\u00fcnt\u00fcleri bas\u0131na yans\u0131yan Yarg\u0131\u00e7lar ve Savc\u0131lar Birli\u011fi (YARSAV) Ba\u015fkan\u0131 \u00d6mer Faruk Emina\u011fao\u011flu, yaz\u0131l\u0131 bir a\u00e7\u0131klama ile su\u00e7lamalara yan\u0131t verdi.<\/p>\n<p style=\"text-align: justify;\">YARSAV Ba\u015fkan\u0131 Emina\u011fao\u011flu, insanlar\u0131n izlemeye al\u0131narak foto\u011fraflar\u0131n\u0131n \u00e7ekildi\u011fini ve tek yanl\u0131 \u00e7arp\u0131k art niyetli y\u00f6nlendirici yay\u0131nlar yap\u0131ld\u0131\u011f\u0131n\u0131 iddia etti.<!--more--><\/p>\n<p style=\"text-align: justify;\">Emina\u011fao\u011flu; &#8220;Bu yay\u0131nlar\u0131n belli bas\u0131n yay\u0131n organlar\u0131na servis edilmesi istihbarat birimlerinin kamusal ama\u00e7l\u0131 de\u011fil siyasi ama\u00e7l\u0131 \u00e7al\u0131\u015ft\u0131\u011f\u0131n\u0131n g\u00f6stergesidir&#8221; dedi. HSYK \u00fcyelerinin YARSAV&#8217;a \u00fcye olmas\u0131ndan do\u011fal bir\u015fey olamayaca\u011f\u0131n\u0131 belirten emina\u011fao\u011flu, s\u00f6zkonusu haberde ad\u0131 ge\u00e7en \u00fcye Ali Suat Ertosun&#8217;un YARSAV \u00fcyesi olmad\u0131\u011f\u0131n\u0131 da a\u00e7\u0131klad\u0131. Emina\u011fao\u011flu, &#8220;toplum y\u00f6nlendirilerek yarat\u0131lan korku toplumunda baltalanan hukuk devleti olur&#8221; dedi.<\/p>\n<p style=\"text-align: justify;\">Gizli izleme yap\u0131l\u0131p, an\u0131nda \u00f6zel ama\u00e7l\u0131 olarak belirli bas\u0131n organlar\u0131nda yay\u0131na konu ediliyorsa bu durumun resimleyen ki\u015filerin gizli \u00e7al\u0131\u015fmalar\u0131n\u0131, kamusal ama\u00e7l\u0131 de\u011fil siyasi ama\u00e7l\u0131 ve kamuoyu yaratmaya y\u00f6nelik yapt\u0131klar\u0131n\u0131 ortaya koydu\u011funu savunan Emina\u011fao\u011flu, bu ki\u015filerin g\u00f6revlerini k\u00f6t\u00fcye kulland\u0131\u011f\u0131n\u0131 ileri s\u00fcrd\u00fc.<\/p>\n<p style=\"text-align: justify;\"><span style=\"color: #888888;\">ntvmsnbc<\/span><\/p>\n","protected":false},"excerpt":{"rendered":"<p style=\"text-align: center;\">\n<p style=\"text-align: justify;\">Gazetelerde Ergenekon san\u0131klar\u0131 ve HSYK \u00fcyeleri ile yemek yerken foto\u011fraflar\u0131 \u00e7\u0131kan YARSAV Ba\u015fkan\u0131, istihbarat birimlerinin siyasi ama\u00e7larla kullan\u0131ld\u0131\u011f\u0131n\u0131 belirtti.<\/p>\n<p style=\"text-align: justify;\">ANKARA &#8211; Ergenekon san\u0131klar\u0131 ve HSYK \u00fcyeleri ile yemek yerken g\u00f6r\u00fcnt\u00fcleri bas\u0131na yans\u0131yan Yarg\u0131\u00e7lar ve Savc\u0131lar Birli\u011fi (YARSAV) Ba\u015fkan\u0131 \u00d6mer Faruk Emina\u011fao\u011flu, yaz\u0131l\u0131 bir a\u00e7\u0131klama ile su\u00e7lamalara yan\u0131t verdi.<\/p>\n","protected":false},"author":1,"featured_media":0,"comment_status":"open","ping_status":"closed","sticky":false,"template":"","format":"standard","meta":{"footnotes":""},"categories":[105],"tags":[],"class_list":["post-11884","post","type-post","status-publish","format-standard","hentry","category-gundem","odd"],"_links":{"self":[{"href":"http:\/\/www.korhanyilmaz.com\/index.php?rest_route=\/wp\/v2\/posts\/11884","targetHints":{"allow":["GET"]}}],"collection":[{"href":"http:\/\/www.korhanyilmaz.com\/index.php?rest_route=\/wp\/v2\/posts"}],"about":[{"href":"http:\/\/www.korhanyilmaz.com\/index.php?rest_route=\/wp\/v2\/types\/post"}],"author":[{"embeddable":true,"href":"http:\/\/www.korhanyilmaz.com\/index.php?rest_route=\/wp\/v2\/users\/1"}],"replies":[{"embeddable":true,"href":"http:\/\/www.korhanyilmaz.com\/index.php?rest_route=%2Fwp%2Fv2%2Fcomments&post=11884"}],"version-history":[{"count":0,"href":"http:\/\/www.korhanyilmaz.com\/index.php?rest_route=\/wp\/v2\/posts\/11884\/revisions"}],"wp:attachment":[{"href":"http:\/\/www.korhanyilmaz.com\/index.php?rest_route=%2Fwp%2Fv2%2Fmedia&parent=11884"}],"wp:term":[{"taxonomy":"category","embeddable":true,"href":"http:\/\/www.korhanyilmaz.com\/index.php?rest_route=%2Fwp%2Fv2%2Fcategories&post=11884"},{"taxonomy":"post_tag","embeddable":true,"href":"http:\/\/www.korhanyilmaz.com\/index.php?rest_route=%2Fwp%2Fv2%2Ftags&post=11884"}],"curies":[{"name":"wp","href":"https:\/\/api.w.org\/{rel}","templated":true}]}}