{"id":11880,"date":"2009-07-21T16:08:31","date_gmt":"2009-07-21T13:08:31","guid":{"rendered":"http:\/\/www.korhanyilmaz.com\/?p=11880"},"modified":"2009-07-21T16:08:31","modified_gmt":"2009-07-21T13:08:31","slug":"munevverin-babasi-basbakana-soruyor","status":"publish","type":"post","link":"http:\/\/www.korhanyilmaz.com\/?p=11880","title":{"rendered":"M\u00fcnevver&#039;in babas\u0131 Ba\u015fbakan&#039;a soruyor&#8230;"},"content":{"rendered":"<p style=\"text-align: center;\"><img loading=\"lazy\" decoding=\"async\" class=\"size-full wp-image-11881 aligncenter\" src=\"http:\/\/www.korhanyilmaz.com\/wp-content\/uploads\/2009\/07\/090721-sureyyakarabulut.widec.jpg\" alt=\"\" width=\"238\" height=\"179\" \/><\/p>\n<p style=\"text-align: justify;\">M\u00fcnevver Karabulut&#8217;un babas\u0131, Erdo\u011fan&#8217;\u0131n &#8220;Ya davulcuya, ya zurnac\u0131ya&#8230;&#8221; s\u00f6z\u00fcne tepki g\u00f6sterdi: &#8220;Ben evlad\u0131m\u0131n arkas\u0131nday\u0131m. Onun da \u00e7ocu\u011fu var. Bir \u00fclkenin ba\u015fbakan\u0131 kalk\u0131p &#8216;ya davulcuya ya zurnac\u0131ya&#8217; diyor, peki kurumlar nereye gidiyor?&#8221;<\/p>\n<p style=\"text-align: justify;\">\u0130STANBUL &#8211; M\u00fcnevver Karabulut&#8217;un Bolu&#8217;daki mezar\u0131 ba\u015f\u0131nda Do\u011fan Haber Ajans\u0131&#8217;ndan Mutlu Yuca&#8217;ya konu\u015fan baba S\u00fcreyya Karabulut, Ba\u015fbakan Recep Tayyip Erdo\u011fan&#8217;\u0131n, &#8220;Ailemiz, \u00e7olu\u011fumuz \u00e7ocu\u011fumuz nereye giderse gitsin diyemeyiz. Kendi ba\u015f\u0131na b\u0131rak\u0131lan ya davulcuya, ya zurnac\u0131ya&#8230;&#8221; s\u00f6zlerine, &#8220;Ben evlad\u0131m\u0131n arkas\u0131nday\u0131m&#8221; diyerek tepki g\u00f6sterdi. Ba\u015fbakan Erdo\u011fan, Pazar g\u00fcn\u00fc Ankara&#8217;da yap\u0131lan 3. Ola\u011fan \u0130l Kongresi&#8217;nde \u015funlar\u0131 s\u00f6ylemi\u015fti: &#8220;E\u011fer son zamanlarda baz\u0131 arzu edilmeyen cinayetler, katliamlar duyuyorsak anne-baba olarak kendimizi hesaba \u00e7ekmeliyiz. Acaba biz nerede hata yapt\u0131k?&#8221; <!--more--><\/p>\n<p style=\"text-align: justify;\"><strong>SEN\u0130N VAZ\u0130FEN KAT\u0130LLER\u0130 BULUP ORTAYA \u00c7IKARTMAK<\/strong><\/p>\n<p style=\"text-align: justify;\">Bolu&#8217;nun Mengen \u0130l\u00e7esi\u2019ne ba\u011fl\u0131 Kayaba\u015f\u0131 K\u00f6y\u00fc\u2019nde k\u0131z\u0131n\u0131n mezar\u0131n\u0131 ziyaret eden S\u00fcreyya Karabulut, Ba\u015fbakan&#8217;\u0131n s\u00f6zlerine \u015fu s\u00f6zlerle tepki verdi: \u201cBen evlad\u0131m\u0131n arkas\u0131nday\u0131m. Ba\u015fbakan, Adli T\u0131p\u2019taki kirli ili\u015fkileri neden d\u00fczeltmedi? Benim yavrum gitti. Onun da \u00e7ocu\u011fu var. Bir \u00fclkenin ba\u015fbakan\u0131 kalk\u0131p da diyebiliyorsa ki \u2018ya davulcuya ya zurnac\u0131ya giderse&#8230;\u2019 Pekala kurumlar nereye gitti? Adli T\u0131p\u2019taki rezilli\u011fi kepazeli\u011fi nas\u0131l g\u00f6rmezlikten gelirsin! Devlet k\u0131z\u0131m\u0131 lekeledi. Leke s\u00fcr\u00fcld\u00fc ama temizlendi. Benim k\u0131nal\u0131 kuzum gitti. Senin vazifen katilleri bulup ortaya \u00e7\u0131kartmak. Neden \u00e7\u0131kartam\u0131yorsun? Ba\u015fbakan\u2019dan istedi\u011fim \u015fu: Kurumlar\u0131n\u0131 d\u00fczeltsin. Kurumlar\u0131 d\u00fczelmedi\u011fi s\u00fcrece bu \u00fclke d\u00fczelmez. Bu \u00fclkenin kurumlar\u0131n\u0131n p\u0131r\u0131l p\u0131r\u0131l olmas\u0131 laz\u0131m. Yoksa insanlar lekeleniyor, zan alt\u0131nda b\u0131rak\u0131l\u0131yor.\u201d<\/p>\n<p style=\"text-align: justify;\"><span style=\"color: #888888;\">ntvmsnbc<\/span><\/p>\n","protected":false},"excerpt":{"rendered":"<p style=\"text-align: center;\">\n<p style=\"text-align: justify;\">M\u00fcnevver Karabulut&#8217;un babas\u0131, Erdo\u011fan&#8217;\u0131n &#8220;Ya davulcuya, ya zurnac\u0131ya&#8230;&#8221; s\u00f6z\u00fcne tepki g\u00f6sterdi: &#8220;Ben evlad\u0131m\u0131n arkas\u0131nday\u0131m. Onun da \u00e7ocu\u011fu var. Bir \u00fclkenin ba\u015fbakan\u0131 kalk\u0131p &#8216;ya davulcuya ya zurnac\u0131ya&#8217; diyor, peki kurumlar nereye gidiyor?&#8221;<\/p>\n<p style=\"text-align: justify;\">\u0130STANBUL &#8211; M\u00fcnevver Karabulut&#8217;un Bolu&#8217;daki mezar\u0131 ba\u015f\u0131nda Do\u011fan Haber Ajans\u0131&#8217;ndan Mutlu Yuca&#8217;ya konu\u015fan baba S\u00fcreyya Karabulut, Ba\u015fbakan <\/p>\n","protected":false},"author":1,"featured_media":0,"comment_status":"open","ping_status":"closed","sticky":false,"template":"","format":"standard","meta":{"footnotes":""},"categories":[105],"tags":[],"class_list":["post-11880","post","type-post","status-publish","format-standard","hentry","category-gundem","odd"],"_links":{"self":[{"href":"http:\/\/www.korhanyilmaz.com\/index.php?rest_route=\/wp\/v2\/posts\/11880","targetHints":{"allow":["GET"]}}],"collection":[{"href":"http:\/\/www.korhanyilmaz.com\/index.php?rest_route=\/wp\/v2\/posts"}],"about":[{"href":"http:\/\/www.korhanyilmaz.com\/index.php?rest_route=\/wp\/v2\/types\/post"}],"author":[{"embeddable":true,"href":"http:\/\/www.korhanyilmaz.com\/index.php?rest_route=\/wp\/v2\/users\/1"}],"replies":[{"embeddable":true,"href":"http:\/\/www.korhanyilmaz.com\/index.php?rest_route=%2Fwp%2Fv2%2Fcomments&post=11880"}],"version-history":[{"count":0,"href":"http:\/\/www.korhanyilmaz.com\/index.php?rest_route=\/wp\/v2\/posts\/11880\/revisions"}],"wp:attachment":[{"href":"http:\/\/www.korhanyilmaz.com\/index.php?rest_route=%2Fwp%2Fv2%2Fmedia&parent=11880"}],"wp:term":[{"taxonomy":"category","embeddable":true,"href":"http:\/\/www.korhanyilmaz.com\/index.php?rest_route=%2Fwp%2Fv2%2Fcategories&post=11880"},{"taxonomy":"post_tag","embeddable":true,"href":"http:\/\/www.korhanyilmaz.com\/index.php?rest_route=%2Fwp%2Fv2%2Ftags&post=11880"}],"curies":[{"name":"wp","href":"https:\/\/api.w.org\/{rel}","templated":true}]}}