{"id":11876,"date":"2009-07-22T09:32:59","date_gmt":"2009-07-22T06:32:59","guid":{"rendered":"http:\/\/www.korhanyilmaz.com\/?p=11876"},"modified":"2009-07-22T09:32:59","modified_gmt":"2009-07-22T06:32:59","slug":"maliye-bakanligi-tedbir-calismasi-yok","status":"publish","type":"post","link":"http:\/\/www.korhanyilmaz.com\/?p=11876","title":{"rendered":"Maliye Bakanl\u0131\u011f\u0131: Tedbir \u00e7al\u0131\u015fmas\u0131 yok"},"content":{"rendered":"<p style=\"text-align: justify;\"><a href=\"http:\/\/www.korhanyilmaz.com\/wp-content\/uploads\/2009\/07\/para.jpg\"  class=\"lightview\"><img loading=\"lazy\" decoding=\"async\" class=\"size-full wp-image-11877 alignleft\" style=\"margin-left: 15px; margin-right: 15px;\" src=\"http:\/\/www.korhanyilmaz.com\/wp-content\/uploads\/2009\/07\/para.jpg\" alt=\"\" width=\"292\" height=\"175\" \/><\/a>B\u00fct\u00e7e a\u00e7\u0131\u011f\u0131 ilk 6 ayda 13 kat artt\u0131, 23.2 milyar liraya \u00e7\u0131kt\u0131. Gelirler azal\u0131p harcamalar art\u0131nca h\u00fck\u00fcmet de vergi art\u0131\u015f\u0131na gitti ve baz\u0131 vergileri art\u0131rd\u0131. Ancak h\u00fck\u00fcmetin gelirleri art\u0131rmak i\u00e7in yeni tedbirler almay\u0131 planlad\u0131\u011f\u0131 haberleri de yay\u0131ld\u0131. Maliye Bakanl\u0131\u011f\u0131 ise yaz\u0131l\u0131 a\u00e7\u0131klama yapt\u0131, &#8220;Tedbir \u00e7al\u0131\u015fmas\u0131 yok&#8221; dedi.<\/p>\n<p style=\"text-align: justify;\">Maliye Bakanl\u0131\u011f\u0131, &#8220;emlak vergisi ve motorlu ta\u015f\u0131tlar vergisine bir taksit daha eklenece\u011fi, belediyelere aktar\u0131lacak kayna\u011f\u0131n k\u0131s\u0131tlanaca\u011f\u0131, maa\u015fa esas haftal\u0131k ders saat \u00fccretinin 20 saate \u00e7\u0131kart\u0131laca\u011f\u0131&#8221; gibi ek tedbir \u00e7al\u0131\u015fmalar\u0131n\u0131n do\u011fru olmad\u0131\u011f\u0131n\u0131 belirtti.<\/p>\n<p style=\"text-align: justify;\">Bakanl\u0131k a\u00e7\u0131klamas\u0131nda, &#8220;Orta vadeli program karara ba\u011flanmadan ve \u00e7al\u0131\u015fmalar tamamlanmadan yap\u0131lan de\u011ferlendirmeler do\u011fru de\u011fil&#8221; denildi.<\/p>\n<p style=\"text-align: justify;\"><span style=\"color: #888888;\"><em>CNN T\u00dcRK<\/em><\/span><\/p>\n","protected":false},"excerpt":{"rendered":"<p style=\"text-align: justify;\">B\u00fct\u00e7e a\u00e7\u0131\u011f\u0131 ilk 6 ayda 13 kat artt\u0131, 23.2 milyar liraya \u00e7\u0131kt\u0131. Gelirler azal\u0131p harcamalar art\u0131nca h\u00fck\u00fcmet de vergi art\u0131\u015f\u0131na gitti ve baz\u0131 vergileri art\u0131rd\u0131. Ancak h\u00fck\u00fcmetin gelirleri art\u0131rmak i\u00e7in yeni tedbirler almay\u0131 planlad\u0131\u011f\u0131 haberleri de yay\u0131ld\u0131. Maliye Bakanl\u0131\u011f\u0131 ise yaz\u0131l\u0131 a\u00e7\u0131klama yapt\u0131, &#8220;Tedbir \u00e7al\u0131\u015fmas\u0131 yok&#8221; dedi.<\/p>\n<p style=\"text-align: justify;\">Maliye Bakanl\u0131\u011f\u0131, &#8220;emlak vergisi <\/p>\n","protected":false},"author":1,"featured_media":0,"comment_status":"open","ping_status":"closed","sticky":false,"template":"","format":"standard","meta":{"footnotes":""},"categories":[7],"tags":[],"class_list":["post-11876","post","type-post","status-publish","format-standard","hentry","category-ekonomi","odd"],"_links":{"self":[{"href":"http:\/\/www.korhanyilmaz.com\/index.php?rest_route=\/wp\/v2\/posts\/11876","targetHints":{"allow":["GET"]}}],"collection":[{"href":"http:\/\/www.korhanyilmaz.com\/index.php?rest_route=\/wp\/v2\/posts"}],"about":[{"href":"http:\/\/www.korhanyilmaz.com\/index.php?rest_route=\/wp\/v2\/types\/post"}],"author":[{"embeddable":true,"href":"http:\/\/www.korhanyilmaz.com\/index.php?rest_route=\/wp\/v2\/users\/1"}],"replies":[{"embeddable":true,"href":"http:\/\/www.korhanyilmaz.com\/index.php?rest_route=%2Fwp%2Fv2%2Fcomments&post=11876"}],"version-history":[{"count":0,"href":"http:\/\/www.korhanyilmaz.com\/index.php?rest_route=\/wp\/v2\/posts\/11876\/revisions"}],"wp:attachment":[{"href":"http:\/\/www.korhanyilmaz.com\/index.php?rest_route=%2Fwp%2Fv2%2Fmedia&parent=11876"}],"wp:term":[{"taxonomy":"category","embeddable":true,"href":"http:\/\/www.korhanyilmaz.com\/index.php?rest_route=%2Fwp%2Fv2%2Fcategories&post=11876"},{"taxonomy":"post_tag","embeddable":true,"href":"http:\/\/www.korhanyilmaz.com\/index.php?rest_route=%2Fwp%2Fv2%2Ftags&post=11876"}],"curies":[{"name":"wp","href":"https:\/\/api.w.org\/{rel}","templated":true}]}}