{"id":11870,"date":"2009-07-22T08:21:06","date_gmt":"2009-07-22T05:21:06","guid":{"rendered":"http:\/\/www.korhanyilmaz.com\/?p=11870"},"modified":"2009-07-22T08:21:06","modified_gmt":"2009-07-22T05:21:06","slug":"basbakan-dtp-ile-gorusmeli","status":"publish","type":"post","link":"http:\/\/www.korhanyilmaz.com\/?p=11870","title":{"rendered":"&#039;Ba\u015fbakan, DTP ile g\u00f6r\u00fc\u015fmeli&#039;"},"content":{"rendered":"<div id=\"attachment_11871\" style=\"width: 339px\" class=\"wp-caption aligncenter\"><img loading=\"lazy\" decoding=\"async\" aria-describedby=\"caption-attachment-11871\" class=\"size-full wp-image-11871\" src=\"http:\/\/www.korhanyilmaz.com\/wp-content\/uploads\/2009\/07\/220720090824373296600.jpg\" alt=\"\" width=\"329\" height=\"210\" \/><p id=\"caption-attachment-11871\" class=\"wp-caption-text\">AKP Hakkari Milletvekili R\u00fcstem Zeydan<\/p><\/div>\n<p style=\"text-align: justify;\"><em><strong>AKP&#8217;li milletvekili ROJ TV&#8217;ye konu\u015ftu. <\/strong><\/em><\/p>\n<p style=\"text-align: justify;\">ROJ TV\u2019ye konu\u015fan AKP Hakkari Milletvekili R\u00fcstem Zeydan, K\u00fcrt sorununun \u00e7\u00f6z\u00fcm\u00fc i\u00e7in Ba\u015fbakan Erdo\u011fan\u2019\u0131n DTP ile g\u00f6r\u00fc\u015fmesi gerekti\u011fini belirterek, \u201cBen inan\u0131yorum ki bu sorun \u00e7\u00f6z\u00fclecek. Bu sorunun \u00e7\u00f6z\u00fcm\u00fcn\u00fcn adresi Meclis\u2019tir. Bu sorununun \u00e7\u00f6z\u00fcm\u00fcne katk\u0131 sunacak taraf veya ki\u015filer de masaya davet edilmelidir\u201d diye konu\u015ftu.<\/p>\n<p style=\"text-align: justify;\">AKP Hakkari Milltvekili R\u00fcstem Zeydan ROJ TV\u2019de yay\u0131nlanan Roj Akt\u00fcel program\u0131na konu\u015ftu. Gazeteci Erdal Er\u2019in sorular\u0131n\u0131 yan\u0131tlayan R\u00fcstem Zeydan, K\u00fcrt sorununun sadece b\u00f6lgeyi de\u011fil, T\u00fcrkiye\u2019yi, hatta \u00fclkenin yak\u0131n co\u011fraflar\u0131n\u0131 etkiledi\u011fini s\u00f6yledi. B\u00fct\u00fcn taraflar\u0131n bu sorunun \u00e7\u00f6z\u00fcm\u00fc konusunda \u00fczerine d\u00fc\u015feni yapmas\u0131 gerekti\u011fine dikkat \u00e7eken Zeydan, \u201c30 y\u0131la yak\u0131nd\u0131r bir s\u0131knt\u0131 var. Dolay\u0131s\u0131yla bu ola\u011fan\u00fcst\u00fc hal ve olanan d\u0131\u015f\u0131 durum \u00fclkenin her k\u00f6\u015fesini etkilemektedir. Demek ki gelinen noktada demokratik \u00e7\u00f6z\u00fcm ad\u0131na herkes ete\u011findeki ta\u015flar\u0131 d\u00f6kmelidir. T\u00fcrkiye\u2019nin 300 milyar dolara yak\u0131n kayb\u0131 var. Bunun yan\u0131 s\u0131ra art\u0131k kan ve g\u00f6zya\u015f\u0131 son bulmalad\u0131r\u201d dedi. <!--more--><\/p>\n<p style=\"text-align: justify;\">Ter\u00f6r \u00f6rg\u00fct\u00fc PKK&#8217;ya yak\u0131nl\u0131\u011f\u0131yla bilinen bir internet sitesinin haberine g\u00f6re bir AKP milletvekili olarak K\u00fcrt sorununun \u00e7\u00f6z\u00fcm\u00fcne olan inanc\u0131n\u0131n tam oldu\u011funu ifade eden Zeydan, \u201cBiz \u00fclkenin her k\u00f6\u015fesinde oy alan bir partiyiz. Bu ortak sorun ortada duruyor ve bunu AKP \u00e7\u00f6zmelidir ve AKP \u00e7\u00f6zecektir. Ben de buna y\u00fcr\u00fckten inan\u0131yorum. Demokratik bir a\u00e7\u0131l\u0131mdan ve demokratik bir \u00e7\u00f6z\u00fcmden s\u00f6z ediyorsak demokratik hayat\u0131n i\u00e7ersindeki siyasi partilere mutlaka kulak vermeniz laz\u0131m. DTP\u2019yi herkesin muhatap almas\u0131 ve diyalog kurmas\u0131nda b\u00fcy\u00fck fayda vard\u0131r. Bu muhatapl\u0131\u011f\u0131n bir an \u00f6nce ger\u00e7ekle\u015ftirece\u011fine inan\u0131yorum\u201d diye konu\u015ftu.<\/p>\n<p style=\"text-align: justify;\"><strong>\u2018BA\u015eBAKAN DTP \u0130LE G\u00d6R\u00dc\u015eMEL\u0130\u2019 <\/strong><\/p>\n<p style=\"text-align: justify;\">DTP\u2019nin Erdo\u011fan ile g\u00f6r\u00fc\u015fme talebine de a\u00e7\u0131kl\u0131k getiren Zeydan s\u00f6zlerini \u015f\u00f6yle s\u00fcrd\u00fcrd\u00fc: \u201cBa\u015fbakan belkide yo\u011fun program\u0131 dolay\u0131s\u0131yla ya da konu \u00e7ok \u00e7etrefilli ve g\u00fcncel oldu\u011fu i\u00e7in yine kamuoyu ile payla\u015f\u0131lmas\u0131 kadar payla\u015f\u0131lmas\u0131 gereken bir konu oldu\u011fu i\u00e7in g\u00f6r\u00fc\u015fmemi\u015f olabilir. Say\u0131n Ba\u015fbakan\u2019\u0131n DTP ile g\u00f6r\u00fc\u015fmesi laz\u0131m. DTP\u2019yi herkesin muhatap almas\u0131 laz\u0131m.\u201d<\/p>\n<p style=\"text-align: justify;\"><strong>\u2018TARAFLAR VEYA K\u0130\u015e\u0130LER MASAYA BUYUR ED\u0130LMEL\u0130D\u0130R\u2019<\/strong><\/p>\n<p style=\"text-align: justify;\">\u00c7\u00f6z\u00fcm\u00fcn adresinin TBMM oldu\u011funu s\u00f6yleyen Zeydan, \u201cDTP \u00f6nemli bir patnerdir ve sorunun \u00e7\u00f6z\u00fcm yeri Meclis\u2019tir. Sorunun \u00e7\u00f6z\u00fcm\u00fcne katl\u0131 sunacak taraflar veya ki\u015filer art\u0131k Masaya buyur edilmelidir. Bu sorunun \u00e7\u00f6z\u00fclece\u011fine y\u00f6nelik \u00e7ok umutluyum. H\u00fck\u00fcmet \u00fcyesi de\u011filim ama milletvekiliyim. Dolay\u0131s\u0131yla katk\u0131 vermeye haz\u0131r\u0131m. Daha fazla ge\u00e7 kal\u0131rsak \u00fclkemiz i\u00e7in ge\u00e7 kal\u0131r\u0131z\u201d diyerek s\u00f6zlerini noktalad\u0131.<\/p>\n<p style=\"text-align: justify;\"><span style=\"color: #888888;\"><em>Kaynak : Vatan<\/em><\/span><\/p>\n","protected":false},"excerpt":{"rendered":"<p id=\"caption-attachment-11871\" class=\"wp-caption-text\">AKP Hakkari Milletvekili R\u00fcstem Zeydan<\/p>\n<p style=\"text-align: justify;\">AKP&#8217;li milletvekili ROJ TV&#8217;ye konu\u015ftu. <\/p>\n<p style=\"text-align: justify;\">ROJ TV\u2019ye konu\u015fan AKP Hakkari Milletvekili R\u00fcstem Zeydan, K\u00fcrt sorununun \u00e7\u00f6z\u00fcm\u00fc i\u00e7in Ba\u015fbakan Erdo\u011fan\u2019\u0131n DTP ile g\u00f6r\u00fc\u015fmesi gerekti\u011fini belirterek, \u201cBen inan\u0131yorum ki bu sorun \u00e7\u00f6z\u00fclecek. Bu sorunun \u00e7\u00f6z\u00fcm\u00fcn\u00fcn adresi Meclis\u2019tir. Bu sorununun \u00e7\u00f6z\u00fcm\u00fcne katk\u0131 sunacak taraf veya ki\u015filer <\/p>\n","protected":false},"author":1,"featured_media":0,"comment_status":"open","ping_status":"closed","sticky":false,"template":"","format":"standard","meta":{"footnotes":""},"categories":[105],"tags":[],"class_list":["post-11870","post","type-post","status-publish","format-standard","hentry","category-gundem","odd"],"_links":{"self":[{"href":"http:\/\/www.korhanyilmaz.com\/index.php?rest_route=\/wp\/v2\/posts\/11870","targetHints":{"allow":["GET"]}}],"collection":[{"href":"http:\/\/www.korhanyilmaz.com\/index.php?rest_route=\/wp\/v2\/posts"}],"about":[{"href":"http:\/\/www.korhanyilmaz.com\/index.php?rest_route=\/wp\/v2\/types\/post"}],"author":[{"embeddable":true,"href":"http:\/\/www.korhanyilmaz.com\/index.php?rest_route=\/wp\/v2\/users\/1"}],"replies":[{"embeddable":true,"href":"http:\/\/www.korhanyilmaz.com\/index.php?rest_route=%2Fwp%2Fv2%2Fcomments&post=11870"}],"version-history":[{"count":0,"href":"http:\/\/www.korhanyilmaz.com\/index.php?rest_route=\/wp\/v2\/posts\/11870\/revisions"}],"wp:attachment":[{"href":"http:\/\/www.korhanyilmaz.com\/index.php?rest_route=%2Fwp%2Fv2%2Fmedia&parent=11870"}],"wp:term":[{"taxonomy":"category","embeddable":true,"href":"http:\/\/www.korhanyilmaz.com\/index.php?rest_route=%2Fwp%2Fv2%2Fcategories&post=11870"},{"taxonomy":"post_tag","embeddable":true,"href":"http:\/\/www.korhanyilmaz.com\/index.php?rest_route=%2Fwp%2Fv2%2Ftags&post=11870"}],"curies":[{"name":"wp","href":"https:\/\/api.w.org\/{rel}","templated":true}]}}