{"id":11866,"date":"2009-07-21T16:07:23","date_gmt":"2009-07-21T13:07:23","guid":{"rendered":"http:\/\/www.korhanyilmaz.com\/?p=11866"},"modified":"2009-07-21T16:07:23","modified_gmt":"2009-07-21T13:07:23","slug":"ergenekoncu-polisler-bu-makineyi-cok-sevecek","status":"publish","type":"post","link":"http:\/\/www.korhanyilmaz.com\/?p=11866","title":{"rendered":"Ergenekoncu Polisler Bu Makineyi \u00c7ok Sevecek"},"content":{"rendered":"<p style=\"text-align: center;\"><img loading=\"lazy\" decoding=\"async\" class=\"size-full wp-image-11867 aligncenter\" src=\"http:\/\/www.korhanyilmaz.com\/wp-content\/uploads\/2009\/07\/2009-07-22_091230.png\" alt=\"\" width=\"367\" height=\"191\" \/><\/p>\n<p style=\"text-align: justify;\">Ergenekon operasyonu s\u00fcrecinde \u201cbelgelere\u201d dayanarak haz\u0131rlad\u0131\u011f\u0131 haberlerle amat\u00f6r videolara bile konu olmu\u015f <em>Taraf<\/em> gazetesi, bundan be\u015f hafta kadar \u00f6nce, \u201cAKP ve G\u00fclen\u2019i bitirme plan\u0131\u201d man\u015fetiyle \u00e7\u0131k\u0131yordu. Mehmet Baransu imzas\u0131yla \u00e7\u0131kan haber, yine bir \u201cbelge\u201dye, Genelkurmay Harek\u00e2t Ba\u015fkanl\u0131\u011f\u0131 3. Destek \u015eube M\u00fcd\u00fcrl\u00fc\u011f\u00fc\u2019nde haz\u0131rland\u0131\u011f\u0131 ve Albay Dursun \u00c7i\u00e7ek\u2019in imzalad\u0131\u011f\u0131 ileri s\u00fcr\u00fclen bir \u201cbelge\u201dye dayan\u0131yordu. S\u00f6z konusu \u201cbelge\u201d, \u201c\u0130rticayla M\u00fccadele Eylem Plan\u0131\u201d ba\u015fl\u0131\u011f\u0131n\u0131 ta\u015f\u0131yor ve bu \u201cplan\u201d ise AKP ve Fethullah G\u00fclen cemaatini hedef al\u0131yordu. T\u00fcrkiye, b\u00f6ylesi bir plan\u0131n ger\u00e7ekten Genelkurmay Ba\u015fkanl\u0131\u011f\u0131\u2019nda haz\u0131rlan\u0131p haz\u0131rlanmad\u0131\u011f\u0131n\u0131n ve buna ba\u011fl\u0131 olarak gelecekte ne ya\u015fanaca\u011f\u0131n\u0131n merak\u0131 i\u00e7inde, \u00e7alkalan\u0131yordu. Haftalarca s\u00fcrecek olan tart\u0131\u015fma devam ederken, asker\u00ee yarg\u0131, s\u00f6z konusu \u201cbelge\u201dnin Genelkurmay Ba\u015fkanl\u0131\u011f\u0131\u2019nda haz\u0131rlanmad\u0131\u011f\u0131na ve eldeki fotokopideki imzan\u0131n ger\u00e7ekten Albay Dursun \u00c7i\u00e7ek\u2019e ait olup olmad\u0131\u011f\u0131n\u0131n anla\u015f\u0131lmas\u0131n\u0131n mevcut olanaklar dahilinde m\u00fcmk\u00fcn olmad\u0131\u011f\u0131na h\u00fckmediyor, ilaveten \u00c7i\u00e7ek hakk\u0131nda soru\u015fturmaya gerek olmad\u0131\u011f\u0131 sonucuna var\u0131yordu. Olay\u0131n sonraki seyrinde, Albay \u00c7i\u00e7ek, Ergenekon operasyonunu y\u00fcr\u00fcten savc\u0131lar taraf\u0131ndan \u00f6nce tutuklanacak, daha sonra ise tahliye edilecektir. <!--more--><\/p>\n<p style=\"text-align: justify;\">Bug\u00fcn neredeyse sona erdirilmi\u015f gibi g\u00f6r\u00fcnen \u201cbelge\u201d tart\u0131\u015fmas\u0131nda, \u00fczerine en \u00e7ok vurgu yap\u0131lan noktalardan biri de \u201cbelge\u201dnin asl\u0131n\u0131n bulunmas\u0131 gerekti\u011fi ve \u201cbelge\u201dnin ger\u00e7ek olup olmad\u0131\u011f\u0131n\u0131n ancak ve ancak asl\u0131n\u0131n \u00fczerindeki \u201c\u0131slak imzaya\u201d bak\u0131larak anla\u015f\u0131labilece\u011fiydi. \u201cIslak imza\u201d, anahtar bir kavram olarak ortaya \u00e7\u0131k\u0131yordu, zira \u201c\u0131slak imza\u201d, ne t\u00fcrden kalem oyununa ba\u015fvurulursa ba\u015fvurulsun, ki\u015fiyi ele veriyordu; anlat\u0131lan, budur. Bu s\u0131rad\u0131\u015f\u0131 olayda \u015fimdilik bizi ilgilendiren de bu \u201c\u0131slak imza\u201d tart\u0131\u015fmas\u0131 oluyor, \u00e7\u00fcnk\u00fc \u201c\u0131slak imza\u201d san\u0131ld\u0131\u011f\u0131 gibi taklit edilemez de\u011fil, bunun i\u00e7in \u00fcretilmi\u015f makineler var.<\/p>\n<p style=\"text-align: justify;\">Yukar\u0131daki resimde, \u201cotomatik imza sistemi\u201d olarak adland\u0131r\u0131lan sistemle \u00e7al\u0131\u015fan makine var. Arayanlar internet \u00fczerinden bulabileceklerdir, ancak makinenin \u00fcretimini yapan firman\u0131n tan\u0131t\u0131m\u0131n\u0131 yapmamak i\u00e7in ismini ve internet sayfas\u0131n\u0131 vermemeyi tercih ediyorum. Bu konuda cihaz ve teknoloji geli\u015ftiren ve kendisini \u201cel yaz\u0131s\u0131 otomasyonunda d\u00fcnya lideri\u201d olarak tan\u0131tan bir firma var. Firman\u0131n internet sayfas\u0131nda, yukar\u0131da resmini g\u00f6sterdi\u011fimiz model gibi birka\u00e7 model daha bulunuyor.<\/p>\n<p style=\"text-align: justify;\">Firman\u0131n internet sayfas\u0131ndaki, s\u0131k sorulan sorular ve cevaplar\u0131na yer verilen b\u00f6l\u00fcmde, bir imza makinesinin ne oldu\u011fu soruluyor. Yan\u0131t, bir imza makinesinin, bir \u015fahsa ait el yaz\u0131s\u0131n\u0131 ve imzay\u0131, yaz\u0131\u015fma, resim, tebrik kart\u0131, kitap ve diploma gibi pek \u00e7ok t\u00fcrden belgenin \u00fczerine yerle\u015ftirebilen bir makine oldu\u011fudur. T\u00fckenmez kalemden dolmakaleme pek \u00e7ok t\u00fcrde \u00f6zel kaleminin mevcut oldu\u011funa dair duyuru, yine s\u00f6z konusu firman\u0131n internet sitesinde mevcut. S\u00f6z konusu internet sitesinde dikkat \u00e7eken bir nokta daha var: En iyi sonucun al\u0131nabilmesi i\u00e7in \u00fc\u00e7 adet orijinal imzan\u0131n kendilerine yollanmas\u0131 tavsiye ediliyor. Bilgisayar ortam\u0131nda kullan\u0131labilecek bir \u201cimza dosyas\u0131\u201d i\u00e7in bu orijinal imzalar gerekli oluyor. Bu imzalar, bir orijinal resim dosyas\u0131yla yollanabilece\u011fi gibi, faksla da yollanabiliyor. Resim dosyas\u0131 olmas\u0131 h\u00e2linde, tercihen siyah-beyaz ve resim \u00e7\u00f6z\u00fcn\u00fcrl\u00fc\u011f\u00fcn\u00fcn en az 300 dpi olmas\u0131; faks olmas\u0131 h\u00e2lindeyse, faks\u0131n, faks makinesinin izin verdi\u011fi en y\u00fcksek \u00e7\u00f6z\u00fcn\u00fcrl\u00fckle g\u00f6nderilmesi isteniyor. Firma, ayr\u0131ca, makul bir \u00fccretlendirme kar\u015f\u0131l\u0131\u011f\u0131nda, Word ve Wordperfect gibi bilgisayar ve ofis programlar\u0131nda kullan\u0131labilecek bir imza dosyas\u0131n\u0131n olu\u015fturulabilece\u011fini il\u00e2n ediyor. Ba\u015fka deyi\u015fle, \u00fc\u00e7 adet imzas\u0131na sahip oldu\u011funuz birinin imzas\u0131n\u0131, bilgisayar ve ofis programlar\u0131nda bile kullanabiliyorsunuz. Bu sayede, \u201cimzal\u0131 belgeler\u201d basabiliyorsunuz.<\/p>\n<p style=\"text-align: justify;\"><strong> <\/strong><\/p>\n<p style=\"text-align: justify;\">Ba\u015fa d\u00f6necek olursam, b\u00fcy\u00fck g\u00fcr\u00fclt\u00fc koparan \u201c\u0130rticayla M\u00fccadele Eylem Plan\u0131\u201dn\u0131n asl\u0131n\u0131n bir t\u00fcrl\u00fc bulunamad\u0131\u011f\u0131n\u0131 hat\u0131rlatay\u0131m. Eldeki fotokopinin asl\u0131n\u0131n incelenmesinin, \u201cbelge\u201dnin ger\u00e7ekten Albay Dursun \u00c7i\u00e7ek taraf\u0131ndan imzalan\u0131p imzalanmad\u0131\u011f\u0131n\u0131n anla\u015f\u0131lmas\u0131 bak\u0131m\u0131ndan zorunlu oldu\u011fu, \u00e7\u00fcnk\u00fc esas olarak \u201c\u0131slak imza\u201dn\u0131n incelenmesi gerekti\u011fi hep belirtildi. Ancak g\u00f6zden ka\u00e7\u0131r\u0131lan nokta, mevcut teknoloji ile imzal\u0131 ve orijinal bir belgenin \u00fcretilebilece\u011fi oluyor. Dolay\u0131s\u0131yla, s\u00f6z konusu \u201cbelge\u201d olay\u0131nda da, eldeki fotokopinin \u201casl\u0131n\u0131n\u201d incelenmesinden bile kesin bir sonuca var\u0131lamayabilece\u011fi ortaya \u00e7\u0131k\u0131yor.<\/p>\n<p style=\"text-align: justify;\"><strong>Not: <\/strong>Bu yaz\u0131, sitemizde \u201chiper mario\u201d ismiyle yorumlar yazan okurumuzun yorumlar\u0131ndan birinde konuya ili\u015fkin bilgilendirmesi sayesinde ve verdi\u011fi bilgiler \u00fczerinden gidilerek yaz\u0131lm\u0131\u015ft\u0131r; kendisine te\u015fekk\u00fcr ediyoruz.<\/p>\n<p style=\"text-align: justify;\"><em><span style=\"color: #888888;\">Emre \u00d6zsuda<br \/>\n<\/span><\/em>\n<\/p>\n<p style=\"text-align: justify;\"><em><span style=\"color: #888888;\">Odatv.com &#8211; 21 Temmuz 2009<\/span><\/em><\/p>\n","protected":false},"excerpt":{"rendered":"<p style=\"text-align: center;\">\n<p style=\"text-align: justify;\">Ergenekon operasyonu s\u00fcrecinde \u201cbelgelere\u201d dayanarak haz\u0131rlad\u0131\u011f\u0131 haberlerle amat\u00f6r videolara bile konu olmu\u015f Taraf gazetesi, bundan be\u015f hafta kadar \u00f6nce, \u201cAKP ve G\u00fclen\u2019i bitirme plan\u0131\u201d man\u015fetiyle \u00e7\u0131k\u0131yordu. Mehmet Baransu imzas\u0131yla \u00e7\u0131kan haber, yine bir \u201cbelge\u201dye, Genelkurmay Harek\u00e2t Ba\u015fkanl\u0131\u011f\u0131 3. Destek \u015eube M\u00fcd\u00fcrl\u00fc\u011f\u00fc\u2019nde haz\u0131rland\u0131\u011f\u0131 ve Albay Dursun \u00c7i\u00e7ek\u2019in imzalad\u0131\u011f\u0131 ileri s\u00fcr\u00fclen bir <\/p>\n","protected":false},"author":1,"featured_media":0,"comment_status":"open","ping_status":"closed","sticky":false,"template":"","format":"standard","meta":{"footnotes":""},"categories":[105],"tags":[],"class_list":["post-11866","post","type-post","status-publish","format-standard","hentry","category-gundem","odd"],"_links":{"self":[{"href":"http:\/\/www.korhanyilmaz.com\/index.php?rest_route=\/wp\/v2\/posts\/11866","targetHints":{"allow":["GET"]}}],"collection":[{"href":"http:\/\/www.korhanyilmaz.com\/index.php?rest_route=\/wp\/v2\/posts"}],"about":[{"href":"http:\/\/www.korhanyilmaz.com\/index.php?rest_route=\/wp\/v2\/types\/post"}],"author":[{"embeddable":true,"href":"http:\/\/www.korhanyilmaz.com\/index.php?rest_route=\/wp\/v2\/users\/1"}],"replies":[{"embeddable":true,"href":"http:\/\/www.korhanyilmaz.com\/index.php?rest_route=%2Fwp%2Fv2%2Fcomments&post=11866"}],"version-history":[{"count":0,"href":"http:\/\/www.korhanyilmaz.com\/index.php?rest_route=\/wp\/v2\/posts\/11866\/revisions"}],"wp:attachment":[{"href":"http:\/\/www.korhanyilmaz.com\/index.php?rest_route=%2Fwp%2Fv2%2Fmedia&parent=11866"}],"wp:term":[{"taxonomy":"category","embeddable":true,"href":"http:\/\/www.korhanyilmaz.com\/index.php?rest_route=%2Fwp%2Fv2%2Fcategories&post=11866"},{"taxonomy":"post_tag","embeddable":true,"href":"http:\/\/www.korhanyilmaz.com\/index.php?rest_route=%2Fwp%2Fv2%2Ftags&post=11866"}],"curies":[{"name":"wp","href":"https:\/\/api.w.org\/{rel}","templated":true}]}}