{"id":11860,"date":"2009-07-22T08:58:16","date_gmt":"2009-07-22T05:58:16","guid":{"rendered":"http:\/\/www.korhanyilmaz.com\/?p=11860"},"modified":"2009-07-22T08:58:16","modified_gmt":"2009-07-22T05:58:16","slug":"bu-fotograftaki-detayi-sulana-gazoz-ismarliyoruz","status":"publish","type":"post","link":"http:\/\/www.korhanyilmaz.com\/?p=11860","title":{"rendered":"Bu Foto\u011fraftaki Detay\u0131 Bulana Gazoz Ismarl\u0131yoruz&#8230;"},"content":{"rendered":"<p style=\"text-align: center;\"><img loading=\"lazy\" decoding=\"async\" class=\"size-full wp-image-11861 aligncenter\" src=\"http:\/\/www.korhanyilmaz.com\/wp-content\/uploads\/2009\/07\/dursun1.jpg\" alt=\"\" width=\"405\" height=\"225\" \/><\/p>\n<p style=\"text-align: justify;\">\u00c7i\u00e7e\u011fi burnunda RT\u00dcK Ba\u015fkan\u0131 Prof. Dr. Davut Dursun\u2019un foto\u011fraf\u0131na dikkatle bak\u0131n\u0131z.<\/p>\n<p style=\"text-align: justify;\">Dikkatinizi \u00e7eken bir unsur var m\u0131?<\/p>\n<p style=\"text-align: justify;\">Bu foto\u011fraf, Dursun\u2019un Sakarya \u00dcniversitesi\u2019ndeki \u00e7al\u0131\u015fma odas\u0131nda \u00e7ekildi.<\/p>\n<p style=\"text-align: justify;\">Foto\u011fraf\u0131n \u00e7ekildi\u011fi tarih 2006 y\u0131l\u0131.<\/p>\n<p style=\"text-align: justify;\">Masaya dikkat edin.<\/p>\n<p style=\"text-align: justify;\">Masan\u0131n \u00fczerinde siyah bir \u00e7anta var. \u00c7antan\u0131n \u00fczerinde Epra yaz\u0131yor.<\/p>\n<p style=\"text-align: justify;\">Epra, Avrupa RT\u00dcK te\u015fkilatlar\u0131n\u0131n platformunun k\u0131sa ad\u0131. Dursun, kat\u0131ld\u0131\u011f\u0131 Epra toplant\u0131s\u0131ndan bu \u00e7antay\u0131 al\u0131yor. \u00c7\u00fcnk\u00fc o tarihte RT\u00dcK \u00fcyesidir. Dursun, Temmuz 2005\u2019te RT\u00dcK \u00fcyeli\u011fine getiriliyor ve Ankara\u2019da g\u00f6reve ba\u015fl\u0131yor. <!--more--><\/p>\n<p style=\"text-align: justify;\">Resmin s\u00f6yledi\u011fi RT\u00dcK \u00fcyeli\u011fi sonras\u0131nda da Dursun\u2019un Sakarya \u00dcniversitesindeki odas\u0131n\u0131n muhafaza edildi\u011fi ve bu odan\u0131n s\u0131k\u00e7a kullan\u0131ld\u0131\u011f\u0131d\u0131r. Masadaki kalem ve ka\u011f\u0131tlar\u0131n hali de bu bilgiyi destekliyor.<\/p>\n<p style=\"text-align: justify;\">Dursun\u2019u, \u00f6zel \u00f6nem atfetti\u011fi anla\u015f\u0131lan \u00f6\u011frenciler ziyarete geliyor ve ne\u015fe i\u00e7inde foto\u011fraf \u00e7ekiliyor.<\/p>\n<p style=\"text-align: justify;\">*****<\/p>\n<p style=\"text-align: justify;\">\u015eimdi s\u0131ra gazozluk soruda: Foto\u011fraftaki ilgin\u00e7 detay nedir?<\/p>\n<p style=\"text-align: justify;\">Siyah Epra \u00e7antan\u0131n \u00f6n b\u00f6l\u00fcm\u00fcne dikkat edin.<\/p>\n<p style=\"text-align: justify;\">Mavi dosyan\u0131n \u00fczerindeki amblemi tan\u0131d\u0131n\u0131z m\u0131?<\/p>\n<p style=\"text-align: justify;\"><em><strong>Deniz Feneri. <\/strong><\/em><\/p>\n<p style=\"text-align: justify;\">Davut Dursun\u2019un Deniz Feneri ile nas\u0131l bir ili\u015fkisi var hen\u00fcz yeterince teyit edilmi\u015f bilgiye sahip de\u011filiz.<\/p>\n<p style=\"text-align: justify;\">Ama selefi Zahit Akman\u2019\u0131n hali malumunuz.<\/p>\n<p style=\"text-align: justify;\">Dursun ile Akman bug\u00fcne acaba ayn\u0131 patikalardan m\u0131 y\u00fcr\u00fcyerek mi geldiler?<\/p>\n<p style=\"text-align: justify;\"><span style=\"color: #888888;\"><em>Odatv.com<br \/>\n<\/em><\/span>\n<\/p>\n<p style=\"text-align: justify;\"><span style=\"color: #888888;\"><em>21 Temmuz 2009<\/em><\/span><\/p>\n","protected":false},"excerpt":{"rendered":"<p style=\"text-align: center;\">\n<p style=\"text-align: justify;\">\u00c7i\u00e7e\u011fi burnunda RT\u00dcK Ba\u015fkan\u0131 Prof. Dr. Davut Dursun\u2019un foto\u011fraf\u0131na dikkatle bak\u0131n\u0131z.<\/p>\n<p style=\"text-align: justify;\">Dikkatinizi \u00e7eken bir unsur var m\u0131?<\/p>\n<p style=\"text-align: justify;\">Bu foto\u011fraf, Dursun\u2019un Sakarya \u00dcniversitesi\u2019ndeki \u00e7al\u0131\u015fma odas\u0131nda \u00e7ekildi.<\/p>\n<p style=\"text-align: justify;\">Foto\u011fraf\u0131n \u00e7ekildi\u011fi tarih 2006 y\u0131l\u0131.<\/p>\n<p style=\"text-align: justify;\">Masaya dikkat edin.<\/p>\n<p style=\"text-align: justify;\">Masan\u0131n \u00fczerinde siyah bir \u00e7anta var. \u00c7antan\u0131n <\/p>\n","protected":false},"author":1,"featured_media":0,"comment_status":"open","ping_status":"closed","sticky":false,"template":"","format":"standard","meta":{"footnotes":""},"categories":[105],"tags":[],"class_list":["post-11860","post","type-post","status-publish","format-standard","hentry","category-gundem","odd"],"_links":{"self":[{"href":"http:\/\/www.korhanyilmaz.com\/index.php?rest_route=\/wp\/v2\/posts\/11860","targetHints":{"allow":["GET"]}}],"collection":[{"href":"http:\/\/www.korhanyilmaz.com\/index.php?rest_route=\/wp\/v2\/posts"}],"about":[{"href":"http:\/\/www.korhanyilmaz.com\/index.php?rest_route=\/wp\/v2\/types\/post"}],"author":[{"embeddable":true,"href":"http:\/\/www.korhanyilmaz.com\/index.php?rest_route=\/wp\/v2\/users\/1"}],"replies":[{"embeddable":true,"href":"http:\/\/www.korhanyilmaz.com\/index.php?rest_route=%2Fwp%2Fv2%2Fcomments&post=11860"}],"version-history":[{"count":0,"href":"http:\/\/www.korhanyilmaz.com\/index.php?rest_route=\/wp\/v2\/posts\/11860\/revisions"}],"wp:attachment":[{"href":"http:\/\/www.korhanyilmaz.com\/index.php?rest_route=%2Fwp%2Fv2%2Fmedia&parent=11860"}],"wp:term":[{"taxonomy":"category","embeddable":true,"href":"http:\/\/www.korhanyilmaz.com\/index.php?rest_route=%2Fwp%2Fv2%2Fcategories&post=11860"},{"taxonomy":"post_tag","embeddable":true,"href":"http:\/\/www.korhanyilmaz.com\/index.php?rest_route=%2Fwp%2Fv2%2Ftags&post=11860"}],"curies":[{"name":"wp","href":"https:\/\/api.w.org\/{rel}","templated":true}]}}