{"id":11856,"date":"2009-07-22T08:44:27","date_gmt":"2009-07-22T05:44:27","guid":{"rendered":"http:\/\/www.korhanyilmaz.com\/?p=11856"},"modified":"2009-07-22T08:44:27","modified_gmt":"2009-07-22T05:44:27","slug":"yine-79-yil-kiyaslamasi","status":"publish","type":"post","link":"http:\/\/www.korhanyilmaz.com\/?p=11856","title":{"rendered":"Yine 79 y\u0131l k\u0131yaslamas\u0131"},"content":{"rendered":"<div id=\"attachment_11653\" style=\"width: 112px\" class=\"wp-caption alignleft\"><img loading=\"lazy\" decoding=\"async\" aria-describedby=\"caption-attachment-11653\" class=\"size-full wp-image-11653\" style=\"margin: 0px;\" title=\"Can Atakl\u0131\" src=\"http:\/\/www.korhanyilmaz.com\/wp-content\/uploads\/2009\/07\/142.jpg\" alt=\"Can Atakl\u0131\" width=\"102\" height=\"102\" \/><p id=\"caption-attachment-11653\" class=\"wp-caption-text\">Can Atakl\u0131<\/p><\/div>\n<p><span style=\"font-family: Verdana,Arial,Helvetica,sans-serif; font-size: x-small;\"> <\/span><\/p>\n<p style=\"text-align: justify;\"><strong>Say\u0131n Ba\u015fbakan;<\/strong><\/p>\n<p style=\"text-align: justify;\">Bu ka\u00e7\u0131nc\u0131 yaz\u0131m oldu bilmiyorum, ama belli ki siz \u0131srarla s\u00f6ylemekten vazge\u00e7medik\u00e7e ben de \u0131srarla yazmaktan vazge\u00e7meyece\u011fim. \u00c7\u00fcnk\u00fc ilk ba\u015flarda bir \u201cdil s\u00fcr\u00e7mesi\u201d ya da \u201ciktidar\u0131n\u0131za \u015fevk vermek\u201d amac\u0131yla s\u00f6yledi\u011finizi iddia edece\u011finiz bir c\u00fcmle, Atat\u00fcrk ilkelerine ve Cumhuriyet felsefesine y\u00fcrekten ba\u011fl\u0131 olan beni ve san\u0131yorum ayn\u0131 duygular\u0131 payla\u015fan milyonlarca insan\u0131 son derece rahats\u0131z ediyor.<\/p>\n<p style=\"text-align: justify;\">Pazar g\u00fcn\u00fc Ankara\u2019da yap\u0131lan il kongrenizde yine ba\u015far\u0131lar\u0131n\u0131z\u0131 anlat\u0131rken, konu\u015fman\u0131z\u0131 \u201c79 y\u0131lda yap\u0131lan ortada, bizim yapt\u0131\u011f\u0131m\u0131z ortada\u201d tan\u0131mlamalar\u0131yla s\u00fcslediniz. Belki ilk duyuldu\u011funda fark edilmeyen 79 y\u0131l, siz de biliyorsunuz ki 29 Ekim 1923\u2019te ilan edilen Cumhuriyet\u2019in iktidara geldi\u011finiz g\u00fcne kadar olan ya\u015f\u0131.<\/p>\n<p style=\"text-align: justify;\">Neden kimse bug\u00fcne kadar \u201cba\u015far\u0131lar\u0131n\u0131\u201d t\u00fcm Cumhuriyet \u00f6nemi ile k\u0131yaslamay\u0131 d\u00fc\u015f\u00fcnmedi de, \u0131srarla siz \u201cCumhuriyet\u2019in \u015fu kadar zamanda yapt\u0131\u011f\u0131ndan daha fazlas\u0131n\u0131 yapt\u0131k\u201d demek ihtiyac\u0131 duyuyorsunuz?<span><!--more--><\/span><\/p>\n<p style=\"text-align: justify;\">Ayr\u0131ca Say\u0131n Ba\u015fbakan, bu konuda do\u011fruyu s\u00f6ylemiyorsunuz. \u00c7\u00fcnk\u00fc ba\u015far\u0131 diye ortaya koyduklar\u0131n\u0131z\u0131n \u00f6nemli bir b\u00f6l\u00fcm\u00fcn\u00fc zaten Cumhuriyet d\u00f6neminde yarat\u0131lan de\u011ferleri satarak sa\u011flad\u0131n\u0131z. Geri kalanlar ise sadece T\u00fcrkiye i\u00e7in ge\u00e7erli de\u011fil. Bilim ve teknolojinin sa\u011flad\u0131\u011f\u0131 avantajlarla, siz de\u011fil hangi iktidar ba\u015fta olsa ayn\u0131 ba\u015far\u0131lar sa\u011flanacakt\u0131.<\/p>\n<p style=\"text-align: justify;\">B\u00fct\u00fcn bunlar\u0131n d\u0131\u015f\u0131nda, Cumhuriyet d\u00f6nemi ve Atat\u00fcrk ilkeleri ile bu kadar sorununuzun olmas\u0131 \u00e7ok \u015fa\u015f\u0131rt\u0131c\u0131. Hem ya\u015f\u0131n\u0131z hem ya\u015fad\u0131\u011f\u0131n\u0131z kent a\u00e7\u0131s\u0131ndan bug\u00fcne kadar ya\u015fad\u0131klar\u0131n\u0131z\u0131, siyasetteki ba\u015far\u0131lar\u0131n\u0131z\u0131 ve Ba\u015fbakan olman\u0131z\u0131 Atat\u00fcrk T\u00fcrkiye\u2019sinin sa\u011flad\u0131\u011f\u0131 olanaklara bor\u00e7lu oldu\u011funuzu unutmu\u015f olamazs\u0131n\u0131z herhalde. Laikli\u011fi yok etmeyi, Cumhuriyet ilkelerini ortadan kald\u0131rmay\u0131, T\u00fcrkiye\u2019nin ortak de\u011ferlerini tahrip etmeyi d\u00fc\u015f\u00fcn\u00fcyor olsan\u0131z bile bu \u00f6zg\u00fcrl\u00fc\u011f\u00fcn\u00fcz\u00fc Atat\u00fcrk T\u00fcrkiyesi\u2019nin yaratt\u0131\u011f\u0131 o m\u00fcthi\u015f iklimden al\u0131yorsunuz.<\/p>\n<p style=\"text-align: justify;\">Art\u0131k l\u00fctfen ne kadar \u00f6nemli oldu\u011funuzdan s\u00f6z ederken kendi d\u00f6neminizi sizden \u00f6nceki 79 y\u0131lla k\u0131yaslamay\u0131n. Ger\u00e7ekten \u00e7ok sevimsiz oluyor.<\/p>\n<p style=\"text-align: justify;\">\n<p style=\"text-align: justify;\">*****<\/p>\n<p style=\"text-align: justify;\"><strong>\u015e\u0130\u0130\u0130\u015e\u015e\u015eT ENG\u0130N ARDI\u00c7 SAK\u0130N OL<\/strong><\/p>\n<p style=\"text-align: justify;\">Sevgili dostum Engin Ard\u0131\u00e7. Kim bilir ka\u00e7 y\u0131l birlikte \u00e7al\u0131\u015ft\u0131k. T\u00fcrk\u00e7eye en h\u00e2kim yazarlardan biri oldu\u011funu, her yaz\u0131ndan ayr\u0131 keyif ald\u0131\u011f\u0131m\u0131 y\u00fcz\u00fcne s\u00f6yleyen nadir ki\u015filerden biriyim san\u0131yorum. Ger\u00e7i son zamanlardaki yaz\u0131lar\u0131n i\u00e7in ayn\u0131 \u015feyi s\u00f6yleyemeyece\u011fim. San\u0131yorum sana maa\u015f verenlerin fikir ve g\u00f6r\u00fc\u015flerine uygun olsun diye ba\u015fta Atat\u00fcrk olmak \u00fczere devrimlere, Cumhuriyet ilkelerine, demokrasi ve hukuk d\u00fczenine s\u00fcrekli a\u011f\u0131r hakaretlerle sald\u0131r\u0131yorsun.<\/p>\n<p style=\"text-align: justify;\">Seni sevenlerde, ger\u00e7ek T\u00fcrkiye sevdal\u0131s\u0131, demokrasi ve hukuk d\u00fczenine y\u00fcrekten inananlarda b\u00fcy\u00fck hayal k\u0131r\u0131kl\u0131\u011f\u0131 yaratt\u0131\u011f\u0131n\u0131 ve milyonlar\u0131n nefretini kazand\u0131\u011f\u0131n\u0131 herhalde biliyorsun, ama bu senin sorunun.<\/p>\n<p style=\"text-align: justify;\">Bug\u00fcne kadar, sana olan sayg\u0131mdan bu anla\u015f\u0131lmaz tavr\u0131na y\u00f6nelik tek kelime bile etmedim. Ama g\u00f6r\u00fcyorum ki, sana maa\u015f verenlere daha da \u015firin g\u00f6z\u00fckmek i\u00e7in herhalde durup dururken bana bula\u015fm\u0131\u015fs\u0131n. Neymi\u015f, ben pazar g\u00fcnlerini f\u0131kralarla ge\u00e7i\u015ftiriyormu\u015fum. Y\u0131ld\u0131r\u0131m Tuna sa\u011f olsunmu\u015f. Tabii ki Y\u0131ld\u0131r\u0131m Tuna sa\u011f olsun. Ne var bunda? Haftan\u0131n di\u011fer g\u00fcnleri yazd\u0131klar\u0131m\u0131 etkiler mi?<\/p>\n<p style=\"text-align: justify;\">B\u0131rak insanlar haftada bir g\u00fcls\u00fcnler. Ayr\u0131ca sand\u0131\u011f\u0131n gibi \u201ctembellikten\u201d \u00f6t\u00fcr\u00fc pazar g\u00fcnlerini f\u0131kralara ay\u0131rm\u0131yorum. Tam tersine mizah\u0131n \u00e7ok ciddi oldu\u011funu bilerek zorlan\u0131yorum bile. Ayr\u0131ca her hafta f\u0131kra d\u0131\u015f\u0131nda siyasi mizah da yapmaya \u00e7al\u0131\u015f\u0131yorum. Bunun ba\u015far\u0131l\u0131 olup olmad\u0131\u011f\u0131na elbette okurlar karar verir.<\/p>\n<p style=\"text-align: justify;\">Sevgili dostum. L\u00fctfen bu yaz\u0131y\u0131 bir polemik olarak alg\u0131lay\u0131p cevap vermeye kalkma. Bu bir dost uyar\u0131s\u0131d\u0131r, benim \u00fczerimden birilerine ho\u015f g\u00f6r\u00fcnmeye \u00e7al\u0131\u015fma. San\u0131yorum ilk kar\u015f\u0131la\u015fmam\u0131zda sana tats\u0131z bi\u00e7imde sitem edece\u011fim.<\/p>\n<p style=\"text-align: justify;\">*****<\/p>\n<p style=\"text-align: justify;\"><strong>HIZLI ZENG\u0130NLE\u015eMEYE BAHANE: GER\u00c7EK BURJUVAYIZ<\/strong><\/p>\n<p style=\"text-align: justify;\">\u0130ktidar ve \u00e7evresi birka\u00e7 y\u0131l \u00f6ncesine kadar kendilerini \u201cT\u00fcrkiye\u2019nin ezilmi\u015fleri, itilmi\u015fleri\u201d olarak g\u00f6stermeye \u00e7al\u0131\u015f\u0131r ve bundan da prim yapard\u0131. Atat\u00fcrk devrimlerinin ve Cumhuriyet\u2019in egemenlerine (!) kar\u015f\u0131 yoksul halk\u0131n zaferi olarak tan\u0131mlam\u0131\u015ft\u0131 iktidar se\u00e7im zaferlerini.<\/p>\n<p style=\"text-align: justify;\">Yoksulluk egemenlere ba\u015fkald\u0131rm\u0131\u015f ve ger\u00e7ek millet iradesi kurulmu\u015ftu.<\/p>\n<p style=\"text-align: justify;\">Ama bir bakt\u0131k ki k\u0131sa zamanda \u201cger\u00e7ek millet\u201d olan bu yoksullar anormal zenginle\u015fti. D\u00fcne kadar taksiye binmeyi bile l\u00fcks sayanlar, kendisine zavall\u0131 s\u00fcs\u00fc verenler, altlar\u0131na y\u00fcz binlerce dolarl\u0131k arabalar ald\u0131lar, bah\u00e7eli gecekondular\u0131 saray kabul edenler milyon dolarl\u0131k villalara ta\u015f\u0131nd\u0131lar. Hacca gidemedi\u011fi i\u00e7in karalar ba\u011flayanlar, Mekke yerine Paris, Londra, New York\u2019a ko\u015fup d\u00fcnyan\u0131n en pahal\u0131 ma\u011fazalar\u0131n\u0131n m\u00fcmtaz m\u00fc\u015fterileri aras\u0131na girdiler.<\/p>\n<p style=\"text-align: justify;\">Tabii bu a\u015f\u0131r\u0131 zenginlik ve l\u00fcks ister istemez dikkat \u00e7ekti. Bu arada yolsuzluklar\u0131n, suiistimallerin de ayyuka \u00e7\u0131kmas\u0131 zenginliklerini g\u00f6lgeler oldu. Ama bu kesimin kurnazlar\u0131 kendi aralar\u0131nda bile tart\u0131\u015fma konusu olan zenginle\u015fmelerine hemen bahane buldular. Me\u011fer T\u00fcrkiye\u2019de ger\u00e7ek burjuvazi iktidara gelmi\u015f. Bu burjuvalar \u00e7ok kazan\u0131p zenginliklerini de g\u00f6stererek ya\u015f\u0131yorlarm\u0131\u015f. Zenginsen bunda utan\u0131lacak bir \u015fey yokmu\u015f.<\/p>\n<p style=\"text-align: justify;\">Hepsi g\u00fczel de bu zenginli\u011fin kayna\u011f\u0131 da ortaya \u00e7\u0131karsa o zaman burjuva tan\u0131m\u0131 belki do\u011fru olabilir. \u00c7al\u0131\u015farak m\u0131 kazan\u0131ld\u0131 bu servet yoksa&#8230;<\/p>\n<p style=\"text-align: justify;\">*****<\/p>\n<p style=\"text-align: justify;\"><strong>ADAMIN B\u0130R\u0130<\/strong><\/p>\n<p style=\"text-align: justify;\">Ara s\u0131ra televizyonlarda g\u00f6r\u00fcyorum. Genellikle dinci kanallarda boy g\u00f6steriyor. Yine dinci ve AKP\u2019li gazetelerin birinci sayfalar\u0131ndan girip tam sayfa yay\u0131nlanan r\u00f6portajlar\u0131 da dikkatimi \u00e7ekiyor.<\/p>\n<p style=\"text-align: justify;\">AKP ve yanda\u015flar\u0131n\u0131n i\u015fine ne geliyorsa onlar\u0131 s\u00f6yl\u00fcyor. Ge\u00e7mi\u015fe a\u011f\u0131r s\u00f6zler s\u00f6yl\u00fcyor. 12 Mart d\u00f6neminin \u00f6nderlerini su\u00e7luyor.<\/p>\n<p style=\"text-align: justify;\">Bug\u00fcnk\u00fc iktidar\u0131 \u00f6v\u00fcyor. \u00c7ok yararl\u0131 i\u015fler yapt\u0131klar\u0131n\u0131, T\u00fcrkiye\u2019yi AB\u2019ye sokacaklar\u0131n\u0131, demokrasiyi yerle\u015ftirdiklerini ileri s\u00fcr\u00fcyor.<\/p>\n<p style=\"text-align: justify;\">Ergenekon davas\u0131 nedeniyle pisliklerin ortaya \u00e7\u0131kt\u0131\u011f\u0131na inand\u0131\u011f\u0131n\u0131 belirtiyor. Bug\u00fcnk\u00fc iktidar\u0131 alk\u0131\u015flay\u0131p askeri d\u00f6nemlerin hesab\u0131n\u0131n sorulaca\u011f\u0131n\u0131 s\u00f6yl\u00fcyor.<\/p>\n<p style=\"text-align: justify;\">Her g\u00fcn bir yerde g\u00f6r\u00fcyorum bu adam\u0131. \u0130smi bir t\u00fcrl\u00fc akl\u0131mda kalm\u0131yor. Sadece ekranda ad\u0131n\u0131n alt\u0131nda yazan \u201cSHP Genel Ba\u015fkan\u0131\u201d unvan\u0131 zihnimde yer etmi\u015f.<\/p>\n<p style=\"text-align: justify;\">\u00dcz\u00fcl\u00fcyorum izlerken veya okurken. Ak\u0131l tutulmas\u0131n\u0131n ge\u00e7mi\u015fle, e\u011fitimle, bilgiyle falan alakas\u0131 yok anla\u015f\u0131lan.<\/p>\n<p style=\"text-align: justify;\">*****<\/p>\n<p style=\"text-align: justify;\"><strong>KADINSILIK<\/strong><\/p>\n<p style=\"text-align: justify;\">F\u0131kra tabii ki Y\u0131ld\u0131r\u0131m Tuna\u2019dan: Homoseks\u00fcel Bob, bara gidip orada Johnny ad\u0131nda \u00e7ok \u00e7ekici bir gen\u00e7le tan\u0131\u015fm\u0131\u015f.. Ak\u015fama kadar sohbet etmi\u015fler, gece yar\u0131s\u0131na do\u011fru Johnny onu evine davet etmi\u015f. Bardan \u00e7\u0131k\u0131p otoparktaki Johnny\u2019nin \u00fcst\u00fc a\u00e7\u0131k eflatun renkli arabas\u0131na binmi\u015fler. Parktan \u00e7\u0131karken Johnny 2-3 arabaya \u00e7arpm\u0131\u015f, yine evinin \u00f6n\u00fcne gelince apartman sakinlerine ait 3-4 otomobile \u00e7arpa \u00e7arpa park etmi\u015f. \u201cBiliyor musun hayat\u0131m\u201d demi\u015f Bob, \u201cSenin bu kad\u0131ns\u0131 y\u00f6n\u00fcne bay\u0131ld\u0131m!..\u201d<\/p>\n<p style=\"text-align: justify;\"><span style=\"color: #888888;\">Can Atakl\u0131 &#8211; Vatan<\/span><\/p>\n<p style=\"text-align: justify;\"><span style=\"color: #888888;\">Yazara Ula\u015fmak i\u00e7in : <a href=\"mailto:catakli@gazetevatan.com\">catakli@gazetevatan.com<\/a><\/span><\/p>\n","protected":false},"excerpt":{"rendered":"<p id=\"caption-attachment-11653\" class=\"wp-caption-text\">Can Atakl\u0131<\/p>\n<\/p>\n<p style=\"text-align: justify;\">Say\u0131n Ba\u015fbakan;<\/p>\n<p style=\"text-align: justify;\">Bu ka\u00e7\u0131nc\u0131 yaz\u0131m oldu bilmiyorum, ama belli ki siz \u0131srarla s\u00f6ylemekten vazge\u00e7medik\u00e7e ben de \u0131srarla yazmaktan vazge\u00e7meyece\u011fim. \u00c7\u00fcnk\u00fc ilk ba\u015flarda bir \u201cdil s\u00fcr\u00e7mesi\u201d ya da \u201ciktidar\u0131n\u0131za \u015fevk vermek\u201d amac\u0131yla s\u00f6yledi\u011finizi iddia edece\u011finiz bir c\u00fcmle, Atat\u00fcrk ilkelerine ve Cumhuriyet felsefesine y\u00fcrekten ba\u011fl\u0131 olan beni <\/p>\n","protected":false},"author":1,"featured_media":0,"comment_status":"open","ping_status":"closed","sticky":false,"template":"","format":"standard","meta":{"footnotes":""},"categories":[16],"tags":[],"class_list":["post-11856","post","type-post","status-publish","format-standard","hentry","category-kose-yazilari","odd"],"_links":{"self":[{"href":"http:\/\/www.korhanyilmaz.com\/index.php?rest_route=\/wp\/v2\/posts\/11856","targetHints":{"allow":["GET"]}}],"collection":[{"href":"http:\/\/www.korhanyilmaz.com\/index.php?rest_route=\/wp\/v2\/posts"}],"about":[{"href":"http:\/\/www.korhanyilmaz.com\/index.php?rest_route=\/wp\/v2\/types\/post"}],"author":[{"embeddable":true,"href":"http:\/\/www.korhanyilmaz.com\/index.php?rest_route=\/wp\/v2\/users\/1"}],"replies":[{"embeddable":true,"href":"http:\/\/www.korhanyilmaz.com\/index.php?rest_route=%2Fwp%2Fv2%2Fcomments&post=11856"}],"version-history":[{"count":0,"href":"http:\/\/www.korhanyilmaz.com\/index.php?rest_route=\/wp\/v2\/posts\/11856\/revisions"}],"wp:attachment":[{"href":"http:\/\/www.korhanyilmaz.com\/index.php?rest_route=%2Fwp%2Fv2%2Fmedia&parent=11856"}],"wp:term":[{"taxonomy":"category","embeddable":true,"href":"http:\/\/www.korhanyilmaz.com\/index.php?rest_route=%2Fwp%2Fv2%2Fcategories&post=11856"},{"taxonomy":"post_tag","embeddable":true,"href":"http:\/\/www.korhanyilmaz.com\/index.php?rest_route=%2Fwp%2Fv2%2Ftags&post=11856"}],"curies":[{"name":"wp","href":"https:\/\/api.w.org\/{rel}","templated":true}]}}