{"id":11850,"date":"2009-07-22T08:34:55","date_gmt":"2009-07-22T05:34:55","guid":{"rendered":"http:\/\/www.korhanyilmaz.com\/?p=11850"},"modified":"2009-07-22T08:34:55","modified_gmt":"2009-07-22T05:34:55","slug":"milletin-vekiline-var-ama-aslina-yok","status":"publish","type":"post","link":"http:\/\/www.korhanyilmaz.com\/?p=11850","title":{"rendered":"Milletin vekiline var ama asl\u0131na yok"},"content":{"rendered":"<p style=\"text-align: justify;\"><strong> <\/strong><\/p>\n<div id=\"attachment_11852\" style=\"width: 123px\" class=\"wp-caption alignleft\"><strong> <\/strong><strong><img loading=\"lazy\" decoding=\"async\" aria-describedby=\"caption-attachment-11852\" class=\"size-full wp-image-11852\" title=\"\u015e\u00fckr\u00fc K\u0131z\u0131lot - H\u00fcrriyet Gazetesi\" src=\"http:\/\/www.korhanyilmaz.com\/wp-content\/uploads\/2009\/07\/s\u00fckr\u00fc_kizilot1.gif\" alt=\"\u015e\u00fckr\u00fc K\u0131z\u0131lot\" width=\"113\" height=\"70\" \/><\/strong><p id=\"caption-attachment-11852\" class=\"wp-caption-text\">\u015e\u00fckr\u00fc K\u0131z\u0131lot<\/p><\/div>\n<p>B\u0130L\u0130N bakal\u0131m ne?<\/p>\n<p>Herhalde diyeceksiniz ki;<\/p>\n<p style=\"text-align: justify;\"><strong>\u201cHangi birisini s\u00f6yleyelim, o kadar \u00e7ok ki&#8230;\u201d<\/strong><\/p>\n<p style=\"text-align: justify;\">Hakl\u0131s\u0131n\u0131z&#8230;<\/p>\n<p style=\"text-align: justify;\">En iyisi \u00f6nemli olan\u0131ndan ba\u015flayal\u0131m.<\/p>\n<p style=\"text-align: justify;\"><strong>\u0130K\u0130 YIL VE EMEKL\u0130L\u0130K<\/strong><\/p>\n<p style=\"text-align: justify;\">Milletvekili olarak iki y\u0131l\u0131 doldurmak, <strong>\u201cmilletvekili emeklili\u011fi\u201d<\/strong> y\u00f6n\u00fcnden \u00e7ok \u00f6nemli.<\/p>\n<p style=\"text-align: justify;\">Son se\u00e7imler yap\u0131lal\u0131 bug\u00fcn tam iki y\u0131l oldu. Se\u00e7imi kazanan milletvekilleri, Meclis k\u00fcrs\u00fcs\u00fcne \u00e7\u0131k\u0131p yemin ettikleri tarihten itibaren, iki y\u0131l\u0131 doldurduklar\u0131nda <strong>\u201c\u00f6zel bir emekli ayl\u0131\u011f\u0131\u201d <\/strong>almaya hak kazan\u0131yorlar.<!--more--><\/p>\n<p style=\"text-align: justify;\">Emeklilikle ilgili di\u011fer ko\u015fullar\u0131 da ta\u015f\u0131malar\u0131 kayd\u0131yla, ilk kez milletvekili se\u00e7ilenler, ikinci y\u0131l\u0131 doldurduklar\u0131nda, <strong>\u201chem milletvekili hem de emekli olarak \u00e7ift ayl\u0131k\u201d<\/strong> alacaklar.<\/p>\n<p style=\"text-align: justify;\">\u0130lk kez milletvekili se\u00e7ilenler dedik \u00e7\u00fcnk\u00fc ikinci kez ya da daha fazla milletvekili se\u00e7ilenler, zaten y\u0131llard\u0131r hem milletvekili olarak hem de emekli olarak ayl\u0131k al\u0131yorlar.<\/p>\n<p style=\"text-align: justify;\"><strong>AYLIK NE KADAR?<\/strong><\/p>\n<p style=\"text-align: justify;\"><strong>1. Milletvekili ayl\u0131\u011f\u0131:<\/strong><\/p>\n<p style=\"text-align: justify;\">Milletvekili g\u00f6rev ayl\u0131\u011f\u0131 her alt\u0131 ayda bir art\u0131yor. Temmuz ay\u0131 itibariyle, \u00f6rne\u011fin iki \u00e7ocuklu bir milletvekili 9 bin 884 TL ayl\u0131k al\u0131yor. G\u00f6revini lay\u0131k\u0131yla yapan milletvekili i\u00e7in bu para az bile&#8230;<\/p>\n<p style=\"text-align: justify;\"><strong>2. Hem milletvekili hem de emekli ayl\u0131\u011f\u0131 alanlar:<\/strong><\/p>\n<p style=\"text-align: justify;\">Milletvekilleri, 9.884 TL g\u00f6rev ayl\u0131\u011f\u0131n\u0131n yan\u0131 s\u0131ra, iki y\u0131l\u0131 tamamlad\u0131klar\u0131nda 2.814 TL\u2019de emekli ayl\u0131\u011f\u0131, ayr\u0131ca toplu emeklilik ikramiyesi al\u0131yorlar. Daha \u00f6nce SSK, Ba\u011f-Kur ya da Emekli Sand\u0131\u011f\u0131\u2019ndan emekli olan milletvekilleri de bu avantajdan yararlanabiliyorlar. \u00d6rne\u011fin, <strong>SSK\u2019dan i\u015f\u00e7i emeklisi olan Ba\u015fbakan Erdo\u011fan da, bu haktan yararland\u0131 ve kendisine milletvekili emeklisi olarak da ayl\u0131k ba\u011fland\u0131.<\/strong> Hemen belirtelim bu haktan yararlanan ba\u015fka ba\u015fbakanlar, bakanlar ve milletvekilleri de var.<\/p>\n<p style=\"text-align: justify;\"><strong>3. Milletvekili se\u00e7ilemediklerinde:<\/strong><\/p>\n<p style=\"text-align: justify;\">Milletvekili iken ald\u0131klar\u0131 emekli ayl\u0131\u011f\u0131 art\u0131yor. \u00d6rne\u011fin, Temmuz 2009 itibariyle, <strong>milletvekili emekli ayl\u0131\u011f\u0131<\/strong> <strong>4.671 TL<\/strong> <strong>olarak \u00f6deniyor.<\/strong><\/p>\n<p style=\"text-align: justify;\"><strong>M\u0130LLET\u0130N ASLINA YOK<\/strong><\/p>\n<p style=\"text-align: justify;\"><strong> <\/strong><\/p>\n<p style=\"text-align: justify;\">\u0130ki y\u0131l\u0131n\u0131 tamamlayan milletvekillerine tan\u0131nan bu ayr\u0131cal\u0131k, tahmin etti\u011finiz gibi milletin asl\u0131na yok.<\/p>\n<p style=\"text-align: justify;\">\u00d6rne\u011fin kamuda \u00e7al\u0131\u015fan bir memur, \u015fef, m\u00fcd\u00fcr, daire ba\u015fkan\u0131, genel m\u00fcd\u00fcr, m\u00fcste\u015far, \u00f6\u011fretmen, \u00f6\u011fretim \u00fcyesi, h\u00e2kim, savc\u0131 gibi 4\/c\u2019li kamu g\u00f6revlileri;<\/p>\n<p style=\"text-align: justify;\">* Emekli olmaya hak kazand\u0131klar\u0131nda, hem emekli ayl\u0131\u011f\u0131 hem de normal ayl\u0131klar\u0131n\u0131 alam\u0131yorlar. Bunlar ya normal \u00fccretlerini al\u0131yorlar ya da g\u00f6revlerinden ayr\u0131l\u0131p, emekli ayl\u0131\u011f\u0131 al\u0131yorlar.<\/p>\n<p style=\"text-align: justify;\">* Emekli bir kamu g\u00f6revlisi, \u00f6rne\u011fin bir m\u00fcste\u015far \u00fcniversitede kadrolu olarak g\u00f6reve ba\u015flarsa, emekli ayl\u0131\u011f\u0131 kesiliyor ve emekli ayl\u0131\u011f\u0131ndan daha d\u00fc\u015f\u00fck bir \u00fccret al\u0131yor.<\/p>\n<p style=\"text-align: justify;\"><strong>AYRICALI\u011eIN DAYANA\u011eI<\/strong><\/p>\n<p style=\"text-align: justify;\">Anayasa\u2019dan geliyor. Anayasa\u2019n\u0131n 86\/2. maddesinde milletvekillerini ilgilendiren <strong>\u201c\u00f6zel bir h\u00fck\u00fcm\u201d<\/strong> var. Birlikte okuyal\u0131m;<\/p>\n<p style=\"text-align: justify;\"><strong>\u201cTBMM \u00fcyelerine \u00f6denecek \u00f6denek ve yolluklar, kendilerine TC Emekli Sand\u0131\u011f\u0131 taraf\u0131ndan ba\u011flanan, emekli ayl\u0131\u011f\u0131 ve benzeri \u00f6demelerin kesilmesini gerektirmez.\u201d<\/strong><\/p>\n<p style=\"text-align: justify;\">Evet&#8230; Anayasa\u2019daki bu \u00f6zel h\u00fck\u00fcm nedeniyle milletvekilleri hem maa\u015f hem de emekli ayl\u0131\u011f\u0131n\u0131 ayn\u0131 anda alabiliyorlar.<\/p>\n<p style=\"text-align: justify;\"><strong>BOR\u00c7LANMA<\/strong><\/p>\n<p style=\"text-align: justify;\"><strong> <\/strong><\/p>\n<p style=\"text-align: justify;\"><strong>Milletvekilleri:<\/strong> 15 y\u0131la kadar, geriye d\u00f6n\u00fck bor\u00e7lan\u0131p, kolay emekli olabiliyorlar.<\/p>\n<p style=\"text-align: justify;\"><strong>Milletin asl\u0131:<\/strong> B\u0131rak\u0131n\u0131z 15 y\u0131l\u0131, bir g\u00fcn dahi geriye d\u00f6n\u00fck bor\u00e7lanam\u0131yorlar.<\/p>\n<p style=\"text-align: justify;\">\u015eimdi, <strong>\u201cMilletin asl\u0131na tan\u0131nmayan bu haklar, vekiline ni\u00e7in sa\u011flanm\u0131\u015f?\u201d<\/strong> diye soranlar olabilir.<\/p>\n<p style=\"text-align: justify;\">Hakl\u0131s\u0131n\u0131z&#8230; Ancak bu sorunun muhatab\u0131 biz de\u011filiz; milletin asl\u0131 olarak vekilinize sorman\u0131z gerekiyor&#8230;<\/p>\n<p style=\"text-align: justify;\"><span style=\"color: #888888;\">\u015e\u00fckr\u00fc K\u0131z\u0131lot &#8211; H\u00fcrriyet<\/span><\/p>\n<p style=\"text-align: justify;\"><span style=\"color: #888888;\">Yazara Ula\u015fmak \u0130\u00e7in : <a href=\"mailto:skizilot@yaklasim.com\">skizilot@yaklasim.com<\/a><\/span><\/p>\n","protected":false},"excerpt":{"rendered":"<p style=\"text-align: justify;\">\n<p id=\"caption-attachment-11852\" class=\"wp-caption-text\">\u015e\u00fckr\u00fc K\u0131z\u0131lot<\/p>\n<p>B\u0130L\u0130N bakal\u0131m ne?<\/p>\n<p>Herhalde diyeceksiniz ki;<\/p>\n<p style=\"text-align: justify;\">\u201cHangi birisini s\u00f6yleyelim, o kadar \u00e7ok ki&#8230;\u201d<\/p>\n<p style=\"text-align: justify;\">Hakl\u0131s\u0131n\u0131z&#8230;<\/p>\n<p style=\"text-align: justify;\">En iyisi \u00f6nemli olan\u0131ndan ba\u015flayal\u0131m.<\/p>\n<p style=\"text-align: justify;\">\u0130K\u0130 YIL VE EMEKL\u0130L\u0130K<\/p>\n<p style=\"text-align: justify;\">Milletvekili olarak iki y\u0131l\u0131 doldurmak, \u201cmilletvekili emeklili\u011fi\u201d y\u00f6n\u00fcnden \u00e7ok \u00f6nemli.<\/p>\n<p style=\"text-align: justify;\">Son se\u00e7imler <\/p>\n","protected":false},"author":1,"featured_media":0,"comment_status":"open","ping_status":"closed","sticky":false,"template":"","format":"standard","meta":{"footnotes":""},"categories":[16],"tags":[],"class_list":["post-11850","post","type-post","status-publish","format-standard","hentry","category-kose-yazilari","odd"],"_links":{"self":[{"href":"http:\/\/www.korhanyilmaz.com\/index.php?rest_route=\/wp\/v2\/posts\/11850","targetHints":{"allow":["GET"]}}],"collection":[{"href":"http:\/\/www.korhanyilmaz.com\/index.php?rest_route=\/wp\/v2\/posts"}],"about":[{"href":"http:\/\/www.korhanyilmaz.com\/index.php?rest_route=\/wp\/v2\/types\/post"}],"author":[{"embeddable":true,"href":"http:\/\/www.korhanyilmaz.com\/index.php?rest_route=\/wp\/v2\/users\/1"}],"replies":[{"embeddable":true,"href":"http:\/\/www.korhanyilmaz.com\/index.php?rest_route=%2Fwp%2Fv2%2Fcomments&post=11850"}],"version-history":[{"count":0,"href":"http:\/\/www.korhanyilmaz.com\/index.php?rest_route=\/wp\/v2\/posts\/11850\/revisions"}],"wp:attachment":[{"href":"http:\/\/www.korhanyilmaz.com\/index.php?rest_route=%2Fwp%2Fv2%2Fmedia&parent=11850"}],"wp:term":[{"taxonomy":"category","embeddable":true,"href":"http:\/\/www.korhanyilmaz.com\/index.php?rest_route=%2Fwp%2Fv2%2Fcategories&post=11850"},{"taxonomy":"post_tag","embeddable":true,"href":"http:\/\/www.korhanyilmaz.com\/index.php?rest_route=%2Fwp%2Fv2%2Ftags&post=11850"}],"curies":[{"name":"wp","href":"https:\/\/api.w.org\/{rel}","templated":true}]}}