{"id":11846,"date":"2009-07-22T08:22:09","date_gmt":"2009-07-22T05:22:09","guid":{"rendered":"http:\/\/www.korhanyilmaz.com\/?p=11846"},"modified":"2009-07-22T08:22:09","modified_gmt":"2009-07-22T05:22:09","slug":"istiklalde-oldurulen-alman-hapisten-kacmis","status":"publish","type":"post","link":"http:\/\/www.korhanyilmaz.com\/?p=11846","title":{"rendered":"\u0130stiklal&#039;de \u00f6ld\u00fcr\u00fclen Alman hapisten ka\u00e7m\u0131\u015f"},"content":{"rendered":"<p style=\"text-align: center;\"><img loading=\"lazy\" decoding=\"async\" class=\"aligncenter size-full wp-image-11847\" src=\"http:\/\/www.korhanyilmaz.com\/wp-content\/uploads\/2009\/07\/alman.jpg\" alt=\"\" width=\"269\" height=\"207\" \/><\/p>\n<p style=\"text-align: justify;\">\u0130stanbul Beyo\u011flu&#8217;ndaki cinayetle ilgili soru\u015fturmada polis, kurban ile katil arasanda bir husumet olup olmad\u0131\u011f\u0131n\u0131 ara\u015ft\u0131rken, kurban hakk\u0131nda yeni bilgiler g\u00fcn \u0131\u015f\u0131\u011f\u0131na \u00e7\u0131kt\u0131. \u0130\u015fadam\u0131 oldu\u011fu iddia edilen Gregor Kerkeling&#8217;in Almanya&#8217;da hapisten ka\u00e7t\u0131ktan sonra T\u00fcrkiye&#8217;ye geldi\u011fi ortaya \u00e7\u0131kt\u0131.<\/p>\n<p style=\"text-align: justify;\">Alman savc\u0131l\u0131\u011f\u0131 doland\u0131r\u0131c\u0131l\u0131ktan dolay\u0131 iki y\u0131ldan fazla ceza alan Kelkering&#8217;in Jva M\u00fcnster hapishanesinde birka\u00e7 hafta yatt\u0131ktan sonra cezas\u0131n\u0131 tamamlamadan hapisten ka\u00e7\u0131p ortadan kayboldu\u011funu do\u011frulad\u0131.<\/p>\n<p style=\"text-align: justify;\">Kom\u015fular\u0131ndan al\u0131nan bilgiye g\u00f6re Almanya&#8217;da e\u015fi ve iki \u00e7ocu\u011fu da oldu\u011fu \u00f6\u011frenilen Kerkeling&#8217;in T\u00fcrkiye&#8217;de kendini i\u015fadam\u0131 olarak tan\u0131tt\u0131\u011f\u0131 belirtildi.<\/p>\n<p style=\"text-align: justify;\">Evine haciz gelen Kelkering&#8217;in 2008&#8217;e kadar oturdu\u011fu evinin a\u00e7\u0131k art\u0131rmada oldu\u011fu \u00f6\u011frenildi. <!--more--><\/p>\n<p style=\"text-align: justify;\"><strong><em>Olay kasabada \u00fcz\u00fcnt\u00fc yaratt\u0131 <\/em><\/strong><\/p>\n<p style=\"text-align: justify;\">\u0130stanbul&#8217;da i\u015flenen cinayet, Almanya&#8217;daki Billerbeck kasabas\u0131nda b\u00fcy\u00fck \u00fcz\u00fcnt\u00fc ile kar\u015f\u0131lan\u0131yor. Az say\u0131da T\u00fcrk&#8217;\u00fcn ya\u015fad\u0131\u011f\u0131 kasabada ve Kelkering&#8217;in 2008&#8217;de terketti\u011fi evinin \u00e7evresinde d\u00fcnden beri bir sessizlik hakim.<\/p>\n<p style=\"text-align: justify;\">Kasabada ya\u015fayan T\u00fcrkler ya\u015fanan ac\u0131 olaya \u00e7ok \u00fcz\u00fcl\u00fcyor. T\u00fcrkler hem kom\u015fular\u0131n\u0131 hem de T\u00fcrkiye&#8217;nin imaj\u0131n\u0131 d\u00fc\u015f\u00fcn\u00fcyor:  &#8220;Tabii ki insan\u0131 \u00fcz\u00fcyor b\u00f6yle olaylar. Hele hele 50 cent i\u00e7in yap\u0131lan, daha do\u011frusu yap\u0131lmamas\u0131 gereken bir \u015fey.&#8221;<\/p>\n<p style=\"text-align: justify;\">Almanlar ise cinayetle ilgili T\u00fcrkiye&#8217;yi su\u00e7laman\u0131n yanl\u0131\u015f oydu\u011fu kan\u0131s\u0131nda: &#8220;Bu olay T\u00fcrkiye&#8217;de oldu, ama Almanya&#8217;da da ba\u015f\u0131na gelebilirdi. Bu adam Billerbeck&#8217;te oturuyordu buray\u0131 terketti, evi a\u00e7\u0131k artt\u0131rmaya sunuldu. B\u00fcy\u00fck bir ihtimalle T\u00fcrkiye&#8217;ye yeni bir ba\u015flang\u0131\u00e7 i\u00e7in gitti. Duydu\u011fumuza g\u00f6re sald\u0131rgan para istemi\u015f, vermeyince de b\u0131\u00e7akla sald\u0131rm\u0131\u015f, bu bence bir delilik. Tabi ki onun i\u00e7in \u00fcz\u00fcl\u00fcyoruz, \u00f6l\u00fcm her zaman k\u00f6t\u00fcd\u00fcr ama olay\u0131n sonucunu beklememiz gerekiyor. T\u00fcrkleri bu y\u00fczden itham edemeyiz, \u015funu a\u00e7\u0131k\u00e7a s\u00f6ylemek gerekir, bu olay\u0131 tasvip etmiyorum.&#8221;<\/p>\n<p style=\"text-align: justify;\"><strong><span style=\"color: #000000;\"><em>Paraya \u00f6nem vermezdi<\/em><\/span><\/strong><\/p>\n<p style=\"text-align: justify;\">\u00d6len Gregor Kerkeling&#8217;in evinin yan\u0131nda bulunan \u00c7in restoran\u0131n\u0131n sahibi Chau Jianhua ise olay\u0131n \u00fcz\u00fcnt\u00fcs\u00fcn\u00fc hala ya\u015fad\u0131\u011f\u0131n\u0131 dile getirerek, &#8220;Gregor Kerkeling bize bazen yeme\u011fe gelirdi. Paraya pek \u00f6nem vermeyen bir insand\u0131. D\u0131\u015far\u0131dan bak\u0131nca da iyi birine benziyordu. Kom\u015fu olarak b\u00f6yle bir \u015fey duymak \u00e7ok \u00fcz\u00fcc\u00fc&#8221; dedi.<\/p>\n<p style=\"text-align: justify;\"><span style=\"color: #808080;\"><em>CNN T\u00dcRK<\/em><\/span><\/p>\n","protected":false},"excerpt":{"rendered":"<p style=\"text-align: center;\">\n<p style=\"text-align: justify;\">\u0130stanbul Beyo\u011flu&#8217;ndaki cinayetle ilgili soru\u015fturmada polis, kurban ile katil arasanda bir husumet olup olmad\u0131\u011f\u0131n\u0131 ara\u015ft\u0131rken, kurban hakk\u0131nda yeni bilgiler g\u00fcn \u0131\u015f\u0131\u011f\u0131na \u00e7\u0131kt\u0131. \u0130\u015fadam\u0131 oldu\u011fu iddia edilen Gregor Kerkeling&#8217;in Almanya&#8217;da hapisten ka\u00e7t\u0131ktan sonra T\u00fcrkiye&#8217;ye geldi\u011fi ortaya \u00e7\u0131kt\u0131.<\/p>\n<p style=\"text-align: justify;\">Alman savc\u0131l\u0131\u011f\u0131 doland\u0131r\u0131c\u0131l\u0131ktan dolay\u0131 iki y\u0131ldan fazla ceza alan Kelkering&#8217;in Jva M\u00fcnster <\/p>\n","protected":false},"author":1,"featured_media":0,"comment_status":"open","ping_status":"closed","sticky":false,"template":"","format":"standard","meta":{"footnotes":""},"categories":[105],"tags":[],"class_list":["post-11846","post","type-post","status-publish","format-standard","hentry","category-gundem","odd"],"_links":{"self":[{"href":"http:\/\/www.korhanyilmaz.com\/index.php?rest_route=\/wp\/v2\/posts\/11846","targetHints":{"allow":["GET"]}}],"collection":[{"href":"http:\/\/www.korhanyilmaz.com\/index.php?rest_route=\/wp\/v2\/posts"}],"about":[{"href":"http:\/\/www.korhanyilmaz.com\/index.php?rest_route=\/wp\/v2\/types\/post"}],"author":[{"embeddable":true,"href":"http:\/\/www.korhanyilmaz.com\/index.php?rest_route=\/wp\/v2\/users\/1"}],"replies":[{"embeddable":true,"href":"http:\/\/www.korhanyilmaz.com\/index.php?rest_route=%2Fwp%2Fv2%2Fcomments&post=11846"}],"version-history":[{"count":0,"href":"http:\/\/www.korhanyilmaz.com\/index.php?rest_route=\/wp\/v2\/posts\/11846\/revisions"}],"wp:attachment":[{"href":"http:\/\/www.korhanyilmaz.com\/index.php?rest_route=%2Fwp%2Fv2%2Fmedia&parent=11846"}],"wp:term":[{"taxonomy":"category","embeddable":true,"href":"http:\/\/www.korhanyilmaz.com\/index.php?rest_route=%2Fwp%2Fv2%2Fcategories&post=11846"},{"taxonomy":"post_tag","embeddable":true,"href":"http:\/\/www.korhanyilmaz.com\/index.php?rest_route=%2Fwp%2Fv2%2Ftags&post=11846"}],"curies":[{"name":"wp","href":"https:\/\/api.w.org\/{rel}","templated":true}]}}