{"id":11841,"date":"2009-07-22T08:13:41","date_gmt":"2009-07-22T05:13:41","guid":{"rendered":"http:\/\/www.korhanyilmaz.com\/?p=11841"},"modified":"2009-07-22T08:13:41","modified_gmt":"2009-07-22T05:13:41","slug":"15-saatlik-hsykden-yine-sonuc-cikmadi","status":"publish","type":"post","link":"http:\/\/www.korhanyilmaz.com\/?p=11841","title":{"rendered":"15 saatlik HSYK&#039;den yine sonu\u00e7 \u00e7\u0131kmad\u0131"},"content":{"rendered":"<p style=\"text-align: center;\"><img loading=\"lazy\" decoding=\"async\" class=\"aligncenter size-full wp-image-11842\" src=\"http:\/\/www.korhanyilmaz.com\/wp-content\/uploads\/2009\/07\/HSYK.jpg\" alt=\"\" width=\"276\" height=\"212\" \/><\/p>\n<p style=\"text-align: justify;\">Hakim ve savc\u0131 atamalar\u0131nda kriz a\u015f\u0131lamad\u0131. G\u00f6zler, g\u00fcn boyu Hakimler ve Savc\u0131lar Y\u00fcksek Kurulu&#8217;ndayd\u0131. Kurulun toplant\u0131s\u0131, gece yar\u0131s\u0131ndan sonra bitti. Kritik toplant\u0131da, bin 332 hakim ve savc\u0131n\u0131n atamas\u0131 yap\u0131ld\u0131. Kurul, i\u00e7inde Ergenekon savc\u0131lar\u0131n\u0131n da bulundu\u011fu uzla\u015f\u0131lamayan isimler i\u00e7in yar\u0131n g\u00f6r\u00fc\u015fmelere devam edecek.<\/p>\n<p style=\"text-align: justify;\">Yakla\u015f\u0131k bin 500 hakim ve savc\u0131, g\u00fcnlerdir yeni g\u00f6rev yerlerini \u00f6\u011frenmeyi bekliyordu.<\/p>\n<p style=\"text-align: justify;\">HSYK&#8217;n\u0131n yaz kararnamesi ile ilgili d\u00fcn sabah 10.00&#8217;da ba\u015flayan toplant\u0131s\u0131 15 saat s\u00fcrd\u00fc.<\/p>\n<p style=\"text-align: justify;\">Adalet Bakan\u0131 Sadullah Ergin ile Bakanl\u0131k M\u00fcste\u015far\u0131 Ahmet Kahraman da g\u00f6r\u00fc\u015fme maratonunun 10 saatinde kurul toplant\u0131s\u0131ndayd\u0131.<\/p>\n<p style=\"text-align: justify;\">Toplant\u0131 sonras\u0131 a\u00e7\u0131klama, Adalet Bakan\u0131 Sadullah Ergin&#8217;den geldi. Bakan Ergin, bin 332 hakim ve savc\u0131n\u0131n atama kararnamesini imzaland\u0131\u011f\u0131n\u0131 a\u00e7\u0131klad\u0131. <!--more--><\/p>\n<p style=\"text-align: justify;\">De\u011fi\u015fikliklerin b\u00fcy\u00fck b\u00f6l\u00fcm\u00fc &#8220;bulundu\u011fu b\u00f6lgede g\u00f6rev s\u00fcresini tamamlama&#8221;, &#8220;mazeret&#8221; ve &#8220;istek&#8221; nedeniyle ger\u00e7ekle\u015ftirildi. Kurul, disiplin nedeniyle de baz\u0131 hakim ve savc\u0131lar\u0131n g\u00f6rev yerlerini de\u011fi\u015ftirdi.<\/p>\n<p style=\"text-align: justify;\">Ancak g\u00fcnlerdir kamuoyunu me\u015fgul eden ve HSYK \u00fcyeleriyle h\u00fck\u00fcmeti temsil eden Adalet Bakan\u0131 ve Adalet Bakanl\u0131\u011f\u0131 M\u00fcste\u015far\u0131 aras\u0131nda ya\u015fanan kriz a\u015f\u0131lamad\u0131.<\/p>\n<p style=\"text-align: justify;\">Tart\u0131\u015fma asl\u0131nda aralar\u0131nda Ergenekon savc\u0131lar\u0131n\u0131n du bulundu\u011fu Cumhuriyet Ba\u015fsavc\u0131lar\u0131, \u00f6zel yetkili Cumhuriyet savc\u0131lar\u0131 ve A\u011f\u0131r Ceza Mahkemesi ba\u015fkan ve hakim \u00fcyelerinin atamalar\u0131nda yo\u011funla\u015fm\u0131\u015ft\u0131.<\/p>\n<p style=\"text-align: justify;\">Bakan Ergin, &#8220;G\u00f6r\u00fc\u015fmelere devam edilecek&#8221; dedi.<\/p>\n<p style=\"text-align: justify;\">Krize nerden olan hakim ve savc\u0131 atamalar\u0131, yar\u0131n yeniden ba\u015flayacak olan g\u00f6r\u00fc\u015fme maratonunda belirlenecek.<\/p>\n<p style=\"text-align: justify;\">\u00c7ocuklar\u0131 SBS&#8217;ye giren ancak g\u00f6rev yeri belli olmayan hakim ve savc\u0131 ailelerinin ma\u011fduriyetini giderebilmek i\u00e7in SBS&#8217;de tercih s\u00fcresi 23 Temmuz&#8217;a uzat\u0131lm\u0131\u015ft\u0131.<\/p>\n<p style=\"text-align: justify;\">Bakan Ergin, bin 332 atama ile ilgili bu s\u0131k\u0131nt\u0131n\u0131n b\u00fcy\u00fck b\u00f6l\u00fcm\u00fcn\u00fcn bitti\u011fini s\u00f6yledi. Bu arada, Yaz kararnamesi Hakimler ve Savc\u0131lar Y\u00fcksek Kurulu&#8217;nun internet sitesinde yay\u0131nland\u0131.<\/p>\n<p style=\"text-align: justify;\"><span style=\"color: #888888;\"><em>CNN T\u00dcRK<\/em><\/span><\/p>\n","protected":false},"excerpt":{"rendered":"<p style=\"text-align: center;\">\n<p style=\"text-align: justify;\">Hakim ve savc\u0131 atamalar\u0131nda kriz a\u015f\u0131lamad\u0131. G\u00f6zler, g\u00fcn boyu Hakimler ve Savc\u0131lar Y\u00fcksek Kurulu&#8217;ndayd\u0131. Kurulun toplant\u0131s\u0131, gece yar\u0131s\u0131ndan sonra bitti. Kritik toplant\u0131da, bin 332 hakim ve savc\u0131n\u0131n atamas\u0131 yap\u0131ld\u0131. Kurul, i\u00e7inde Ergenekon savc\u0131lar\u0131n\u0131n da bulundu\u011fu uzla\u015f\u0131lamayan isimler i\u00e7in yar\u0131n g\u00f6r\u00fc\u015fmelere devam edecek.<\/p>\n<p style=\"text-align: justify;\">Yakla\u015f\u0131k bin 500 hakim ve savc\u0131, <\/p>\n","protected":false},"author":1,"featured_media":0,"comment_status":"open","ping_status":"closed","sticky":false,"template":"","format":"standard","meta":{"footnotes":""},"categories":[105],"tags":[],"class_list":["post-11841","post","type-post","status-publish","format-standard","hentry","category-gundem","odd"],"_links":{"self":[{"href":"http:\/\/www.korhanyilmaz.com\/index.php?rest_route=\/wp\/v2\/posts\/11841","targetHints":{"allow":["GET"]}}],"collection":[{"href":"http:\/\/www.korhanyilmaz.com\/index.php?rest_route=\/wp\/v2\/posts"}],"about":[{"href":"http:\/\/www.korhanyilmaz.com\/index.php?rest_route=\/wp\/v2\/types\/post"}],"author":[{"embeddable":true,"href":"http:\/\/www.korhanyilmaz.com\/index.php?rest_route=\/wp\/v2\/users\/1"}],"replies":[{"embeddable":true,"href":"http:\/\/www.korhanyilmaz.com\/index.php?rest_route=%2Fwp%2Fv2%2Fcomments&post=11841"}],"version-history":[{"count":0,"href":"http:\/\/www.korhanyilmaz.com\/index.php?rest_route=\/wp\/v2\/posts\/11841\/revisions"}],"wp:attachment":[{"href":"http:\/\/www.korhanyilmaz.com\/index.php?rest_route=%2Fwp%2Fv2%2Fmedia&parent=11841"}],"wp:term":[{"taxonomy":"category","embeddable":true,"href":"http:\/\/www.korhanyilmaz.com\/index.php?rest_route=%2Fwp%2Fv2%2Fcategories&post=11841"},{"taxonomy":"post_tag","embeddable":true,"href":"http:\/\/www.korhanyilmaz.com\/index.php?rest_route=%2Fwp%2Fv2%2Ftags&post=11841"}],"curies":[{"name":"wp","href":"https:\/\/api.w.org\/{rel}","templated":true}]}}