{"id":11834,"date":"2009-07-21T21:38:42","date_gmt":"2009-07-21T18:38:42","guid":{"rendered":"http:\/\/www.korhanyilmaz.com\/?p=11834"},"modified":"2009-07-21T21:38:42","modified_gmt":"2009-07-21T18:38:42","slug":"11834","status":"publish","type":"post","link":"http:\/\/www.korhanyilmaz.com\/?p=11834","title":{"rendered":"Giresun&#039;da her taraf su alt\u0131nda"},"content":{"rendered":"<p><img loading=\"lazy\" decoding=\"async\" class=\"aligncenter size-full wp-image-11835\" src=\"http:\/\/www.korhanyilmaz.com\/wp-content\/uploads\/2009\/07\/sel.jpg\" alt=\"\" width=\"292\" height=\"193\" \/><\/p>\n<p style=\"text-align: justify;\">Giresun&#8217;da sabah saat 04.00 s\u0131ralar\u0131nda ba\u015flayan sa\u011fanak ya\u011f\u0131\u015f nedeniyle il merkezinden ge\u00e7en Karadeniz Sahil Yolu ula\u015f\u0131ma kapat\u0131ld\u0131. Ta\u015fk\u0131nlar sonucunda y\u00fczlerce konut ve otomobil sular alt\u0131nda kald\u0131. Sel ve su bask\u0131nlar\u0131nda mahsur kalan 11 ki\u015finin kurtar\u0131ld\u0131\u011f\u0131 bildirildi.<\/p>\n<p style=\"text-align: justify;\">Sabah saatlerinde ba\u015flayan ya\u011f\u0131\u015flarda 4 saat i\u00e7inde il merkezinde metrekareye 132.2 kilogram ya\u011f\u0131\u015f d\u00fc\u015ft\u00fc. Toplamda 100 kilogram ve \u00fczeri ya\u011f\u0131\u015flar &#8220;a\u015f\u0131r\u0131 ya\u011f\u0131\u015f&#8221; olarak nitelendiriliyor. Yetkililer, ya\u011f\u0131\u015flar\u0131n g\u00fcn i\u00e7inde ve yar\u0131n ayn\u0131 \u015fekilde devam edece\u011fini \u00f6ng\u00f6r\u00fcyor.<\/p>\n<p style=\"text-align: justify;\">Giresun Valili\u011fi, ilk tespitlere g\u00f6re, kentte ve Bulancak il\u00e7esinde ya\u011f\u0131\u015f nedeniyle 462 konut, 6 resmi kurum, 179 i\u015f yeri ve 103 arac\u0131n zarar g\u00f6rd\u00fc\u011f\u00fcn\u00fc bildirdi.<!--more--><\/p>\n<p style=\"text-align: justify;\">Giresun Valili\u011finden yap\u0131lan a\u00e7\u0131klamada, b\u00f6lgede bir s\u00fcredir devam eden ya\u011f\u0131\u015flar ve son olarak bug\u00fcn saat 03.00 sular\u0131nda ba\u015flayan \u015fiddetli ya\u011f\u0131\u015f sonucu \u00f6zellikle Giresun merkezde bulunan Kumyal\u0131 ve Teyyared\u00fcz\u00fc mahalleleri ile Bulancak il\u00e7e merkezinin yan\u0131 s\u0131ra Bulancak il\u00e7esi ile Kovanl\u0131k beldesi aras\u0131nda bulunan Pazarsuyu Deresi&#8217;nin akt\u0131\u011f\u0131 vadide ta\u015fk\u0131nlar olu\u015ftu\u011fu belirtildi.<\/p>\n<p style=\"text-align: justify;\">Afet haberinin al\u0131nmas\u0131n\u0131 m\u00fcteakip valilik b\u00fcnyesinde kriz merkezinin faaliyete ge\u00e7irildi\u011fi kaydedilen a\u00e7\u0131klamada \u015f\u00f6yle denildi:<\/p>\n<p style=\"text-align: justify;\">&#8220;Kriz merkezince Giresun Sivil Savunma M\u00fcd\u00fcrl\u00fc\u011f\u00fcnden 2 arama kurtarma arac\u0131 ve 4 arama kurtarma teknisyeni, Bulancak Jandarma Komutanl\u0131\u011f\u0131nca 3 ara\u00e7 ve 15 personel ve Ordu Sivil Savunma M\u00fcd\u00fcrl\u00fc\u011f\u00fcnden 2 ara\u00e7 ve 6 arama kurtar\u0131ma personeli olay mahalline sevk edilmi\u015ftir. Ayr\u0131ca Samsun Sivil Savunma Birlik M\u00fcd\u00fcrl\u00fc\u011f\u00fcnden 2 ara\u00e7 ve 9 arama kurtarma personeli ilimizde haz\u0131r vaziyette bekletilmektedir.&#8221;<\/p>\n<p style=\"text-align: justify;\">Bulancak il\u00e7esi ile Kovanl\u0131k beldesi aras\u0131ndaki kara yolunun ula\u015f\u0131ma kapanmas\u0131 nedeniyle mahsur kalan vatanda\u015flara ula\u015f\u0131lmas\u0131 i\u00e7in Ba\u015fbakanl\u0131k Acil Durum Y\u00f6netimi Genel M\u00fcd\u00fcrl\u00fc\u011f\u00fcnden helikopter talep edildi\u011fi ifade edilen a\u00e7\u0131klamada \u015funlar kaydedildi:<\/p>\n<p style=\"text-align: justify;\">&#8220;K\u0131sa s\u00fcrede \u015fehrimize intikal eden helikopter, Bulancak il\u00e7esi Kovanl\u0131k kara yolu, Alibey k\u00f6y\u00fc mevkisinde bir minib\u00fcste mahsur kalan 8 vatanda\u015f\u0131m\u0131z ile yine ayn\u0131 b\u00f6lgede Ahmetli k\u00f6y\u00fcnde hasta olan 1 vatanda\u015f\u0131m\u0131z ve e\u015fini afet b\u00f6lgesinden alarak Bulancak il\u00e7e merkezine ula\u015ft\u0131rm\u0131\u015ft\u0131r.<\/p>\n<p style=\"text-align: justify;\">Kurtarma \u00e7al\u0131\u015fmalar\u0131 devam ederken hasar tespit \u00e7al\u0131\u015fmalar\u0131na da ba\u015flanm\u0131\u015ft\u0131r. \u0130lk hasar tespit \u00e7al\u0131\u015fmalar\u0131na g\u00f6re, Giresun merkezde 218 konut, 6 resmi kurum, 34 i\u015f yeri ve 53 arac\u0131n selden hasar g\u00f6rd\u00fc\u011f\u00fc tespit edilmi\u015ftir.<\/p>\n<p style=\"text-align: justify;\">Su bask\u0131n\u0131na maruz kalan konut ve i\u015f yerlerindeki su tahliye \u00e7al\u0131\u015fmas\u0131na Giresun Belediyesinden 6 ekip, DS\u0130&#8217;den 4 ekip kat\u0131lmaktad\u0131r. Bulancak il\u00e7esinde, il\u00e7e merkezi dahil 244 konut ile 145 i\u015f yeri ve 50 arac\u0131n sel sular\u0131ndan zarar g\u00f6rd\u00fc\u011f\u00fc, Karadere Mahallesi&#8217;nde 1 evin \u00e7\u00f6kt\u00fc\u011f\u00fc tespit edilmi\u015ftir.&#8221;<\/p>\n<p style=\"text-align: justify;\"><em><strong>Piraziz&#8217;de de zarar var<\/strong><\/em><\/p>\n<p style=\"text-align: justify;\">A\u00e7\u0131klamada, Piraziz il\u00e7esinde ise Bozat-Ak\u00e7ay yolu, Baykara ve Dereg\u00f6z\u00fc mahalleleri ve \u015eerefli k\u00f6y\u00fc ile \u00c7ay\u0131rl\u0131 k\u00f6y\u00fc aras\u0131nda heyelan meydana geldi\u011fi, Bal\u0131k\u00e7\u0131, G\u00fcney ve \u015eerefli k\u00f6ylerinin menfezlerinin tahrip oldu\u011funun tespit edildi\u011fi kaydedildi.<\/p>\n<p style=\"text-align: justify;\">Konuyla ilgili b\u00f6lgede Bay\u0131nd\u0131rl\u0131k ve \u0130skan \u0130l M\u00fcd\u00fcrl\u00fc\u011f\u00fc, DS\u0130, Karayollar\u0131 ile \u00d6zel \u0130dare ekiplerince hasar tespit \u00e7al\u0131\u015fmalar\u0131n\u0131n s\u00fcrd\u00fcr\u00fcld\u00fc\u011f\u00fc belirtilen a\u00e7\u0131klamada, &#8220;\u0130l merkezinde 19 Eyl\u00fcl \u0130lk\u00f6\u011fretim Okulunda, Bulancak il\u00e7esinde ise Cumhuriyet \u0130lk\u00f6\u011fretim Okulunda ihtiya\u00e7 halinde afetzedelere vatanda\u015flar i\u00e7in a\u015fevi haz\u0131rlanm\u0131\u015ft\u0131r. Ayr\u0131ca, K\u0131z\u0131lay Genel Ba\u015fkanl\u0131\u011f\u0131nca Ankara, Erzurum ve Trabzon b\u00f6lge m\u00fcd\u00fcrl\u00fcklerinden malzeme yard\u0131m\u0131 yola \u00e7\u0131kar\u0131lm\u0131\u015ft\u0131r&#8221; denildi.<\/p>\n<p style=\"text-align: justify;\">Giresun Valili\u011fi, ilk etapta 7 milyon lira yard\u0131m \u00f6dene\u011fi talebinde bulundu. Afet \u0130\u015fleri Genel M\u00fcd\u00fcrl\u00fc\u011f\u00fc yetkilisi, \u0130ller Bankas\u0131 B\u00f6lge M\u00fcd\u00fcrl\u00fc\u011f\u00fc ile Karayollar\u0131 B\u00f6lge M\u00fcd\u00fcrl\u00fc\u011f\u00fc elemanlar\u0131n\u0131n altyap\u0131 hasar\u0131n\u0131n tespiti i\u00e7in b\u00f6lgede \u00e7al\u0131\u015fmalar\u0131n\u0131 s\u00fcrd\u00fcrd\u00fc\u011f\u00fcn\u00fc belirterek, hasar tespitine y\u00f6nelik net tablonun yar\u0131n ortaya konaca\u011f\u0131n\u0131 kaydetti.<\/p>\n<p style=\"text-align: justify;\">Yetkili, s\u00f6z konusu \u00f6denek talebinin de bu tabloya g\u00f6re de\u011ferlendirilece\u011fini ve miktar\u0131n karara ba\u011flanaca\u011f\u0131n\u0131 s\u00f6yledi.<\/p>\n<p style=\"text-align: justify;\">Soru \u00fczerine yetkili, b\u00f6lgedeki vatanda\u015flar\u0131n \u015fu anda kalacak yerle ilgili s\u0131k\u0131nt\u0131s\u0131 bulunmad\u0131\u011f\u0131n\u0131 ifade ederek, hasar\u0131n giderilmesine y\u00f6nelik at\u0131lacak ad\u0131mlar\u0131n, 1-2 g\u00fcn i\u00e7inde hasar t\u00fcm\u00fcyle anla\u015f\u0131ld\u0131ktan sonra belli olaca\u011f\u0131n\u0131 kaydetti.<\/p>\n<p style=\"text-align: justify;\"><strong><em>11 ki\u015fi kurtar\u0131ld\u0131<\/em><\/strong><\/p>\n<p style=\"text-align: justify;\">Ba\u015fbakanl\u0131k T\u00fcrkiye Acil Durum Y\u00f6netimi Genel M\u00fcd\u00fcrl\u00fc\u011f\u00fc&#8217;nden yap\u0131lan a\u00e7\u0131klamada, Giresun&#8217;daki sel ve su bask\u0131nlar\u0131nda mahsur kalan 11 ki\u015finin kurtar\u0131ld\u0131\u011f\u0131 bildirildi.<\/p>\n<p style=\"text-align: justify;\">Ba\u015fbakanl\u0131k Bas\u0131n Merkezi&#8217;nin internet sitesinde yer alan bilgiye g\u00f6re, Giresun&#8217;un Bulancak il\u00e7esi Pazarsuyu Mevkiinde mahsur kalan 3 ki\u015fi Jandarma ve Sivil Savunma ekiplerince, Kovanl\u0131k Kasabas\u0131na 30 Kilometre mesafede bir ta\u015f oca\u011f\u0131nda ara\u00e7 i\u00e7erisinde mahsur kalan 8 ki\u015fi ise g\u00f6revlendirilen Genelkurmay Ba\u015fkanl\u0131\u011f\u0131&#8217;na ait kurtarma helikopteri taraf\u0131ndan kurtar\u0131ld\u0131.<\/p>\n<p style=\"text-align: justify;\">Ayr\u0131ca Sivil Savunma&#8217;dan 7 ara\u00e7, 11 motopomp, 20 personel ile 15 ki\u015filik Jandarma ekipleri ve yerel ekiplerce arama-kurtarma \u00e7al\u0131\u015fmalar\u0131 ile su tahliye i\u015flemleri s\u00fcrd\u00fcr\u00fcl\u00fcyor.<\/p>\n<p style=\"text-align: justify;\">Kapanan Bulancak-Kovanl\u0131k yolunu a\u00e7ma \u00e7al\u0131\u015fmalar\u0131 Kara Yollar\u0131 ve K\u00f6y Hizmetleri ekiplerince yap\u0131l\u0131yor.<\/p>\n<p style=\"text-align: justify;\">K\u0131z\u0131lay taraf\u0131ndan, 4 ara\u00e7 ve 9 personel ile 250 adet battaniye, 72 adet mutfak seti, 112 adet hijyen seti, 112 adet g\u0131da kolisi, 100 yatak ve 340 adet i\u00e7me suyundan olu\u015fan yard\u0131m malzemeleri b\u00f6lgeye g\u00f6nderildi.<\/p>\n<p style=\"text-align: justify;\"><strong><em>1 ki\u015fiye ula\u015f\u0131lamad\u0131<\/em><\/strong><\/p>\n<p style=\"text-align: justify;\">Bulancak il\u00e7esinde kaybolan ki\u015fiye hen\u00fcz ula\u015f\u0131lamad\u0131\u011f\u0131 bildirildi.<\/p>\n<p style=\"text-align: justify;\">Bulancak Kaymakam\u0131 Ayhan Durmu\u015f, yapt\u0131\u011f\u0131 a\u00e7\u0131klamada, il\u00e7edeki Pazarsuyu Deresi&#8217;nin Ye\u015filhisar k\u00f6y\u00fcnde evi bulunan Secaattin G\u00fcndo\u011fdu&#8217;nun sabah saatlerinde su ta\u015fk\u0131nlar\u0131n\u0131n ya\u015fanmas\u0131na yol a\u00e7an etkili ya\u011f\u0131\u015f\u0131n ard\u0131ndan kayboldu\u011funu an\u0131msatt\u0131.<\/p>\n<p style=\"text-align: justify;\">\n<p style=\"text-align: justify;\">G\u00fcndo\u011fdu&#8217;nun, evinin yer ald\u0131\u011f\u0131 k\u00f6y\u00fcn sahile da\u011fl\u0131k bir alanda bulundu\u011funu belirten Kaymakam Durmu\u015f, &#8220;Ye\u015filhisar k\u00f6y\u00fc ile bu k\u00f6yde kaybolan vatanda\u015fa hen\u00fcz ula\u015famad\u0131k. Kaybolan vatanda\u015f\u0131n bulunmas\u0131 i\u00e7in \u00e7al\u0131\u015fmalar\u0131m\u0131z s\u00fcr\u00fcyor&#8221; dedi. Kaymakam Durmu\u015f, kendisinin de G\u00fcndo\u011fdu&#8217;nun kayboldu\u011fu k\u00f6ye gitmek i\u00e7in yola \u00e7\u0131kt\u0131\u011f\u0131n\u0131 s\u00f6zlerine ekledi.<\/p>\n<p style=\"text-align: justify;\"><strong><em>Kriz masas\u0131 olu\u015fturuldu<\/em><\/strong><\/p>\n<p style=\"text-align: justify;\">Giresun Valisi Mustafa Yaman da, ya\u011f\u0131\u015ftan etkilenen Giresun ve Bulancak il\u00e7esinde kriz masas\u0131 olu\u015fturduklar\u0131n\u0131, hasar tespit \u00e7al\u0131\u015fmalar\u0131na ba\u015flad\u0131klar\u0131n\u0131 belirtti.<\/p>\n<p style=\"text-align: justify;\">Yaman, en b\u00fcy\u00fck hasar\u0131n Bulancak il\u00e7esinden ge\u00e7en Pazarsuyu Deresi ile Giresun merkezden ge\u00e7en B\u00fcy\u00fck G\u00fcre ve K\u00fc\u00e7\u00fck G\u00fcre derelerinin kenarlar\u0131nda oldu\u011funu ifade ederek, &#8220;Tahmin etti\u011fimiz kadar b\u00fcy\u00fck zarar olu\u015fmad\u0131\u011f\u0131n\u0131 g\u00f6zlemledik. Giresun ve Bulancak il\u00e7esinde kriz masas\u0131 olu\u015fturduk. Hasar tespit \u00e7al\u0131\u015fmalar\u0131na ba\u015flad\u0131k. \u015eu an alan taramas\u0131 yap\u0131yoruz&#8221; diye konu\u015ftu.<\/p>\n<p style=\"text-align: justify;\"><strong><em>En \u00e7ok dar gelirliyi etkiledi<\/em><\/strong><\/p>\n<p style=\"text-align: justify;\">Kerim Aksu, su ta\u015fk\u0131nlar\u0131n\u0131n daha \u00e7ok evlerin alt katlar\u0131nda oturan dar gelirli aileleri etkiledi\u011fini ve bu ailelerin evlerinden tahliye edilmesi \u00e7al\u0131\u015fmalar\u0131n\u0131n s\u00fcrd\u00fc\u011f\u00fcn\u00fc anlatarak, &#8220;Su basan evleri tahliye ediyoruz. Tahliye olan evlerimizde, alt katlarda ya\u015fayan daha \u00e7ok dar gelirli insanlar\u0131m\u0131z oturuyor. En b\u00fcy\u00fck s\u0131k\u0131nt\u0131y\u0131 \u00e7ekenler de onlar&#8221; \u015feklinde konu\u015ftu.<\/p>\n<p style=\"text-align: justify;\">Kentte meydana gelen maddi zarara ili\u015fkin rakam vermenin zor oldu\u011funu vurgulayan Aksu, &#8220;Maddi zarar\u0131 Belediyemizin tek ba\u015f\u0131na kar\u015f\u0131lamas\u0131 m\u00fcmk\u00fcn de\u011fil, Afet \u0130\u015fleri Genel M\u00fcd\u00fcrl\u00fc\u011f\u00fc ile g\u00f6r\u00fc\u015ft\u00fcm. Bu konuda devletimiz bize mutlaka yard\u0131mc\u0131 olacakt\u0131r. \u00d6nemli olan can kayb\u0131n\u0131n ya\u015fanmamas\u0131&#8221; dedi.<\/p>\n<p style=\"text-align: justify;\"><img loading=\"lazy\" decoding=\"async\" class=\"aligncenter size-full wp-image-11836\" src=\"http:\/\/www.korhanyilmaz.com\/wp-content\/uploads\/2009\/07\/SEL2.jpg\" alt=\"\" width=\"580\" height=\"300\" \/><\/p>\n<p style=\"text-align: justify;\"><strong><em>&#8220;Karayolu m\u00fchendislik facias\u0131&#8221;<br \/>\n<\/em><\/strong>\n<\/p>\n<p style=\"text-align: justify;\">Aksu, ya\u011f\u0131\u015f y\u00fcz\u00fcnden kapanan sahil yoluna ili\u015fkin bir soru \u00fczerine, &#8220;Karayollar\u0131 ba\u015fl\u0131 ba\u015f\u0131na bir faciad\u0131r. Ben karayollar\u0131n\u0131n kentten bu \u015fekilde ge\u00e7mesine ba\u015ftan beri kar\u015f\u0131yd\u0131m. Giresun&#8217;daki karayolu, giri\u015fiyle, \u00e7\u0131k\u0131\u015f\u0131yla bir m\u00fchendislik facias\u0131d\u0131r. Bu, su ta\u015fk\u0131n\u0131 felaketinden ayr\u0131 bir konu, ama y\u00fczlerce m\u00fchendis getirin bir tanesi &#8216;bu yol d\u00fczg\u00fcn olmu\u015f&#8217; demez. B\u00f6yle bir yol var burada&#8221; dedi.<\/p>\n<p style=\"text-align: justify;\">Ya\u011f\u0131\u015f y\u00fcz\u00fcnden kapanan Karadeniz Sahil Yolu&#8217;nun yeniden ula\u015f\u0131ma a\u00e7\u0131ld\u0131\u011f\u0131n\u0131 belirten Aksu, deniz seviyesinin alt\u0131nda yap\u0131ld\u0131\u011f\u0131 i\u00e7in sularla dolduklar\u0131 \u00f6ne s\u00fcr\u00fclen alt ge\u00e7itlere ili\u015fkin de &#8220;Deniz kenar\u0131, ya\u011fmur alan b\u00f6lgelerdeki altyap\u0131 ile \u0130\u00e7 Anadolu B\u00f6lgesi farkl\u0131 olur. Bunlar\u0131 iyi analiz etmek, iyi et\u00fct yapmak laz\u0131m. Altyap\u0131y\u0131 yapm\u0131\u015f olmak i\u00e7in i\u015f yapmamak laz\u0131m. Ondan sonra b\u00fcy\u00fck s\u0131k\u0131nt\u0131lar ya\u015fan\u0131yor&#8221; dedi.<\/p>\n<p style=\"text-align: justify;\">Kerim Aksu, \u00e7evre illerden motopomplar istedikleri belirterek, tahliye ve di\u011fer \u00e7al\u0131\u015fmalar\u0131n s\u00fcrd\u00fcr\u00fcld\u00fc\u011f\u00fcn\u00fc aktard\u0131.<\/p>\n<p style=\"text-align: justify;\"><strong><em>Morg su doldu<\/em><\/strong><\/p>\n<p style=\"text-align: justify;\">Dere yata\u011f\u0131 kenar\u0131nda park edilmi\u015f onlarca arac\u0131n denize s\u00fcr\u00fcklenip kayboldu\u011funu aktaran Belediye Ba\u015fkan\u0131, Giresun Devlet Hastanesi&#8217;nin ar\u015fiv ve morg b\u00f6l\u00fcmlerine su doldu\u011funu, ayr\u0131ca banka ve okullar\u0131n giri\u015f katlar\u0131n\u0131n su alt\u0131nda kald\u0131\u011f\u0131n\u0131 belirtti.<\/p>\n<p style=\"text-align: justify;\"><strong><em>Bulancak&#8217;ta ev y\u0131k\u0131ld\u0131 <\/em><\/strong><\/p>\n<p style=\"text-align: justify;\">Bulancak il\u00e7esinde derenin ta\u015fmas\u0131 sonucu 2 katl\u0131 bir ev y\u0131k\u0131ld\u0131, 3 katl\u0131 bir evin giri\u015f kat\u0131nda da hasar olu\u015ftu.<\/p>\n<p style=\"text-align: justify;\"><strong><em>DS\u0130&#8217;den a\u00e7\u0131klama<\/em><\/strong><\/p>\n<p style=\"text-align: justify;\">Devlet Su \u0130\u015fleri (DS\u0130) Genel M\u00fcd\u00fcrl\u00fc\u011f\u00fc, Giresun&#8217;daki sel ve su bask\u0131nlar\u0131nda, &#8220;Ta\u015fk\u0131n koruma tesislerinin hasar g\u00f6rmedi\u011fini, s\u00f6z konusu tesislerin ta\u015fk\u0131nlar\u0131n boyutlar\u0131n\u0131n b\u00fcy\u00fcmesini \u00f6nemli \u00f6l\u00e7\u00fcde engelledi\u011fini&#8221; bildirdi.<\/p>\n<p style=\"text-align: justify;\">DS\u0130&#8217;den yap\u0131lan yaz\u0131l\u0131 a\u00e7\u0131klamada, d\u00fcn gece yar\u0131s\u0131 ba\u015flayan \u015fiddetli ya\u011f\u0131\u015flar\u0131n etkisiyle Giresun Merkez B\u00fcy\u00fckg\u00fcre ve K\u00fc\u00e7\u00fckg\u00fcre derelerinin ta\u015fmas\u0131 sonucu baz\u0131 ev ve i\u015f yerlerini su bast\u0131\u011f\u0131, baz\u0131 ara\u00e7lar\u0131n su alt\u0131nda kald\u0131\u011f\u0131 an\u0131msat\u0131ld\u0131.<\/p>\n<p style=\"text-align: justify;\">Bulancak il\u00e7e merkezindeki Pazarsuyu, Karadere ve \u0130ncevez derelerinde de ta\u015fk\u0131nlar meydana geldi\u011fi belirtilen a\u00e7\u0131klamada, \u015funlar kaydedildi: &#8220;Ta\u015fk\u0131nlarda Genel M\u00fcd\u00fcrl\u00fc\u011f\u00fcm\u00fcze ait herhangi bir ta\u015fk\u0131n koruma tesisi hasar g\u00f6rmemi\u015f olup s\u00f6z konusu tesisler ta\u015fk\u0131nlar\u0131n boyutlar\u0131n\u0131n b\u00fcy\u00fcmesini \u00f6nemli \u00f6l\u00e7\u00fcde engellemi\u015ftir. Ta\u015fk\u0131n olaylar\u0131n\u0131 incelemek \u00fczere bir Genel M\u00fcd\u00fcr Yard\u0131mc\u0131s\u0131 ve bir Daire Ba\u015fkan\u0131 g\u00f6revlendirilmi\u015ftir. Genel M\u00fcd\u00fcrl\u00fc\u011f\u00fcm\u00fcz ara\u00e7 gere\u00e7 ve makine park\u0131 ile imkanlar dahilinde olaylara m\u00fcdahale etmekte ve vatanda\u015flar\u0131m\u0131z\u0131n ma\u011fduriyetini asgariye indirmeye \u00e7al\u0131\u015fmaktad\u0131r.&#8221;<\/p>\n<p style=\"text-align: justify;\"><span style=\"color: #888888;\"><em>CNN T\u00dcRK<\/em><\/span><\/p>\n","protected":false},"excerpt":{"rendered":"<\/p>\n<p style=\"text-align: justify;\">Giresun&#8217;da sabah saat 04.00 s\u0131ralar\u0131nda ba\u015flayan sa\u011fanak ya\u011f\u0131\u015f nedeniyle il merkezinden ge\u00e7en Karadeniz Sahil Yolu ula\u015f\u0131ma kapat\u0131ld\u0131. Ta\u015fk\u0131nlar sonucunda y\u00fczlerce konut ve otomobil sular alt\u0131nda kald\u0131. Sel ve su bask\u0131nlar\u0131nda mahsur kalan 11 ki\u015finin kurtar\u0131ld\u0131\u011f\u0131 bildirildi.<\/p>\n<p style=\"text-align: justify;\">Sabah saatlerinde ba\u015flayan ya\u011f\u0131\u015flarda 4 saat i\u00e7inde il merkezinde metrekareye 132.2 kilogram ya\u011f\u0131\u015f d\u00fc\u015ft\u00fc. <\/p>\n","protected":false},"author":1,"featured_media":0,"comment_status":"open","ping_status":"closed","sticky":false,"template":"","format":"standard","meta":{"footnotes":""},"categories":[105],"tags":[],"class_list":["post-11834","post","type-post","status-publish","format-standard","hentry","category-gundem","odd"],"_links":{"self":[{"href":"http:\/\/www.korhanyilmaz.com\/index.php?rest_route=\/wp\/v2\/posts\/11834","targetHints":{"allow":["GET"]}}],"collection":[{"href":"http:\/\/www.korhanyilmaz.com\/index.php?rest_route=\/wp\/v2\/posts"}],"about":[{"href":"http:\/\/www.korhanyilmaz.com\/index.php?rest_route=\/wp\/v2\/types\/post"}],"author":[{"embeddable":true,"href":"http:\/\/www.korhanyilmaz.com\/index.php?rest_route=\/wp\/v2\/users\/1"}],"replies":[{"embeddable":true,"href":"http:\/\/www.korhanyilmaz.com\/index.php?rest_route=%2Fwp%2Fv2%2Fcomments&post=11834"}],"version-history":[{"count":0,"href":"http:\/\/www.korhanyilmaz.com\/index.php?rest_route=\/wp\/v2\/posts\/11834\/revisions"}],"wp:attachment":[{"href":"http:\/\/www.korhanyilmaz.com\/index.php?rest_route=%2Fwp%2Fv2%2Fmedia&parent=11834"}],"wp:term":[{"taxonomy":"category","embeddable":true,"href":"http:\/\/www.korhanyilmaz.com\/index.php?rest_route=%2Fwp%2Fv2%2Fcategories&post=11834"},{"taxonomy":"post_tag","embeddable":true,"href":"http:\/\/www.korhanyilmaz.com\/index.php?rest_route=%2Fwp%2Fv2%2Ftags&post=11834"}],"curies":[{"name":"wp","href":"https:\/\/api.w.org\/{rel}","templated":true}]}}