{"id":11830,"date":"2009-07-21T16:43:46","date_gmt":"2009-07-21T13:43:46","guid":{"rendered":"http:\/\/www.korhanyilmaz.com\/?p=11830"},"modified":"2009-07-21T16:43:46","modified_gmt":"2009-07-21T13:43:46","slug":"akpde-nefesler-tutuldu","status":"publish","type":"post","link":"http:\/\/www.korhanyilmaz.com\/?p=11830","title":{"rendered":"AKP&#039;de nefesler tutuldu"},"content":{"rendered":"<p><img loading=\"lazy\" decoding=\"async\" class=\"aligncenter size-full wp-image-11831\" src=\"http:\/\/www.korhanyilmaz.com\/wp-content\/uploads\/2009\/07\/SAH\u0130N.jpg\" alt=\"\" width=\"292\" height=\"214\" \/><\/p>\n<p style=\"text-align: justify;\">AKP i\u00e7inde Meclis ba\u015fkanl\u0131\u011f\u0131 yar\u0131\u015f\u0131 i\u00e7in ibre Mehmet Ali \u015eahin ile Ahmet \u0130yimaya&#8217;dan yana. Ba\u015fbakan Recep Tayyip Erdo\u011fan, d\u00fcn Merkez Karar Y\u00f6netim Kurulu \u00fcyelerinin \u00f6nerilerini \u00f6\u011frendi, cuma g\u00fcn\u00fc ise milletvekillerini dinleyecek ve bir karar verecek. AKP kulislerinde, Erdo\u011fan&#8217;\u0131n K\u00f6ksal Toptan&#8217;\u0131 bir kez daha aday g\u00f6stermeyece\u011fi konu\u015fuluyor.<\/p>\n<p style=\"text-align: justify;\">AKP&#8217;de nefesler tutuldu. Yar\u0131\u015f, a\u011fustosun ilk haftas\u0131nda yap\u0131lacak Meclis ba\u015fkanl\u0131\u011f\u0131 i\u00e7in. AKP kulislerinde bir\u00e7ok isim \u00fczerinde duruluyor. Eski Adalet Bakan\u0131 Mehmet Ali \u015eahin, Adalet Komisyonu Ba\u015fkan\u0131 Ahmet \u0130yimaya, eski grup Ba\u015fkanvekili Salih Kapusuz ve Anayasa Komisyonu Ba\u015fkan\u0131 Burhan Kuzu.<\/p>\n<p style=\"text-align: justify;\">Ba\u015fbakan, AKP ad\u0131na hangisi i\u00e7in aday olsun diyecek belli de\u011fil, hemen hemen hepsi ile g\u00f6r\u00fc\u015ft\u00fc. Ard\u0131ndan partisinin Merkez Karar Y\u00f6netim Kurulu&#8217;nu toplad\u0131. Bir de onlar\u0131 dinledi; \u00f6nerilerini bir ka\u011f\u0131da yaz\u0131p kendisine vermesini istedi; &#8220;sadece ba\u015fkan aday\u0131 de\u011fil, grup ba\u015fkanvekilli\u011fi i\u00e7in de ba\u015fbakan isim \u00f6nerin, bunlardan birinin kad\u0131n olmas\u0131 da uygun olur&#8221; dedi. <!--more--><\/p>\n<p style=\"text-align: justify;\">Ba\u015fbakan kapal\u0131 zarflarda kendisine verilen isimleri de\u011ferlendiriyor, cuma g\u00fcn\u00fc de milletvekillerini dinleyecek ve onlardan da \u00f6neri alacak.<\/p>\n<p style=\"text-align: justify;\">CNN T\u00dcRK&#8217;\u00fcn edindi\u011fi bilgilere g\u00f6re, AKP se\u00e7imde mevcut Meclis Ba\u015fkan\u0131Toptan&#8217;\u0131 aday g\u00f6stermemeyi planl\u0131yor. Kulislerde, Toptan&#8217;\u0131n yerine \u015eahin ve \u0130yimaya&#8217;n\u0131n isimleri \u00f6ne \u00e7\u0131k\u0131yor.<\/p>\n<p style=\"text-align: justify;\">Muhalefet cephesi de hareketli. Milliyet gazetesine konu\u015fan CHP lideri Deniz Baykal, aday \u00e7\u0131karacaklar\u0131n\u0131 s\u00f6yledi. Ama sonraki turlarda, Toptan&#8217;\u0131n aday g\u00f6sterilmesi halinde destek verebileceklerinin sinyalini verdi. CHP genel merkezinde ise, AKP i\u00e7indeki yar\u0131\u015f\u0131 Mustafa \u00d6zy\u00fcrek de\u011ferlendirdi.<\/p>\n<p style=\"text-align: justify;\">MHP&#8217;nin de ilk turlarda kendi aday\u0131n\u0131 \u00e7\u0131karmas\u0131 bekleniyor. Tunca Toskay&#8217;\u0131n MHP&#8217;nin meclis ba\u015fkan\u0131 aday\u0131 olabilece\u011fi ifade ediliyor.<\/p>\n<p style=\"text-align: justify;\">Adaylar ba\u015fvurular\u0131n\u0131 30 Temmuz&#8217;dan 3 A\u011fustos gece 24. 00&#8217;e kadar yapabilecek ve 4 A\u011fustos&#8217;ta Meclis se\u00e7im i\u00e7in toplanacak.<\/p>\n<p style=\"text-align: justify;\"><span style=\"color: #888888;\"><em>CNN T\u00dcRK<\/em><\/span><\/p>\n","protected":false},"excerpt":{"rendered":"<\/p>\n<p style=\"text-align: justify;\">AKP i\u00e7inde Meclis ba\u015fkanl\u0131\u011f\u0131 yar\u0131\u015f\u0131 i\u00e7in ibre Mehmet Ali \u015eahin ile Ahmet \u0130yimaya&#8217;dan yana. Ba\u015fbakan Recep Tayyip Erdo\u011fan, d\u00fcn Merkez Karar Y\u00f6netim Kurulu \u00fcyelerinin \u00f6nerilerini \u00f6\u011frendi, cuma g\u00fcn\u00fc ise milletvekillerini dinleyecek ve bir karar verecek. AKP kulislerinde, Erdo\u011fan&#8217;\u0131n K\u00f6ksal Toptan&#8217;\u0131 bir kez daha aday g\u00f6stermeyece\u011fi konu\u015fuluyor.<\/p>\n<p style=\"text-align: justify;\">AKP&#8217;de nefesler tutuldu. Yar\u0131\u015f, <\/p>\n","protected":false},"author":1,"featured_media":0,"comment_status":"open","ping_status":"closed","sticky":false,"template":"","format":"standard","meta":{"footnotes":""},"categories":[105],"tags":[],"class_list":["post-11830","post","type-post","status-publish","format-standard","hentry","category-gundem","odd"],"_links":{"self":[{"href":"http:\/\/www.korhanyilmaz.com\/index.php?rest_route=\/wp\/v2\/posts\/11830","targetHints":{"allow":["GET"]}}],"collection":[{"href":"http:\/\/www.korhanyilmaz.com\/index.php?rest_route=\/wp\/v2\/posts"}],"about":[{"href":"http:\/\/www.korhanyilmaz.com\/index.php?rest_route=\/wp\/v2\/types\/post"}],"author":[{"embeddable":true,"href":"http:\/\/www.korhanyilmaz.com\/index.php?rest_route=\/wp\/v2\/users\/1"}],"replies":[{"embeddable":true,"href":"http:\/\/www.korhanyilmaz.com\/index.php?rest_route=%2Fwp%2Fv2%2Fcomments&post=11830"}],"version-history":[{"count":0,"href":"http:\/\/www.korhanyilmaz.com\/index.php?rest_route=\/wp\/v2\/posts\/11830\/revisions"}],"wp:attachment":[{"href":"http:\/\/www.korhanyilmaz.com\/index.php?rest_route=%2Fwp%2Fv2%2Fmedia&parent=11830"}],"wp:term":[{"taxonomy":"category","embeddable":true,"href":"http:\/\/www.korhanyilmaz.com\/index.php?rest_route=%2Fwp%2Fv2%2Fcategories&post=11830"},{"taxonomy":"post_tag","embeddable":true,"href":"http:\/\/www.korhanyilmaz.com\/index.php?rest_route=%2Fwp%2Fv2%2Ftags&post=11830"}],"curies":[{"name":"wp","href":"https:\/\/api.w.org\/{rel}","templated":true}]}}